{"id":35628,"date":"2021-06-10T12:59:33","date_gmt":"2021-06-10T11:59:33","guid":{"rendered":"https:\/\/www.entroncamentoonline.pt\/portal\/?p=35628"},"modified":"2021-06-10T12:59:33","modified_gmt":"2021-06-10T11:59:33","slug":"feira-nacional-de-agricultura-abriu-portas-ministra-da-agricultura-e-ministro-da-economia-no-1o-dia-de-feira","status":"publish","type":"post","link":"https:\/\/www.entroncamentoonline.pt\/portal\/feira-nacional-de-agricultura-abriu-portas-ministra-da-agricultura-e-ministro-da-economia-no-1o-dia-de-feira\/","title":{"rendered":"Feira Nacional de Agricultura abriu portas |\u00a0Ministra da Agricultura e Ministro da Economia no 1\u00ba dia de feira"},"content":{"rendered":"<p>A Feira Nacional de Agricultura \/ Feira do Ribatejo, que tem como tema a \u00e1gua, abriu hoje portas e decorre at\u00e9 ao pr\u00f3ximo domingo, 13 de junho, no Centro Nacional de Exposi\u00e7\u00f5es, em Santar\u00e9m.<\/p>\n<p>A cerim\u00f3nia de inaugura\u00e7\u00e3o contou com a presen\u00e7a do Ministro de Estado, da Economia e da Transi\u00e7\u00e3o Digital, Pedro Siza Vieira e da Ministra da Agricultura, Maria do C\u00e9u Antunes.<\/p>\n<p>\u00c0 margem da visita ao evento, a respons\u00e1vel da pasta da Agricultura afirmou que Portugal, que preside ao Concelho da Uni\u00e3o Europeia at\u00e9 final de junho, ter\u00e1 nos pr\u00f3ximos 7 anos 9.400 milh\u00f5es de euros para tornar a agricultura portuguesa mais competitiva, mas tamb\u00e9m mais eficiente nos seus recursos nomeadamente na \u201crenova\u00e7\u00e3o de maquinaria, na utiliza\u00e7\u00e3o eficiente de \u00e1gua e na transi\u00e7\u00e3o tecnol\u00f3gica e digital. Queremos garantir uma utiliza\u00e7\u00e3o de meios mais eficaz e disponibilizar o que \u00e9 necess\u00e1rio de acordo com cada processo.\u201d<\/p>\n<p>Quanto \u00e0 reforma da PAC, \u201cPortugal vai tentar concluir as negocia\u00e7\u00f5es ainda neste semestre\u201d, concluiu.<\/p>\n<p>O detentor da pasta de Economia, real\u00e7ou o desempenho da agricultura portuguesa no \u00faltimo ano em tempos de pandemia e considerou o sector indispens\u00e1vel, nomeadamente pela forma como exporta para todo o mundo.<\/p>\n<p>Para o respons\u00e1vel pol\u00edtico, a realiza\u00e7\u00e3o da Feira Nacional de Agricultura \u00e9 um exemplo na retoma da atividade econ\u00f3mica, este ano tamb\u00e9m com uma plataforma digital, que permite multiplicar contactos e chegar a todo o pa\u00eds.<strong>\u00a0<\/strong><\/p>\n<p><strong>Conversas de Agricultura<\/strong><strong>\u00a0<\/strong><\/p>\n<p>O 1\u00ba dia de feira tamb\u00e9m ficou marcado por v\u00e1rios debates.<\/p>\n<p>No Semin\u00e1rio \u201cA Import\u00e2ncia da \u00c1gua na Agricultura\u201d apresentou-se \u201cO Uso da \u00c1gua em Portugal\u201d, estudo realizado pela Funda\u00e7\u00e3o Calouste Gulbenkian, a \u201cEstrat\u00e9gia Nacional para o Regadio\u201d, assim como o \u201cPotencial de Desenvolvimento para um Regadio Eficiente\u201d.<\/p>\n<p>No debate dedicado aos Jovens Agricultores, destacaram-se temas como a \u201cComunica\u00e7\u00e3o do Sector Agr\u00edcola\u201d, as \u201cEnergias Renov\u00e1veis\u201d e a sua \u201cEfici\u00eancia e Sustentabilidade\u201d.<\/p>\n<p>Na \u201cSess\u00e3o de Esclarecimento com a Autoridade para as Condi\u00e7\u00f5es de Trabalho\u201d alertou-se para a Preven\u00e7\u00e3o da Covid 19 em Explora\u00e7\u00f5es Agr\u00edcolas e Forma\u00e7\u00e3o Obrigat\u00f3ria para a condu\u00e7\u00e3o de tratores.<\/p>\n<p>\u201cInova\u00e7\u00e3o \u2013 Que desafios para o sector agroflorestal nacional\u201d (Org. Centro de Compet\u00eancias), \u201cQuadro Comunit\u00e1rio de Apoio \u2013 Recursos Gen\u00e9ticos Animais\u201d (Org. Sprega), \u201cImunocastra\u00e7\u00e3o em su\u00ednos\u201d (Org. Empreende Vinhais) e o \u201cLan\u00e7amento do Projeto NETA\u201d (Org. Entogreen), foram outras mat\u00e9rias em debate.<\/p>\n<p>Ao final da tarde, Rui Rio, Presidente do PSD, visitou o evento e tomou conta da realidade de v\u00e1rias empresas e institui\u00e7\u00f5es que exp\u00f5em na FNA21.<\/p>\n<p>Amanh\u00e3, dia feriado, os Concursos Pecu\u00e1rios est\u00e3o na ordem do dia com realce para o 10\u00ba Concurso Nacional da \u00c9gua Afilhada da Ra\u00e7a Lusitana, o 27\u00ba Concurso Nacional Oficial das Coudelarias Portuguesas e o Open Horse Ball.<\/p>\n<p>O Concurso Geral de Jovens Reprodutores Ovinos P3, Jovens Reprodutores Ile de France e as Provas Morfo-Funcionais de Aptid\u00e3o Toureio complementam o programa.<\/p>\n<p><strong>Hor\u00e1rios<\/strong><strong><br \/>\n<\/strong><strong><br \/>\n<\/strong><strong><u>9 a 12 junho<\/u><\/strong><br \/>\n<strong>Nave A \u201cPrazer de Provar\u201d:<\/strong>\u00a010h00 \u2013 22h30<br \/>\n<strong>Nave B:<\/strong>\u00a010h00 \u2013 22h30<br \/>\n<strong>Nave C:<\/strong>\u00a010h00 \u2013 22h30<br \/>\n<strong>Zona Exterior \/ Maquinaria Agr\u00edcola:<\/strong>\u00a010h00 \u2013 21h00<br \/>\n<strong>Encerramento Feira:<\/strong>\u00a010h00 \u2013 24h00<br \/>\nA entrada no recinto \u00e9 efetuada at\u00e9 \u00e0s 21h30<br \/>\n<strong><u>13 junho<\/u><\/strong><strong><u><br \/>\n<\/u>Todo o recinto:<\/strong>\u00a010h00 \u2013 20h00<br \/>\nA entrada no recinto \u00e9 efetuada at\u00e9 \u00e0s 19h00<br \/>\n<u>Os hor\u00e1rios podem ser alterados por motivos imprevistos<\/u><\/p>\n<p><strong>Entradas<\/strong><strong><br \/>\n<\/strong><strong>Bilhete Simples:<\/strong>\u00a07,50 \u20ac\u00a0(Permite um a \u00fanica entrada)<br \/>\n<strong>Caderneta de 10 Bilhetes:<\/strong>\u00a050,00 \u20ac (Cada bilhete permite uma \u00fanica entrada. \u00c0 venda at\u00e9 8 junho)<br \/>\n<strong>Livre \u2013 Tr\u00e2nsito:<\/strong>\u00a012,00 \u20ac\u00a0(O Livre \u2013 Tr\u00e2nsito permite visitar a feira a qualquer horas e v\u00e1rias vezes por dia)<br \/>\n<strong>Todos os Dias:<\/strong>\u00a0Entrada gratuita para crian\u00e7as at\u00e9 aos 11 anos (inclusive)<br \/>\n<strong>Parque de Estacionamento Ar Livre:<\/strong>\u00a0Gratuito<br \/>\n<strong>Parque de Estacionamento Coberto:\u00a0<\/strong>5,00 \u20ac dia<br \/>\nBilhetes \u00e0 venda em\u00a0<a href=\"https:\/\/www.ticket.cnema.pt\/WTCNEMA\/main.do\">https:\/\/www.ticket.cnema.pt<\/a>\u00a0 e no local<br \/>\n<u>Lota\u00e7\u00e3o limitada de acordo com as regras sanit\u00e1rias em vigor. A realiza\u00e7\u00e3o do evento presencial decorre de acordo com as indica\u00e7\u00f5es da DGS<\/u><\/p>\n<div class=\"fb-background-color\">\n\t\t\t  <div \n\t\t\t  \tclass = \"fb-comments\" \n\t\t\t  \tdata-href = \"https:\/\/www.entroncamentoonline.pt\/portal\/feira-nacional-de-agricultura-abriu-portas-ministra-da-agricultura-e-ministro-da-economia-no-1o-dia-de-feira\/\"\n\t\t\t  \tdata-numposts = \"10\"\n\t\t\t  \tdata-lazy = \"true\"\n\t\t\t\tdata-colorscheme = \"light\"\n\t\t\t\tdata-order-by = \"social\"\n\t\t\t\tdata-mobile=true>\n\t\t\t  <\/div><\/div>\n\t\t  <style>\n\t\t    .fb-background-color {\n\t\t\t\tbackground:  !important;\n\t\t\t}\n\t\t\t.fb_iframe_widget_fluid_desktop iframe {\n\t\t\t    width: 100% !important;\n\t\t\t}\n\t\t  <\/style>\n\t\t  ","protected":false},"excerpt":{"rendered":"<p>A Feira Nacional de Agricultura \/ Feira do Ribatejo, que tem como tema a \u00e1gua, abriu hoje portas e decorre at\u00e9 ao pr\u00f3ximo domingo, 13 de junho, no Centro Nacional de Exposi\u00e7\u00f5es, em Santar\u00e9m. A cerim\u00f3nia de inaugura\u00e7\u00e3o contou com a presen\u00e7a do Ministro de Estado, da Economia e da Transi\u00e7\u00e3o Digital, Pedro Siza Vieira [&hellip;]<\/p>\n","protected":false},"author":1,"featured_media":35629,"comment_status":"open","ping_status":"closed","sticky":false,"template":"","format":"standard","meta":{"_acf_changed":false,"footnotes":""},"categories":[71],"tags":[],"class_list":{"0":"post-35628","1":"post","2":"type-post","3":"status-publish","4":"format-standard","5":"has-post-thumbnail","7":"category-outras-noticias"},"acf":[],"_links":{"self":[{"href":"https:\/\/www.entroncamentoonline.pt\/portal\/wp-json\/wp\/v2\/posts\/35628","targetHints":{"allow":["GET"]}}],"collection":[{"href":"https:\/\/www.entroncamentoonline.pt\/portal\/wp-json\/wp\/v2\/posts"}],"about":[{"href":"https:\/\/www.entroncamentoonline.pt\/portal\/wp-json\/wp\/v2\/types\/post"}],"author":[{"embeddable":true,"href":"https:\/\/www.entroncamentoonline.pt\/portal\/wp-json\/wp\/v2\/users\/1"}],"replies":[{"embeddable":true,"href":"https:\/\/www.entroncamentoonline.pt\/portal\/wp-json\/wp\/v2\/comments?post=35628"}],"version-history":[{"count":0,"href":"https:\/\/www.entroncamentoonline.pt\/portal\/wp-json\/wp\/v2\/posts\/35628\/revisions"}],"wp:featuredmedia":[{"embeddable":true,"href":"https:\/\/www.entroncamentoonline.pt\/portal\/wp-json\/wp\/v2\/media\/35629"}],"wp:attachment":[{"href":"https:\/\/www.entroncamentoonline.pt\/portal\/wp-json\/wp\/v2\/media?parent=35628"}],"wp:term":[{"taxonomy":"category","embeddable":true,"href":"https:\/\/www.entroncamentoonline.pt\/portal\/wp-json\/wp\/v2\/categories?post=35628"},{"taxonomy":"post_tag","embeddable":true,"href":"https:\/\/www.entroncamentoonline.pt\/portal\/wp-json\/wp\/v2\/tags?post=35628"}],"curies":[{"name":"wp","href":"https:\/\/api.w.org\/{rel}","templated":true}]}}