{"id":35220,"date":"2021-06-01T17:31:06","date_gmt":"2021-06-01T16:31:06","guid":{"rendered":"https:\/\/www.entroncamentoonline.pt\/portal\/?p=35220"},"modified":"2021-06-01T22:35:21","modified_gmt":"2021-06-01T21:35:21","slug":"cpcj-entroncamento-dia-da-crianca-porque-faz-sentido-continuar-a-celebrar","status":"publish","type":"post","link":"https:\/\/www.entroncamentoonline.pt\/portal\/cpcj-entroncamento-dia-da-crianca-porque-faz-sentido-continuar-a-celebrar\/","title":{"rendered":"CPCJ Entroncamento | Dia da Crian\u00e7a \u2013 porque faz sentido continuar a celebrar"},"content":{"rendered":"<p>Dia 1 de junho \u00e9 o Dia da Crian\u00e7a. Data comemorativa escolhida por Portugal para, anualmente, homenagear as nossas Crian\u00e7as.<\/p>\n<p>Com a aprova\u00e7\u00e3o da Declara\u00e7\u00e3o dos Direitos da Crian\u00e7a em 1959 e posteriormente, em 1989, com a Conven\u00e7\u00e3o dos Direitos da Crian\u00e7a (ratificada em Portugal, a 21 de setembro de 1990), esta efem\u00e9ride ganhou maior visibilidade, tendo sido assinalada pela primeira vez em 1950, por iniciativa da Na\u00e7\u00f5es Unidas.<\/p>\n<p>O objetivo era chamar a aten\u00e7\u00e3o para os problemas que as crian\u00e7as, ent\u00e3o, enfrentavam.<\/p>\n<p>Hoje, passados tantos anos, os problemas que as nossas crian\u00e7as enfrentam s\u00e3o semelhantes. Diferentes na \u00e9poca, nas viv\u00eancias, nas fam\u00edlias em que se enquadram, nas escolas que frequentam\u2026 diferentes no seu ser, mas sempre crian\u00e7as.<\/p>\n<p>Vulner\u00e1veis, dependentes, fr\u00e1geis, sujeitos aos perigos de um mundo que se quer saud\u00e1vel, seguro, protetor dos seus interesses e direitos.<\/p>\n<p>As Comiss\u00f5es de Prote\u00e7\u00e3o de Crian\u00e7as e Jovens (CPCJ) surgiram com esse des\u00edgnio: proteger as Crian\u00e7as e Jovens dos perigos que enfrentam e condicionam o seu normal desenvolvimento.<\/p>\n<p><img loading=\"lazy\" decoding=\"async\" class=\"aligncenter size-full wp-image-35222\" src=\"https:\/\/www.entroncamentoonline.pt\/portal\/wp-content\/uploads\/2021\/06\/192821840_1961521503996776_1090313956749076857_n-2.jpg\" alt=\"\" width=\"623\" height=\"400\" \/><\/p>\n<p>Como tal, o Dia da Crian\u00e7a, n\u00e3o poderia passar despercebido e sem uma a\u00e7\u00e3o que nos ajudasse a sensibilizar TODOS para o seu sentido.<\/p>\n<p>Com o prop\u00f3sito de ajudar tamb\u00e9m, as crian\u00e7as, a conhecer os seus direitos, envolvemo-las, atrav\u00e9s do desenho, na constru\u00e7\u00e3o de um livro de f\u00e1cil compreens\u00e3o de alguns dos direitos mais fundamentais.<\/p>\n<p>O desafio lan\u00e7ado j\u00e1 no ano letivo 2018\/2019, a alguns alunos do nosso Agrupamento de Escolas, ganhou agora vida.<\/p>\n<p>E, porque onde h\u00e1 vontade n\u00e3o falta caminho, n\u00e3o estivemos s\u00f3s nesta caminhada.<\/p>\n<p>Com o patroc\u00ednio da C\u00e2mara Municipal do Entroncamento e das Juntas de Freguesia (Nossa Senhora de F\u00e1tima e S. Jo\u00e3o Batista) foi poss\u00edvel concretizar este projeto. A todos o nosso Bem Haja.<\/p>\n<p>A todas as crian\u00e7as do n\u00edvel Pr\u00e9-escolar e do Primeiro Ciclo do Ensino B\u00e1sico de todo o Concelho que receberam o livro: desfrutem, partilhem, estejam atentos. A CPCJ DO Entroncamento agradece. Porque\u2026 tal como escrito nalgumas T-Shirts hoje vestidas por algumas crian\u00e7as, \u201cSer Crian\u00e7a \u00e9 a melhor aventura at\u00e9 agora\u201d.<\/p>\n<p>CPCJ &#8211; Entroncamento<\/p>\n<div class=\"fb-background-color\">\n\t\t\t  <div \n\t\t\t  \tclass = \"fb-comments\" \n\t\t\t  \tdata-href = \"https:\/\/www.entroncamentoonline.pt\/portal\/cpcj-entroncamento-dia-da-crianca-porque-faz-sentido-continuar-a-celebrar\/\"\n\t\t\t  \tdata-numposts = \"10\"\n\t\t\t  \tdata-lazy = \"true\"\n\t\t\t\tdata-colorscheme = \"light\"\n\t\t\t\tdata-order-by = \"social\"\n\t\t\t\tdata-mobile=true>\n\t\t\t  <\/div><\/div>\n\t\t  <style>\n\t\t    .fb-background-color {\n\t\t\t\tbackground:  !important;\n\t\t\t}\n\t\t\t.fb_iframe_widget_fluid_desktop iframe {\n\t\t\t    width: 100% !important;\n\t\t\t}\n\t\t  <\/style>\n\t\t  ","protected":false},"excerpt":{"rendered":"<p>Dia 1 de junho \u00e9 o Dia da Crian\u00e7a. Data comemorativa escolhida por Portugal para, anualmente, homenagear as nossas Crian\u00e7as. Com a aprova\u00e7\u00e3o da Declara\u00e7\u00e3o dos Direitos da Crian\u00e7a em 1959 e posteriormente, em 1989, com a Conven\u00e7\u00e3o dos Direitos da Crian\u00e7a (ratificada em Portugal, a 21 de setembro de 1990), esta efem\u00e9ride ganhou maior [&hellip;]<\/p>\n","protected":false},"author":1,"featured_media":35221,"comment_status":"open","ping_status":"closed","sticky":false,"template":"","format":"standard","meta":{"_acf_changed":false,"footnotes":""},"categories":[26,32,71],"tags":[],"class_list":{"0":"post-35220","1":"post","2":"type-post","3":"status-publish","4":"format-standard","5":"has-post-thumbnail","7":"category-entroncamento","8":"category-noticias","9":"category-outras-noticias"},"acf":[],"_links":{"self":[{"href":"https:\/\/www.entroncamentoonline.pt\/portal\/wp-json\/wp\/v2\/posts\/35220","targetHints":{"allow":["GET"]}}],"collection":[{"href":"https:\/\/www.entroncamentoonline.pt\/portal\/wp-json\/wp\/v2\/posts"}],"about":[{"href":"https:\/\/www.entroncamentoonline.pt\/portal\/wp-json\/wp\/v2\/types\/post"}],"author":[{"embeddable":true,"href":"https:\/\/www.entroncamentoonline.pt\/portal\/wp-json\/wp\/v2\/users\/1"}],"replies":[{"embeddable":true,"href":"https:\/\/www.entroncamentoonline.pt\/portal\/wp-json\/wp\/v2\/comments?post=35220"}],"version-history":[{"count":0,"href":"https:\/\/www.entroncamentoonline.pt\/portal\/wp-json\/wp\/v2\/posts\/35220\/revisions"}],"wp:featuredmedia":[{"embeddable":true,"href":"https:\/\/www.entroncamentoonline.pt\/portal\/wp-json\/wp\/v2\/media\/35221"}],"wp:attachment":[{"href":"https:\/\/www.entroncamentoonline.pt\/portal\/wp-json\/wp\/v2\/media?parent=35220"}],"wp:term":[{"taxonomy":"category","embeddable":true,"href":"https:\/\/www.entroncamentoonline.pt\/portal\/wp-json\/wp\/v2\/categories?post=35220"},{"taxonomy":"post_tag","embeddable":true,"href":"https:\/\/www.entroncamentoonline.pt\/portal\/wp-json\/wp\/v2\/tags?post=35220"}],"curies":[{"name":"wp","href":"https:\/\/api.w.org\/{rel}","templated":true}]}}