{"id":35008,"date":"2021-05-27T17:41:46","date_gmt":"2021-05-27T16:41:46","guid":{"rendered":"https:\/\/www.entroncamentoonline.pt\/portal\/?p=35008"},"modified":"2021-05-28T03:09:37","modified_gmt":"2021-05-28T02:09:37","slug":"a-agua-e-o-tema-da-feira-nacional-de-agricultura-2","status":"publish","type":"post","link":"https:\/\/www.entroncamentoonline.pt\/portal\/a-agua-e-o-tema-da-feira-nacional-de-agricultura-2\/","title":{"rendered":"A \u00c1gua \u00e9 o tema da Feira Nacional de Agricultura"},"content":{"rendered":"<p>A <strong>Feira Nacional de Agricultura \/ Feira do Ribatejo <\/strong>est\u00e1 de volta ao CNEMA, Santar\u00e9m. O al\u00edvio das medidas restritivas associadas \u00e0 Covid19, aliado ao empenho de todos os envolvidos neste grande evento de dimens\u00e3o nacional, tornou poss\u00edvel a sua concretiza\u00e7\u00e3o este ano, entre os pr\u00f3ximos dias 9 e 13 de junho, sob o tema \u201cA \u00c1gua na Agricultura\u201d.<\/p>\n<p>O desafio da \u00c1gua \u00e9 fulcral para a agricultura e \u00e9 um tema que preocupa todos os cidad\u00e3os. No momento em que se discutem tanto as altera\u00e7\u00f5es clim\u00e1ticas, em que precisamos de gerir cada vez melhor\u00a0este\u00a0recurso escasso e precioso que \u00e9 a \u00e1gua,\u00a0a organiza\u00e7\u00e3o entendeu colocar a \u00e1gua na discuss\u00e3o\u00a0central da FNA.<\/p>\n<p>A utiliza\u00e7\u00e3o da \u00e1gua \u00e9 um fator determinante na capacidade produtiva de toda a agricultura. Foram criados\u00a0muitos\u00a0mitos em torno do consumo deste recurso e que este setor gastaria muita \u00e1gua, mas a agricultura moderna tem uma utiliza\u00e7\u00e3o mais eficiente\u00a0da \u00e1gua\u00a0do que qualquer outro setor.<\/p>\n<p><strong>fna 21 <\/strong><strong>em seguran\u00e7a<\/strong><\/p>\n<p>A FNA 21 ser\u00e1 a primeira grande feira agr\u00edcola a decorrer fisicamente na nova fase de desconfinamento, que permite a realiza\u00e7\u00e3o de grandes eventos exteriores e eventos interiores com diminui\u00e7\u00e3o de lota\u00e7\u00e3o.<\/p>\n<p>Neste \u00e2mbito, o CNEMA, cumprindo as exig\u00eancias da Dire\u00e7\u00e3o-Geral da Sa\u00fade, implementar\u00e1 todas as regras para que os envolvidos na realiza\u00e7\u00e3o do evento se sintam seguros. Todos os expositores, fornecedores e colaboradores da FNA 21 ser\u00e3o testados, de forma a refor\u00e7ar a confian\u00e7a e tranquilidade dos que aqui trabalham e exp\u00f5em, bem como de quem visita o certame.<\/p>\n<p>Este ano o ingresso na feira ser\u00e1 feito unicamente pela entrada principal do CNEMA, onde existir\u00e3o duas bilheteiras. A organiza\u00e7\u00e3o ir\u00e1 contabilizar o n\u00famero de pessoas que entram no recinto. A sa\u00edda tamb\u00e9m ser\u00e1 s\u00f3 uma.<\/p>\n<p>A medi\u00e7\u00e3o de temperatura, o uso de m\u00e1scara, a desinfe\u00e7\u00e3o das m\u00e3os e o distanciamento social s\u00e3o obrigat\u00f3rios. De modo a cumprir o distanciamento social a circula\u00e7\u00e3o estar\u00e1 devidamente assinalada com os respetivos sentidos.<\/p>\n<p>Nas Naves A e B, ser\u00e1 implementado um sistema de contagem de pessoas para obedecer \u00e0s regras da DGS. Os corredores centrais t\u00eam sentido \u00fanico e o corredor exterior tem 6 metros de largura com dois sentidos.<\/p>\n<p>Na Nave A, s\u00f3 \u00e9 poss\u00edvel a prova de produtos em frente ao stand e em lugares sentados (2 pessoas no m\u00e1ximo). Junto \u00e0s Naves A, B e C, existir\u00e3o esplanadas para que os visitantes possam degustar os produtos em seguran\u00e7a.<\/p>\n<p>Nas tasquinhas, todo os consumos ter\u00e3o de ser feitos \u00e0 mesa com o devido distanciamento social e nos restaurantes aplicam-se as regras que estiverem em vigor \u00e0 data.<\/p>\n<p>Os visitantes poder\u00e3o assistir \u00e0s largadas de touros na bancada, em lugares devidamente marcados. A lota\u00e7\u00e3o ser\u00e1 de 1\/3. O acesso \u00e0s varolas est\u00e1 condicionado de modo a controlar o n\u00famero de pessoas que queiram entrar na manga. No Redondel aplicam-se as mesmas regras semelhantes: lugares marcados e controlo no n\u00famero de entradas.<\/p>\n<p>A FNA tem v\u00e1rias equipas preparadas para o cumprimento das regras com a colabora\u00e7\u00e3o ativa da PSP.<strong>\u00a0<\/strong><\/p>\n<p><strong>Visitas Oficiais dos principais respons\u00e1veis pol\u00edticos<\/strong><strong>\u00a0<\/strong><\/p>\n<p>O Primeiro \u2013 Ministro, Ant\u00f3nio Costa, e o Presidente da Rep\u00fablica, Marcelo Rebelo de Sousa, v\u00e3o estar presentes fisicamente na Feira Nacional de Agricultura\/Feira do Ribatejo. O l\u00edder do governo inaugura o evento, enquanto o Chefe de Estado visita o certame no \u00faltimo dia. A feira tamb\u00e9m contar\u00e1 tamb\u00e9m com a presen\u00e7a de ministros e secret\u00e1rios de estado do executivo.<\/p>\n<p>Esta presen\u00e7a \u00e9 uma forma de reconhecer a import\u00e2ncia do certame e a sua contribui\u00e7\u00e3o para a imagem da agricultura portuguesa.<strong>\u00a0<\/strong><\/p>\n<p><strong>Conversas de Agricultura<\/strong><strong>\u00a0<\/strong><\/p>\n<p>Os semin\u00e1rios e os debates mais t\u00e9cnicos ser\u00e3o um polo de atra\u00e7\u00e3o para os profissionais da \u00e1rea e v\u00e3o decorrer em modo \u201cwebinar\u201d (7 e 8 junho) e em modo\u00a0 misto (presencial e webinar) a partir de 9 de junho, data de inaugura\u00e7\u00e3o do certame.<strong>\u00a0<\/strong><\/p>\n<p><strong>7 de junho<\/strong><strong>\u00a0<\/strong><\/p>\n<ul>\n<li>Debates em biotecnologia: da Agricultura \u00e0 Bioeconomia \u2013 Org. CAP\/P-Bio (Webinar)<\/li>\n<li>( R ) ecriar a sociedade \u2013 Agricultura N\u00e3o Para \u2013 Programa de Apoio \u00e0 Agricultura &#8211; Org. CAP\/OCC (Webinar)<strong>\u00a0<\/strong><\/li>\n<\/ul>\n<p><strong>8 Junho<\/strong><strong>\u00a0<\/strong><\/p>\n<ul>\n<li>Rotulagem Nutricional \u2013 Org. CAP (Webinar)<\/li>\n<li>Altera\u00e7\u00f5es clim\u00e1ticas e novos problemas fitossanit\u00e1rios \u2013 Org. CAP\/ANIPLA (Webinar)<\/li>\n<\/ul>\n<p><strong>9 Junho<\/strong><strong>\u00a0<\/strong><\/p>\n<ul>\n<li>Inova\u00e7\u00e3o \u2013 Que desafios para o sector agroflorestal nacional \u2013 Org. Centros de Compet\u00eancia<\/li>\n<li>Confer\u00eancia Jovens Agricultores \u2013 A A agricultura como sector de futuro &#8211; Org. CAP (Modelo H\u00edbrido)<\/li>\n<li>Quadro Comunit\u00e1rio de Apoio \u2013 Recursos Gen\u00e9ticos Animais \u2013 Org. SPREGA<\/li>\n<li>Imunocastra\u00e7\u00e3o em su\u00ednos, experi\u00eancia e futuro \u2013 Org. Empreende Vinhais (Webinar)<\/li>\n<li>Alqueva e agroind\u00fastria, uma nova terra de oportunidades \u2013 Org. EDIA<\/li>\n<li>A import\u00e2ncia da \u00c1gua na Agricultura &#8211; Org. CAP (Modelo H\u00edbrido)<br \/>\nLan\u00e7amento Projeto NETA \u2013 Org. Entogreen<\/li>\n<li>Sess\u00e3o de esclarecimento com a Autoridade para as Condi\u00e7\u00f5es de Trabalho -Org. CAP \/ ACT e Prote\u00e7\u00e3o Civil de Santar\u00e9m<\/li>\n<\/ul>\n<p>Simulacro de acidente com trator &#8211; Org. CAP \/ ACT e Prote\u00e7\u00e3o Civil Santar\u00e9m<strong>\u00a0<\/strong><\/p>\n<p><strong>11 Junho<\/strong><strong>\u00a0<\/strong><\/p>\n<ul>\n<li>PAC: Confer\u00eancia Ib\u00e9rica \u2013 Agro Cumbre Iberica \u2013 Org. CAP\/ASAJA (Modelo H\u00edbrido)<\/li>\n<li>Estima\u00e7\u00e3o expedita de mat\u00e9ria org\u00e2nica em solos de pastagens \u2013 Org. CAP \/ Terraprima (Modelo H\u00edbrido)<\/li>\n<li>Simp\u00f3sio \u2013 Org. APEV<strong>\u00a0<\/strong><\/li>\n<\/ul>\n<p><strong>Maquinaria Agr\u00edcola, <\/strong><strong>Exposi\u00e7\u00e3o Institucional e Equipamentos<\/strong><\/p>\n<p>A exposi\u00e7\u00e3o de Maquinaria na Feira Nacional de Agricultura \u00e9 um dos principais sectores do evento, com equipamentos modernos e que t\u00eam como imagem de marca a inova\u00e7\u00e3o tecnol\u00f3gica. A FNA A Feira Nacional de Agricultura tamb\u00e9m \u00e9 um espa\u00e7o reservado a v\u00e1rias organiza\u00e7\u00f5es do sector como associa\u00e7\u00f5es, cooperativas agr\u00edcolas, institui\u00e7\u00f5es e equipamentos, como \u00e9 o caso da nave B.\u00a0 Neste espa\u00e7o os visitantes podem conhecer organiza\u00e7\u00f5es do sector e empresas de refer\u00eancia neste mercado.<\/p>\n<p><strong>Prazer de Provar<\/strong><\/p>\n<p>No Sal\u00e3o Prazer de Provar, a FNA proporciona ao consumidor o acesso a alguns dos melhores produtos nacionais, nomeadamente os \u201cMelhores dos Melhores\u201d dos Concursos Nacionais com Azeites, Queijos, Enchidos, Doces, M\u00e9is, entre outros. O espa\u00e7o dedicado ao Programa Portugal Sou Eu, iniciativa que visa a dinamiza\u00e7\u00e3o da produ\u00e7\u00e3o nacional, contar\u00e1 com v\u00e1rios representantes que est\u00e3o no mercado.<\/p>\n<p>Nesta \u00e1rea, realce para a iniciativa \u201cSentidos em Prova\u201d com Provas de Azeite, Vinho, \u00c1gua, Mel, Gin e Vegetais.<\/p>\n<p><strong>Mostra Agro \u2013 Pecu\u00e1ria<\/strong><\/p>\n<p>A Pecu\u00e1ria contar\u00e1 com uma representa\u00e7\u00e3o mais reduzida de ra\u00e7as aut\u00f3ctones nacionais, equinos, caprinos e ovinos. Na edi\u00e7\u00e3o deste ano, vai estar concentrada num s\u00f3 local, com circuitos pr\u00f3prios para maior seguran\u00e7a na visita do p\u00fablico.<\/p>\n<p><strong>Gastronomia<\/strong><\/p>\n<p>Os visitantes da Feira Nacional de Agricultura poder\u00e3o saborear os melhores produtos portugueses ao longo de nove dias. No Sal\u00e3o Prazer de Provar, os produtos vencedores dos Concursos Nacionais permitir\u00e3o ao p\u00fablico escolher e apreciar algumas iguarias que n\u00e3o se encontram t\u00e3o facilmente no mercado.<\/p>\n<p>Diversos restaurantes de carnes de ra\u00e7as aut\u00f3ctones e tasquinhas regionais promovidas por associa\u00e7\u00f5es e coletividades do concelho de Santar\u00e9m tamb\u00e9m participam na feira e o evento conta ainda com a participa\u00e7\u00e3o de expositores que ir\u00e3o colocar \u00e0 disposi\u00e7\u00e3o do p\u00fablico queijos, enchidos, doces tradicionais, entre outros.<\/p>\n<p><strong>Tradi\u00e7\u00e3o ribatejan<\/strong><\/p>\n<p>Como \u00e9 h\u00e1bito, as tradi\u00e7\u00f5es ribatejanas n\u00e3o s\u00e3o esquecidas com provas equestres como:<\/p>\n<p>10\u00ba Concurso Nacional da \u00c9gua Afilhada da Ra\u00e7a Lusitana,27\u00ba Concurso Nacional Oficial de Coudelarias Portuguesas, o Open Santar\u00e9m Horse Ball, o Concurso de Traje \u00e0 Portuguesa, Apresenta\u00e7\u00e3o do Cavalo de Sela, a Prova Morfo-Funcional de Aptid\u00e3o Toureio ou o Concurso de Saltos Nacional Especial, prometem atrair o p\u00fablico.<\/p>\n<p>Paralelamente, destaque para as Largadas de Toiros, Mesa da Tortura, Aparta\u00e7\u00e3o e Condu\u00e7\u00e3o do Cabresto, Condu\u00e7\u00e3o de Cabrestos ou Per\u00edcia de Campinos.<\/p>\n<p><strong>A FNA cada vez mais amiga do ambiente<\/strong><\/p>\n<p>A preocupa\u00e7\u00e3o com a sustentabilidade e com o ambiente \u00e9 j\u00e1 uma imagem de marca da FNA. A utiliza\u00e7\u00e3o de pain\u00e9is solares, a reciclagem de papel e pl\u00e1stico, o fim dos copos descart\u00e1veis e evitar, na medida do poss\u00edvel, o uso do papel permitem que a pegada ecol\u00f3gica da FNA seja cada vez menor.<\/p>\n<p><strong>Transportes<\/strong><strong>\u00a0<\/strong><\/p>\n<p>Os visitantes da FNA 21 podem contar com viagens mais acess\u00edveis na CP. O p\u00fablico que se desloque de qualquer ponto do pa\u00eds com destino a Santar\u00e9m, entre os dias 08 e 14 de junho, em comboios Intercidades, Regionais e Interregionais, tem um desconto de 30% na compra de viagens de ida e volta, em qualquer classe, n\u00e3o sendo cumulativo com outros descontos ou promo\u00e7\u00f5es em vigor. A prova de direito ao desconto ser\u00e1 feita no ato da compra e em tr\u00e2nsito, mediante apresenta\u00e7\u00e3o do comprovativo de participa\u00e7\u00e3o no evento.<\/p>\n<p>O percurso entre a esta\u00e7\u00e3o de Santar\u00e9m e o recinto da feira \u00e9 assegurado em transfer rodovi\u00e1rio, numa parceria entre a Rodovi\u00e1ria do Tejo e a Feira Nacional de Agricultura. Durante os cinco dias da FNA, a Rodovi\u00e1ria do Tejo, ir\u00e1 colocar ao servi\u00e7o dos visitantes do evento um servi\u00e7o de autocarro gratuito para que os visitantes possam deslocar-se com mais facilidade.<\/p>\n<p><strong>Apoios FNA 21<\/strong><\/p>\n<p>A realiza\u00e7\u00e3o da FNA 21 \u00e9 poss\u00edvel devido ao apoio de patrocinadores, expositores e visitantes, que sempre demonstraram confian\u00e7a nesta grande feira agr\u00edcola e no sector agr\u00edcola. A FNA \u00e9 uma forma de refor\u00e7ar a imagem e de realizar neg\u00f3cios para todos as empresas que aqui est\u00e3o presentes.<strong>\u00a0<\/strong><\/p>\n<p><strong>E-FNA<\/strong><strong>\u00a0<\/strong><\/p>\n<p>Ap\u00f3s uma espera, o evento regressa renovado e mais abrangente com o novo formato digital &#8211; a <strong>eFNA<\/strong>, desenhado para modernizar e expandir toda a din\u00e2mica comercial e cultural do setor.<\/p>\n<p>Acreditamos que a <strong>eFNA <\/strong>representa uma evolu\u00e7\u00e3o no nosso percurso na medida em que acompanha a tend\u00eancia natural de todo o mercado, indo ao encontro dos benef\u00edcios das novas tecnologias.<\/p>\n<p>A <strong>eFNA <\/strong>\u00e9 um modelo de feira digital, extens\u00e3o e complemento natural da feira f\u00edsica. Neste modelo, a FNA poder\u00e1 passar a proporcionar aos visitantes e expositores uma intera\u00e7\u00e3o transversal a todo o ano, 24h sobre 24h.<\/p>\n<p>Milhares de horas de v\u00eddeo, apresenta\u00e7\u00f5es, novidades, negocia\u00e7\u00f5es, sons e sorrisos, online a todo o momento. O alcance em p\u00fablico ser\u00e1 igualmente mais extenso, passando a poder ultrapassar fronteiras com uma facilidade e velocidade incompar\u00e1veis ao passado.<\/p>\n<p>Nesta nova dimens\u00e3o, a FNA poder\u00e1 tamb\u00e9m reafirmar as suas boas pr\u00e1ticas ambientais, preocupa\u00e7\u00e3o j\u00e1 presente no evento f\u00edsico, mas que, aqui, representar\u00e1 uma gest\u00e3o importante no equil\u00edbrio entre o crescimento do evento (e consequentemente do setor envolvido), e o consumo de recursos.<\/p>\n<p>A <strong>eFNA <\/strong>\u00e9 a grande novidade da FNA21 &#8211; uma ponte para o futuro.<\/p>\n<p><strong>Hor\u00e1rios<\/strong><strong><br \/>\n<\/strong><strong><br \/>\n<\/strong><strong><u>9 a 12 junho<\/u><\/strong><br \/>\n<strong>Nave A \u201cPrazer de Provar\u201d:<\/strong>\u00a010h00 \u2013 22h30<br \/>\n<strong>Nave B:<\/strong>\u00a010h00 \u2013 22h30<br \/>\n<strong>Nave C:<\/strong>\u00a010h00 \u2013 22h30<br \/>\n<strong>Zona Exterior \/ Maquinaria Agr\u00edcola:<\/strong>\u00a010h00 \u2013 21h00<br \/>\n<strong>Encerramento Feira:<\/strong>\u00a010h00 \u2013 24h00<br \/>\nA entrada no recinto \u00e9 efetuada at\u00e9 \u00e0s 21h30<br \/>\n<strong><u>13 junho<\/u><\/strong><strong><u><br \/>\n<\/u>Todo o recinto:<\/strong>\u00a010h00 \u2013 20h00<br \/>\nA entrada no recinto \u00e9 efetuada at\u00e9 \u00e0s 19h00<br \/>\n<u>Os hor\u00e1rios podem ser alterados por motivos imprevistos<br \/>\n<\/u><br \/>\n<strong>Entradas<\/strong><strong><br \/>\n<\/strong><strong><br \/>\nBilhete Simples:<\/strong>\u00a07,50 \u20ac\u00a0(Permite um a \u00fanica entrada)<br \/>\n<strong>Caderneta de 10 Bilhetes:<\/strong>\u00a050,00 \u20ac (Cada bilhete permite uma \u00fanica entrada. \u00c0 venda at\u00e9 8 junho)<br \/>\n<strong>Livre \u2013 Tr\u00e2nsito:<\/strong>\u00a012,00 \u20ac\u00a0(O Livre \u2013 Tr\u00e2nsito permite visitar a feira a qualquer horas e v\u00e1rias vezes por dia)<br \/>\n<strong>Todos os Dias:<\/strong>\u00a0Entrada gratuita para crian\u00e7as at\u00e9 aos 11 anos (inclusive)<br \/>\n<strong>Parque de Estacionamento Ar Livre:<\/strong>\u00a0Gratuito<br \/>\n<strong>Parque de Estacionamento Coberto:\u00a0<\/strong>5,00 \u20ac dia<br \/>\nBilhetes \u00e0 venda em\u00a0<a href=\"https:\/\/www.ticket.cnema.pt\/WTCNEMA\/main.do\">https:\/\/www.ticket.cnema.pt<\/a>\u00a0 e no local<br \/>\n<u>Lota\u00e7\u00e3o limitada de acordo com as regras sanit\u00e1rias em vigor. A realiza\u00e7\u00e3o do evento presencial decorre de acordo com as indica\u00e7\u00f5es da DGS<\/u><\/p>\n<div class=\"fb-background-color\">\n\t\t\t  <div \n\t\t\t  \tclass = \"fb-comments\" \n\t\t\t  \tdata-href = \"https:\/\/www.entroncamentoonline.pt\/portal\/a-agua-e-o-tema-da-feira-nacional-de-agricultura-2\/\"\n\t\t\t  \tdata-numposts = \"10\"\n\t\t\t  \tdata-lazy = \"true\"\n\t\t\t\tdata-colorscheme = \"light\"\n\t\t\t\tdata-order-by = \"social\"\n\t\t\t\tdata-mobile=true>\n\t\t\t  <\/div><\/div>\n\t\t  <style>\n\t\t    .fb-background-color {\n\t\t\t\tbackground:  !important;\n\t\t\t}\n\t\t\t.fb_iframe_widget_fluid_desktop iframe {\n\t\t\t    width: 100% !important;\n\t\t\t}\n\t\t  <\/style>\n\t\t  ","protected":false},"excerpt":{"rendered":"<p>A Feira Nacional de Agricultura \/ Feira do Ribatejo est\u00e1 de volta ao CNEMA, Santar\u00e9m. O al\u00edvio das medidas restritivas associadas \u00e0 Covid19, aliado ao empenho de todos os envolvidos neste grande evento de dimens\u00e3o nacional, tornou poss\u00edvel a sua concretiza\u00e7\u00e3o este ano, entre os pr\u00f3ximos dias 9 e 13 de junho, sob o tema [&hellip;]<\/p>\n","protected":false},"author":1,"featured_media":32195,"comment_status":"open","ping_status":"closed","sticky":false,"template":"","format":"standard","meta":{"_acf_changed":false,"footnotes":""},"categories":[71],"tags":[],"class_list":{"0":"post-35008","1":"post","2":"type-post","3":"status-publish","4":"format-standard","5":"has-post-thumbnail","7":"category-outras-noticias"},"acf":[],"_links":{"self":[{"href":"https:\/\/www.entroncamentoonline.pt\/portal\/wp-json\/wp\/v2\/posts\/35008","targetHints":{"allow":["GET"]}}],"collection":[{"href":"https:\/\/www.entroncamentoonline.pt\/portal\/wp-json\/wp\/v2\/posts"}],"about":[{"href":"https:\/\/www.entroncamentoonline.pt\/portal\/wp-json\/wp\/v2\/types\/post"}],"author":[{"embeddable":true,"href":"https:\/\/www.entroncamentoonline.pt\/portal\/wp-json\/wp\/v2\/users\/1"}],"replies":[{"embeddable":true,"href":"https:\/\/www.entroncamentoonline.pt\/portal\/wp-json\/wp\/v2\/comments?post=35008"}],"version-history":[{"count":0,"href":"https:\/\/www.entroncamentoonline.pt\/portal\/wp-json\/wp\/v2\/posts\/35008\/revisions"}],"wp:featuredmedia":[{"embeddable":true,"href":"https:\/\/www.entroncamentoonline.pt\/portal\/wp-json\/wp\/v2\/media\/32195"}],"wp:attachment":[{"href":"https:\/\/www.entroncamentoonline.pt\/portal\/wp-json\/wp\/v2\/media?parent=35008"}],"wp:term":[{"taxonomy":"category","embeddable":true,"href":"https:\/\/www.entroncamentoonline.pt\/portal\/wp-json\/wp\/v2\/categories?post=35008"},{"taxonomy":"post_tag","embeddable":true,"href":"https:\/\/www.entroncamentoonline.pt\/portal\/wp-json\/wp\/v2\/tags?post=35008"}],"curies":[{"name":"wp","href":"https:\/\/api.w.org\/{rel}","templated":true}]}}