{"id":28989,"date":"2021-01-20T13:00:10","date_gmt":"2021-01-20T13:00:10","guid":{"rendered":"https:\/\/www.entroncamentoonline.pt\/portal\/?p=28989"},"modified":"2021-01-20T13:00:10","modified_gmt":"2021-01-20T13:00:10","slug":"nersant-organiza-fersant-de-5-a-13-de-junho","status":"publish","type":"post","link":"https:\/\/www.entroncamentoonline.pt\/portal\/nersant-organiza-fersant-de-5-a-13-de-junho\/","title":{"rendered":"NERSANT organiza FERSANT de 5 a 13 de junho"},"content":{"rendered":"<p>A NERSANT \u2013 Associa\u00e7\u00e3o Empresarial da Regi\u00e3o de Santar\u00e9m vai votar a realizar, entre os dias 5 e 13 de junho, a FERSANT \u2013 Feira Empresarial da Regi\u00e3o de Santar\u00e9m, em conjunto com a Feira Nacional da Agricultura. As inscri\u00e7\u00f5es para o certame j\u00e1 se encontram abertas.<\/p>\n<p>A aposta em eventos de promo\u00e7\u00e3o das empresas da regi\u00e3o continua a ser uma aposta da NERSANT, estrat\u00e9gia que ganhou ainda mais import\u00e2ncia no ano de 2020 e 2021, face \u00e0 crise pand\u00e9mica que o tecido empresarial vive.<\/p>\n<p>Neste sentido, para 2021, a NERSANT j\u00e1 calendarizou a FERSANT \u2013 Feira Empresarial da Regi\u00e3o de Santar\u00e9m, que ir\u00e1 decorrer em modo presencial \u2013 assim a evolu\u00e7\u00e3o da pandemia o permita \u2013 de 5 a 13 de junho, em conjunto com a Feira Nacional da Agricultura, no CNEMA \u2013 Centro Nacional de Exposi\u00e7\u00f5es e Mercados Agr\u00edcolas, em Santar\u00e9m.<\/p>\n<p>Com este certame, que ir\u00e1 realizar-se na Nave B deste espa\u00e7o, a NERSANT pretende promover os neg\u00f3cios das empresas da regi\u00e3o, bem como potenciar a realiza\u00e7\u00e3o de compras no Ribatejo, atrav\u00e9s do networking criado entre todos os expositores. Para al\u00e9m da realiza\u00e7\u00e3o presencial do certame, a NERSANT vai ainda realizar, de forma completar, a edi\u00e7\u00e3o online da feira, de 01 a 30 de setembro.<\/p>\n<p>Nascida h\u00e1 mais de 30 anos, a FERSANT tem vindo a assumir-se como um importante espa\u00e7o de trocas comerciais entre as empresas da regi\u00e3o, que se tem verificado quer pelo n\u00famero de visitantes, quer pelo n\u00famero de empresas e entidades interessadas em mostrar os seus servi\u00e7os ou produtos neste espa\u00e7o. O evento, que come\u00e7ou por ser realizado no pavilh\u00e3o de exposi\u00e7\u00f5es da NERSANT em Torres Novas, cresceu, realizando-se agora em Santar\u00e9m. Este ano, ser\u00e1 a 32.\u00aa edi\u00e7\u00e3o do certame empresarial.<\/p>\n<p>As empresas interessadas em expor os seus produtos e servi\u00e7os na FERSANT 2021, podem desde j\u00e1 efetuar pr\u00e9-inscri\u00e7\u00e3o no certame, dispon\u00edvel no portal da NERSANT em www.nersant.pt. De referir que as empresas associadas da NERSANT \u2013 com quotiza\u00e7\u00e3o regularizada \u2013 beneficiam de 10% de desconto, desde que efetuem inscri\u00e7\u00e3o at\u00e9 60 dias antes do in\u00edcio da feira.<\/p>\n<p>Para mais informa\u00e7\u00f5es, est\u00e1 dispon\u00edvel o Departamento de Associativismo, Marketing e Eventos da associa\u00e7\u00e3o, atrav\u00e9s dos contactos dame@nersant.pt ou 249 839 507.<\/p>\n<div class=\"fb-background-color\">\n\t\t\t  <div \n\t\t\t  \tclass = \"fb-comments\" \n\t\t\t  \tdata-href = \"https:\/\/www.entroncamentoonline.pt\/portal\/nersant-organiza-fersant-de-5-a-13-de-junho\/\"\n\t\t\t  \tdata-numposts = \"10\"\n\t\t\t  \tdata-lazy = \"true\"\n\t\t\t\tdata-colorscheme = \"light\"\n\t\t\t\tdata-order-by = \"social\"\n\t\t\t\tdata-mobile=true>\n\t\t\t  <\/div><\/div>\n\t\t  <style>\n\t\t    .fb-background-color {\n\t\t\t\tbackground:  !important;\n\t\t\t}\n\t\t\t.fb_iframe_widget_fluid_desktop iframe {\n\t\t\t    width: 100% !important;\n\t\t\t}\n\t\t  <\/style>\n\t\t  ","protected":false},"excerpt":{"rendered":"<p>A NERSANT \u2013 Associa\u00e7\u00e3o Empresarial da Regi\u00e3o de Santar\u00e9m vai votar a realizar, entre os dias 5 e 13 de junho, a FERSANT \u2013 Feira Empresarial da Regi\u00e3o de Santar\u00e9m, em conjunto com a Feira Nacional da Agricultura. As inscri\u00e7\u00f5es para o certame j\u00e1 se encontram abertas. A aposta em eventos de promo\u00e7\u00e3o das empresas [&hellip;]<\/p>\n","protected":false},"author":1,"featured_media":28990,"comment_status":"open","ping_status":"closed","sticky":false,"template":"","format":"standard","meta":{"_acf_changed":false,"footnotes":""},"categories":[71],"tags":[],"class_list":{"0":"post-28989","1":"post","2":"type-post","3":"status-publish","4":"format-standard","5":"has-post-thumbnail","7":"category-outras-noticias"},"acf":[],"_links":{"self":[{"href":"https:\/\/www.entroncamentoonline.pt\/portal\/wp-json\/wp\/v2\/posts\/28989","targetHints":{"allow":["GET"]}}],"collection":[{"href":"https:\/\/www.entroncamentoonline.pt\/portal\/wp-json\/wp\/v2\/posts"}],"about":[{"href":"https:\/\/www.entroncamentoonline.pt\/portal\/wp-json\/wp\/v2\/types\/post"}],"author":[{"embeddable":true,"href":"https:\/\/www.entroncamentoonline.pt\/portal\/wp-json\/wp\/v2\/users\/1"}],"replies":[{"embeddable":true,"href":"https:\/\/www.entroncamentoonline.pt\/portal\/wp-json\/wp\/v2\/comments?post=28989"}],"version-history":[{"count":0,"href":"https:\/\/www.entroncamentoonline.pt\/portal\/wp-json\/wp\/v2\/posts\/28989\/revisions"}],"wp:featuredmedia":[{"embeddable":true,"href":"https:\/\/www.entroncamentoonline.pt\/portal\/wp-json\/wp\/v2\/media\/28990"}],"wp:attachment":[{"href":"https:\/\/www.entroncamentoonline.pt\/portal\/wp-json\/wp\/v2\/media?parent=28989"}],"wp:term":[{"taxonomy":"category","embeddable":true,"href":"https:\/\/www.entroncamentoonline.pt\/portal\/wp-json\/wp\/v2\/categories?post=28989"},{"taxonomy":"post_tag","embeddable":true,"href":"https:\/\/www.entroncamentoonline.pt\/portal\/wp-json\/wp\/v2\/tags?post=28989"}],"curies":[{"name":"wp","href":"https:\/\/api.w.org\/{rel}","templated":true}]}}