{"id":27378,"date":"2020-12-14T16:54:12","date_gmt":"2020-12-14T16:54:12","guid":{"rendered":"https:\/\/www.entroncamentoonline.pt\/portal\/?p=27378"},"modified":"2020-12-14T16:54:12","modified_gmt":"2020-12-14T16:54:12","slug":"manuel-fernandes-vicente-um-candidato-para-eleitores-sem-cabeca","status":"publish","type":"post","link":"https:\/\/www.entroncamentoonline.pt\/portal\/manuel-fernandes-vicente-um-candidato-para-eleitores-sem-cabeca\/","title":{"rendered":"MANUEL FERNANDES VICENTE | Um candidato para eleitores sem cabe\u00e7a"},"content":{"rendered":"<figure id=\"attachment_1176\" aria-describedby=\"caption-attachment-1176\" style=\"width: 234px\" class=\"wp-caption alignnone\"><img loading=\"lazy\" decoding=\"async\" class=\"size-full wp-image-1176\" src=\"https:\/\/www.entroncamentoonline.pt\/portal\/wp-content\/uploads\/2018\/12\/ManuelVicente.jpg\" alt=\"\" width=\"234\" height=\"228\" \/><figcaption id=\"caption-attachment-1176\" class=\"wp-caption-text\">Manuel Fernandes Vicente manuelvicente@entroncamentoonline.pt<em style=\"color: #222222; font-size: 15px;\">\u00a0<\/em><\/figcaption><\/figure>\n<p>J\u00e1 l\u00e1 v\u00e3o uns bons anos, mas o car\u00e1cter da personagem marcou-me de tal modo que ainda hoje a sua figura de or\u00e1culo de gravata vermelha imaculada e sobretudo longo e negro me ocorre, particularmente quando se aproximam as \u00e9pocas de elei\u00e7\u00f5es presidenciais (que intercalam de dez em dez anos com plebiscitos ao Presidente, como volta agora a ocorrer). J\u00e1 n\u00e3o me lembro se foi numas ou noutros, que o na altura cidad\u00e3o candidato a candidato presidencial me procurou, perspetivando que eu pudesse trazer algum apoio jornal\u00edstico ou influ\u00eancia ao seu projeto de candidatura. Devo confessar, com humildade, que nunca alcancei muito bem o mecanismo subtil do seu pensamento, mas isso tamb\u00e9m n\u00e3o tem import\u00e2ncia alguma. O putativo candidato era bastante eloquente e mostrava-se apto a digladiar-se, aos seus cinquenta e poucos anos, no are\u00f3pago eleitoral, com alguns monstros pol\u00edticos, com partidos e uma prociss\u00e3o de jornais e televis\u00f5es atr\u00e1s de si de cada vez que sa\u00edam de casa. Era um David, com uma funda nas m\u00e3os, e alguns Golias, mas o seu vatic\u00ednio era mesmo o de que David ganhava.<\/p>\n<p>No almo\u00e7o que nos juntou num restaurante da zona norte do Entroncamento, a primeira impress\u00e3o que recolhi foi notoriamente olfativa, antes de o poder ver mais de perto j\u00e1 sentia o perfume m\u00e1sculo com que se apresentava, e havia tamb\u00e9m muita brilhantina resplandecente num cabelo aparentemente negro. Al\u00e9m da ret\u00f3rica, que logo a seguir foi manifesta em vers\u00e3o incontinente e torrencial, o or\u00e1culo j\u00e1 se anunciava pelos aromas e pelos paladares vern\u00e1culos escolhidos no menu. A sua estrat\u00e9gia para mostrar uma candidatura forte parecia, assim, apelar sobretudo aos sentidos. Antes de come\u00e7ar o repasto, o homem, talvez para eu me sintonizar melhor no seu prop\u00f3sito, manifestou logo uma paix\u00e3o inflamada pelo M\u00e9dio Tejo. Eu fiquei surpreendido, e um pouco dececionado. Como podia algu\u00e9m ter paix\u00e3o por uma unidade estat\u00edstica de segunda categoria? Eu vejo e converso com homens e mulheres apaixonados pelo Ribatejo, pelo Alentejo, pela Beira Baixa ou com transmontanos irredut\u00edveis. S\u00e3o realidades f\u00edsicas, culturais e hist\u00f3ricas que tornam os seus em abnegados defensores. Agora paix\u00e3o pelo M\u00e9dio Tejo?&#8230;<\/p>\n<p>Eu devo ter deixado denunciar no rosto esta minha hesita\u00e7\u00e3o, mas o or\u00e1culo fez quest\u00e3o de apresentar logo a seguir, como se cumprisse um plano, os seus argumentos em rela\u00e7\u00e3o a aspetos fortes da regi\u00e3o. Falou, j\u00e1 quase a discursar para o restaurante, bastante composto, de que o Entroncamento, pela sua centralidade, acessos ferrovi\u00e1rios e rodovi\u00e1rios, e proximidade com o Interior mais deprimido do pa\u00eds, poderia acolher alguns servi\u00e7os governamentais; Torres Novas devia dar outra for\u00e7a ao seu figo preto; sobre o aer\u00f3dromo de Tancos tinha ideias originais e excelentes, mas delirantes; e lembro-me ainda de ter falado da sua vis\u00e3o para F\u00e1tima (n\u00e3o sei se j\u00e1 tinha sido revelado o terceiro segredo\u2026) e para Tomar, para ressuscitar a sua ind\u00fastria. O pa\u00eds devia entender o g\u00e9nio.<\/p>\n<p>Alguns copos de Reguengos de Monsaraz (tinto) depois, o or\u00e1culo tornou-se menos pol\u00edtico e presidenci\u00e1vel, e um pouco mais humano, talvez at\u00e9 demasiado humano. Pareceu-me, porque eu ouvia mais do que falava, que j\u00e1 me tomava mesmo como um confidente. E confessou-me, j\u00e1 com os \u00faltimos Reguengos derramados. Que nunca tivera muita sorte com os seus neg\u00f3cios. As suas ideias eram vision\u00e1rias, sim, tinha a intui\u00e7\u00e3o do futuro e das tend\u00eancias que o norteariam. Mas por algum azar (uma teoria da conspira\u00e7\u00e3o, como hoje, mais refinadamente, se diz), haveria sempre algum pormenor que falhava, os neg\u00f3cios resvalavam e as fal\u00eancias (incluindo em cooperativas) sucediam-se, tendo nelas consumido a sua reputa\u00e7\u00e3o e afogado a reputada heran\u00e7a da fam\u00edlia, proveniente da nobreza agr\u00e1ria. No fundo, era um Bill Gates, um Mark Zuckerberg um Jeff Bezos, em vers\u00e3o portuguesa e fadista, com o triste problema de entrar nas dan\u00e7as fora do tempo certo. \u201cSabe, tenho um tal azar com os neg\u00f3cios, que estou certo de que se eu hoje decidisse investir e construir uma f\u00e1brica de chap\u00e9us, os beb\u00e9s amanh\u00e3 come\u00e7avam a nascer sem cabe\u00e7a\u2026\u201d, lamentou-se.<\/p>\n<p>Tenho-me lembrado com alguma frequ\u00eancia, nas \u00faltimas semanas, desta asser\u00e7\u00e3o t\u00e3o franca e humana do nobre candidato que, no fundo, nem presidente de si pr\u00f3prio era. N\u00e3o sei sequer se conseguiu nessa altura recolher as assinaturas necess\u00e1rias para as querelas e debates presidenciais ou, se as conseguiu, qual o resultado obtido, admitindo que n\u00e3o teria sido famoso. Mas, pergunto-me, se n\u00e3o ter\u00e1 chegado agora a altura ideal para a apresenta\u00e7\u00e3o da sua t\u00e3o cara candidatura e entrar na dan\u00e7a. A hip\u00f3tese n\u00e3o \u00e9, infelizmente, nem aleat\u00f3ria nem totalmente gratuita.<\/p>\n<p>Os tempos modernos n\u00e3o est\u00e3o a soprar a favor do ser humano nem da sua intelig\u00eancia, j\u00e1 mais presumida que real. Mas est\u00e3o certamente muito favor\u00e1veis ao or\u00e1culo. E o incremento de incont\u00e1veis redes sociais (com origens sempre louv\u00e1veis, mas cuja evolu\u00e7\u00e3o origina abusos irrepar\u00e1veis) est\u00e1 a funcionar surpreendentemente a favor da tal gera\u00e7\u00e3o de gente sem cabe\u00e7a, ou, se a tem, parece que n\u00e3o. O mundo est\u00e1 hoje por conta de radicalismos e fundamentalismos que prosperam nas redes sociais (com algoritmos que jogam a seu favor) como um vendedor de castanhas assadas em dias frios e chuvosos. Ali encontrou abrigo a sarna do politicamente correto e do pensamento \u00fanico, comandada remotamente por uma cabala indecifr\u00e1vel, mas funesta. Mal de quem, a prop\u00f3sito de algum tema mais fraturante, n\u00e3o pensa pela pauta do catecismo adotado e tem a veleidade de pensar pela sua pr\u00f3pria cabe\u00e7a, com a sua cultura, a sua natureza subjetiva e a sua hist\u00f3ria pessoal. Os tempos est\u00e3o bons para a manada do pensamento de cartilha, e nela, sobretudo se em movimento, j\u00e1 se sabe o que acontece a quem se mexer num sentido divergente. Incapazes de uma ideia pr\u00f3pria, pensam pela cabe\u00e7a dos outros, e se nenhum tem o menor vest\u00edgio do que \u00e9 uma ideia, melhor. Se gostam de filetes vegans ou de lulas, todos devem adorar filetes vegans ou lulas. A manada indistinta odeia com ardor e avers\u00e3o os outros, os diferentes, e acompanhada de figur\u00f5es arrogantes, como Trump, pensa apenas em si, e tem tido tempos de muito esplendor e pouca vergonha.<\/p>\n<p>O or\u00e1culo com paix\u00e3o pelo M\u00e9dio Tejo tem agora tudo a seu favor para uma campanha eleitoral favor\u00e1vel e entrar num neg\u00f3cio promissor e proveitoso (n\u00e3o sei se j\u00e1 juntou as assinaturas necess\u00e1rias). \u00c9 agora a altura ideal de avan\u00e7ar para a candidatura. Se ele n\u00e3o souber porqu\u00ea, muitos dos outros, que j\u00e1 as apresentaram, tamb\u00e9m n\u00e3o\u2026<\/p>\n<p>&nbsp;<\/p>\n<div class=\"fb-background-color\">\n\t\t\t  <div \n\t\t\t  \tclass = \"fb-comments\" \n\t\t\t  \tdata-href = \"https:\/\/www.entroncamentoonline.pt\/portal\/manuel-fernandes-vicente-um-candidato-para-eleitores-sem-cabeca\/\"\n\t\t\t  \tdata-numposts = \"10\"\n\t\t\t  \tdata-lazy = \"true\"\n\t\t\t\tdata-colorscheme = \"light\"\n\t\t\t\tdata-order-by = \"social\"\n\t\t\t\tdata-mobile=true>\n\t\t\t  <\/div><\/div>\n\t\t  <style>\n\t\t    .fb-background-color {\n\t\t\t\tbackground:  !important;\n\t\t\t}\n\t\t\t.fb_iframe_widget_fluid_desktop iframe {\n\t\t\t    width: 100% !important;\n\t\t\t}\n\t\t  <\/style>\n\t\t  ","protected":false},"excerpt":{"rendered":"<p>J\u00e1 l\u00e1 v\u00e3o uns bons anos, mas o car\u00e1cter da personagem marcou-me de tal modo que ainda hoje a sua figura de or\u00e1culo de gravata vermelha imaculada e sobretudo longo e negro me ocorre, particularmente quando se aproximam as \u00e9pocas de elei\u00e7\u00f5es presidenciais (que intercalam de dez em dez anos com plebiscitos ao Presidente, como [&hellip;]<\/p>\n","protected":false},"author":21,"featured_media":0,"comment_status":"open","ping_status":"closed","sticky":false,"template":"","format":"standard","meta":{"_acf_changed":false,"footnotes":""},"categories":[55,66],"tags":[],"class_list":{"0":"post-27378","1":"post","2":"type-post","3":"status-publish","4":"format-standard","6":"category-cronica","7":"category-manuel-fernandes-vicente"},"acf":[],"_links":{"self":[{"href":"https:\/\/www.entroncamentoonline.pt\/portal\/wp-json\/wp\/v2\/posts\/27378","targetHints":{"allow":["GET"]}}],"collection":[{"href":"https:\/\/www.entroncamentoonline.pt\/portal\/wp-json\/wp\/v2\/posts"}],"about":[{"href":"https:\/\/www.entroncamentoonline.pt\/portal\/wp-json\/wp\/v2\/types\/post"}],"author":[{"embeddable":true,"href":"https:\/\/www.entroncamentoonline.pt\/portal\/wp-json\/wp\/v2\/users\/21"}],"replies":[{"embeddable":true,"href":"https:\/\/www.entroncamentoonline.pt\/portal\/wp-json\/wp\/v2\/comments?post=27378"}],"version-history":[{"count":0,"href":"https:\/\/www.entroncamentoonline.pt\/portal\/wp-json\/wp\/v2\/posts\/27378\/revisions"}],"wp:attachment":[{"href":"https:\/\/www.entroncamentoonline.pt\/portal\/wp-json\/wp\/v2\/media?parent=27378"}],"wp:term":[{"taxonomy":"category","embeddable":true,"href":"https:\/\/www.entroncamentoonline.pt\/portal\/wp-json\/wp\/v2\/categories?post=27378"},{"taxonomy":"post_tag","embeddable":true,"href":"https:\/\/www.entroncamentoonline.pt\/portal\/wp-json\/wp\/v2\/tags?post=27378"}],"curies":[{"name":"wp","href":"https:\/\/api.w.org\/{rel}","templated":true}]}}