{"id":27068,"date":"2020-12-06T18:43:54","date_gmt":"2020-12-06T18:43:54","guid":{"rendered":"https:\/\/www.entroncamentoonline.pt\/portal\/?p=27068"},"modified":"2020-12-06T19:27:14","modified_gmt":"2020-12-06T19:27:14","slug":"tera-o-neurocientista-antonio-rosa-damasio-sido-um-avo-chefe-da-estacao-do-entroncamento-1","status":"publish","type":"post","link":"https:\/\/www.entroncamentoonline.pt\/portal\/tera-o-neurocientista-antonio-rosa-damasio-sido-um-avo-chefe-da-estacao-do-entroncamento-1\/","title":{"rendered":"MANUELA POITOUT | Uma hip\u00f3tese com alguma probabilidade de ser verdadeira: o neurocientista Ant\u00f3nio Rosa Dam\u00e1sio ter tido um av\u00f4 chefe da esta\u00e7\u00e3o do Entroncamento"},"content":{"rendered":"<figure id=\"attachment_1174\" aria-describedby=\"caption-attachment-1174\" style=\"width: 247px\" class=\"wp-caption alignnone\"><img loading=\"lazy\" decoding=\"async\" class=\" wp-image-1174\" src=\"https:\/\/www.entroncamentoonline.pt\/portal\/wp-content\/uploads\/2018\/12\/ManuelaPoitout.jpg\" alt=\"\" width=\"247\" height=\"266\" \/><figcaption id=\"caption-attachment-1174\" class=\"wp-caption-text\">Manuela Poitout manuelapoitout@entroncamentoonline.pt<\/figcaption><\/figure>\n<p>Uma hip\u00f3tese com alguma probabilidade de ser verdadeira: o neurocientista Ant\u00f3nio Rosa Dam\u00e1sio ter tido um av\u00f4 chefe da esta\u00e7\u00e3o do Entroncamento<\/p>\n<p>Esta ideia ocorreu-me na primeira vez em que li, num jornal local dos anos trinta, algo sobre um chefe da esta\u00e7\u00e3o do Entroncamento, de apelido Dam\u00e1sio. Leio muitos jornais antigos, locais e regionais, por raz\u00f5es de trabalho. Entretanto a ideia passou, h\u00e1 tantas pessoas com os mesmos sobrenomes\u2026<\/p>\n<p>Voltei a encontrar o mesmo senhor, no jornal <em>O Moitense, <\/em>com sede na vizinha Moita do Norte. Ao tempo, o Entroncamento n\u00e3o tinha imprensa local. Tratava-se de uma not\u00edcia de \u00f3bito de Jo\u00e3o Dam\u00e1sio, que parece ter sido pessoa muito considerada e estimada aqui no meio.<\/p>\n<p>A not\u00edcia, de janeiro de 1942, \u00e9 esta:<\/p>\n<p>\u201cFaleceu recentemente, em Lisboa, na resid\u00eancia do seu genro, sr. Antero Gama, inspetor da C.P., o nosso prezado amigo Jo\u00e3o Dam\u00e1sio, de 84 anos, vi\u00favo, chefe de esta\u00e7\u00e3o aposentado.<\/p>\n<p>O corpo foi trasladado, pelo caminho de ferro, para Tramagal, onde o falecido residia. O funeral realizou-se para o cemit\u00e9rio daquela localidade. O extinto, que foi possuidor de um cora\u00e7\u00e3o diamantino, era pai dos nossos queridos amigos srs. Ant\u00f3nio Rosa Dam\u00e1sio, m\u00e9dico na capital, Jos\u00e9, Jo\u00e3o e Manuel Rosa Dam\u00e1sio, funcion\u00e1rios da C.P.\u201d<\/p>\n<p>Por curiosidade, tentei conhecer algo sobre as origens do cientista Ant\u00f3nio Rosa Dam\u00e1sio, mas apenas consegui saber que nasceu em 1944 e estudou em Lisboa. Partindo do pressuposto de que seria neto do chefe de esta\u00e7\u00e3o Jo\u00e3o Dam\u00e1sio, j\u00e1 n\u00e3o conhecera este av\u00f4. Fui um pouco mais al\u00e9m, atrav\u00e9s de uma entrevista de Anabela Mota Ribeiro, em que o cientista, ao evocar um epis\u00f3dio de inf\u00e2ncia, falou no pai m\u00e9dico.\u00a0 As coincid\u00eancias de ambos os pais serem m\u00e9dicos, e o filho do antigo chefe se chamar tamb\u00e9m Ant\u00f3nio Rosa Dam\u00e1sio, fizeram-me pensar que talvez n\u00e3o estivesse muito distante da ideia inicial.<\/p>\n<p>Isto n\u00e3o tem qualquer import\u00e2ncia para o Entroncamento, mostra apenas que, como nas antigas rotas das caravanas, o Entroncamento foi, para muita gente, apenas um lugar de passagem, lugar obrigat\u00f3rio, porque de trabalho, mas transit\u00f3rio, e que os seus filhos tamb\u00e9m por aqui n\u00e3o largaram \u00e2ncoras, porque n\u00e3o havia condi\u00e7\u00f5es para isso, nem poderiam voar como muitos voaram.<\/p>\n<p>Que marcas, que recorda\u00e7\u00f5es, ter\u00e1 deixado uma terra destas, naqueles tempos em que o Entroncamento muito pouco era e pouco tinha, em pessoas que por necessidades da sua vida profissional, para aqui tinham de vir?\u00a0 Quase nada, por certo, mas por vezes, encontram-se not\u00edcias interessantes, mas raras, muito raras mesmo. Cito, como achado \u00fanico, encontrado por um acaso, quando fazia pesquisas sobre teatro, o de ter trabalhado aqui, nos primeiros tempos do caminho de ferro, direi finais dos anos sessenta ou in\u00edcio de setenta, de oitocentos, um jovem que era telegrafista e aqui ajudou a fundar um grupo de teatro. Pois o jovem tornou-se no grande ator e empres\u00e1rio Afonso Taveira. Encontrei essa informa\u00e7\u00e3o na obra de Sousa Bastos, <em>Carteira do artista<\/em>:<\/p>\n<p>\u201c1850 \u2013 Nasce o ator Taveira.<\/p>\n<p>Afonso dos Reis Taveira \u00e9 natural da aldeia de Crestelo, freguesia de Fontes, concelho de Santa Marta de Penagui\u00e3o, prov\u00edncia de Tr\u00e1s-os-Montes.<\/p>\n<p>Dos 15 aos 20 anos foi empregado telegr\u00e1fico da Companhia dos Caminhos de Ferro.<\/p>\n<p>Quando esteve fazendo servi\u00e7o na esta\u00e7\u00e3o do Entroncamento, fundou com outros empregados uma sociedade dram\u00e1tica.<\/p>\n<p>No Porto estreou-se como ator num pequeno papel do drama <em>Lago de Kilarney<\/em>.<\/p>\n<p>Em 1879 foi pela primeira vez ao Brasil, visitando, com a sua companhia, Pernambuco e Maranh\u00e3o. Em 1882 entrou para o teatro de D. Maria e em 1883 foi para o Porto, escriturado para o Teatro Baquet. Foi por alguns anos ator e ensaiador da empresa Alves Rente, donde saiu para se associar com Jos\u00e9 Ricardo e Santinhos, explorando o teatro D. Afonso.\u201d<\/p>\n<p>N\u00e3o vou ma\u00e7ar os leitores com a continua\u00e7\u00e3o do percurso teatral de Taveira, que morreu no teatro da Trindade, quando ensaiava uma pe\u00e7a. Mas acho importante saber-se que o teatro nasceu aqui muito mais cedo do se pensa, e por iniciativa de algu\u00e9m que veio a ser um grande nome do teatro. Afonso Taveira, algu\u00e9m que passou, como muitos outros.<\/p>\n<p>.<\/p>\n<div class=\"fb-background-color\">\n\t\t\t  <div \n\t\t\t  \tclass = \"fb-comments\" \n\t\t\t  \tdata-href = \"https:\/\/www.entroncamentoonline.pt\/portal\/tera-o-neurocientista-antonio-rosa-damasio-sido-um-avo-chefe-da-estacao-do-entroncamento-1\/\"\n\t\t\t  \tdata-numposts = \"10\"\n\t\t\t  \tdata-lazy = \"true\"\n\t\t\t\tdata-colorscheme = \"light\"\n\t\t\t\tdata-order-by = \"social\"\n\t\t\t\tdata-mobile=true>\n\t\t\t  <\/div><\/div>\n\t\t  <style>\n\t\t    .fb-background-color {\n\t\t\t\tbackground:  !important;\n\t\t\t}\n\t\t\t.fb_iframe_widget_fluid_desktop iframe {\n\t\t\t    width: 100% !important;\n\t\t\t}\n\t\t  <\/style>\n\t\t  ","protected":false},"excerpt":{"rendered":"<p>Uma hip\u00f3tese com alguma probabilidade de ser verdadeira: o neurocientista Ant\u00f3nio Rosa Dam\u00e1sio ter tido um av\u00f4 chefe da esta\u00e7\u00e3o do Entroncamento Esta ideia ocorreu-me na primeira vez em que li, num jornal local dos anos trinta, algo sobre um chefe da esta\u00e7\u00e3o do Entroncamento, de apelido Dam\u00e1sio. Leio muitos jornais antigos, locais e regionais, [&hellip;]<\/p>\n","protected":false},"author":19,"featured_media":0,"comment_status":"open","ping_status":"closed","sticky":false,"template":"","format":"standard","meta":{"_acf_changed":false,"footnotes":""},"categories":[55,65],"tags":[],"class_list":{"0":"post-27068","1":"post","2":"type-post","3":"status-publish","4":"format-standard","6":"category-cronica","7":"category-manuela-poitout"},"acf":[],"_links":{"self":[{"href":"https:\/\/www.entroncamentoonline.pt\/portal\/wp-json\/wp\/v2\/posts\/27068","targetHints":{"allow":["GET"]}}],"collection":[{"href":"https:\/\/www.entroncamentoonline.pt\/portal\/wp-json\/wp\/v2\/posts"}],"about":[{"href":"https:\/\/www.entroncamentoonline.pt\/portal\/wp-json\/wp\/v2\/types\/post"}],"author":[{"embeddable":true,"href":"https:\/\/www.entroncamentoonline.pt\/portal\/wp-json\/wp\/v2\/users\/19"}],"replies":[{"embeddable":true,"href":"https:\/\/www.entroncamentoonline.pt\/portal\/wp-json\/wp\/v2\/comments?post=27068"}],"version-history":[{"count":0,"href":"https:\/\/www.entroncamentoonline.pt\/portal\/wp-json\/wp\/v2\/posts\/27068\/revisions"}],"wp:attachment":[{"href":"https:\/\/www.entroncamentoonline.pt\/portal\/wp-json\/wp\/v2\/media?parent=27068"}],"wp:term":[{"taxonomy":"category","embeddable":true,"href":"https:\/\/www.entroncamentoonline.pt\/portal\/wp-json\/wp\/v2\/categories?post=27068"},{"taxonomy":"post_tag","embeddable":true,"href":"https:\/\/www.entroncamentoonline.pt\/portal\/wp-json\/wp\/v2\/tags?post=27068"}],"curies":[{"name":"wp","href":"https:\/\/api.w.org\/{rel}","templated":true}]}}