{"id":23544,"date":"2020-09-16T15:26:08","date_gmt":"2020-09-16T14:26:08","guid":{"rendered":"https:\/\/www.entroncamentoonline.pt\/portal\/?p=23544"},"modified":"2020-09-17T17:05:43","modified_gmt":"2020-09-17T16:05:43","slug":"entroncamento-mais-um-caso-casos-ativos-com-covid-19-mas-sao-agora-76-os-casos-em-vigilancia-ativa","status":"publish","type":"post","link":"https:\/\/www.entroncamentoonline.pt\/portal\/entroncamento-mais-um-caso-casos-ativos-com-covid-19-mas-sao-agora-76-os-casos-em-vigilancia-ativa\/","title":{"rendered":"Entroncamento | Mais um caso de infe\u00e7\u00e3o com o Covid-19 e mais 5 casos em vigil\u00e2ncia ativa"},"content":{"rendered":"<p>Segundo o relat\u00f3rio do Agrupamento de Centros de Sa\u00fade do M\u00e9dio Tejo (ACESMT) divulgado esta quarta-feira, dia 16 de setembro, h\u00e1 mais um caso ativo com Covis-19 no Entroncamento e mais 5 casos em vigil\u00e2ncia ativa, sendo 39 casos ativos, num total de 79, sendo 40 os casos recuperados e 81 os casos em vigil\u00e2ncia ativa.<\/p>\n<p><img loading=\"lazy\" decoding=\"async\" class=\"aligncenter size-full wp-image-23599\" src=\"https:\/\/www.entroncamentoonline.pt\/portal\/wp-content\/uploads\/2020\/09\/ACESMT-1.jpg\" alt=\"\" width=\"539\" height=\"446\" \/><\/p>\n<p>A situa\u00e7\u00e3o no ACES do MT pelas 17h30, desta quarta-feira, dia 16 de setembro, era a seguinte.<\/p>\n<p><img loading=\"lazy\" decoding=\"async\" class=\"aligncenter size-full wp-image-23598\" src=\"https:\/\/www.entroncamentoonline.pt\/portal\/wp-content\/uploads\/2020\/09\/ACESMT.png\" alt=\"\" width=\"621\" height=\"443\" \/><\/p>\n<p style=\"text-align: center;\"><strong>Em Portugal nas \u00faltimas 24 horas | Mais 605 casos e 3 mortos<\/strong><\/p>\n<p>A n\u00edvel nacional esta quarta-feira regista-se mais 3 mortos num total de 1878 (anteriormente mais 4), os infetados s\u00e3o agora 65626, mais 605 do que ontem (anteriormente mais 425) e os casos recuperados s\u00e3o 44528, mais 166 do que ontem (anteriormente 177).<\/p>\n<p><img loading=\"lazy\" decoding=\"async\" class=\"aligncenter size-medium wp-image-23568\" src=\"https:\/\/www.entroncamentoonline.pt\/portal\/wp-content\/uploads\/2020\/09\/RelatorioDGS-1-661x800.jpg\" alt=\"\" width=\"661\" height=\"800\" \/><\/p>\n\n<div class=\"fb-background-color\">\n\t\t\t  <div \n\t\t\t  \tclass = \"fb-comments\" \n\t\t\t  \tdata-href = \"https:\/\/www.entroncamentoonline.pt\/portal\/entroncamento-mais-um-caso-casos-ativos-com-covid-19-mas-sao-agora-76-os-casos-em-vigilancia-ativa\/\"\n\t\t\t  \tdata-numposts = \"10\"\n\t\t\t  \tdata-lazy = \"true\"\n\t\t\t\tdata-colorscheme = \"light\"\n\t\t\t\tdata-order-by = \"social\"\n\t\t\t\tdata-mobile=true>\n\t\t\t  <\/div><\/div>\n\t\t  <style>\n\t\t    .fb-background-color {\n\t\t\t\tbackground:  !important;\n\t\t\t}\n\t\t\t.fb_iframe_widget_fluid_desktop iframe {\n\t\t\t    width: 100% !important;\n\t\t\t}\n\t\t  <\/style>\n\t\t  ","protected":false},"excerpt":{"rendered":"<p>Segundo o relat\u00f3rio do Agrupamento de Centros de Sa\u00fade do M\u00e9dio Tejo (ACESMT) divulgado esta quarta-feira, dia 16 de setembro, h\u00e1 mais um caso ativo com Covis-19 no Entroncamento e mais 5 casos em vigil\u00e2ncia ativa, sendo 39 casos ativos, num total de 79, sendo 40 os casos recuperados e 81 os casos em vigil\u00e2ncia [&hellip;]<\/p>\n","protected":false},"author":1,"featured_media":18755,"comment_status":"open","ping_status":"closed","sticky":false,"template":"","format":"standard","meta":{"_acf_changed":false,"footnotes":""},"categories":[1],"tags":[],"class_list":{"0":"post-23544","1":"post","2":"type-post","3":"status-publish","4":"format-standard","5":"has-post-thumbnail","7":"category-sem-categoria"},"acf":[],"_links":{"self":[{"href":"https:\/\/www.entroncamentoonline.pt\/portal\/wp-json\/wp\/v2\/posts\/23544","targetHints":{"allow":["GET"]}}],"collection":[{"href":"https:\/\/www.entroncamentoonline.pt\/portal\/wp-json\/wp\/v2\/posts"}],"about":[{"href":"https:\/\/www.entroncamentoonline.pt\/portal\/wp-json\/wp\/v2\/types\/post"}],"author":[{"embeddable":true,"href":"https:\/\/www.entroncamentoonline.pt\/portal\/wp-json\/wp\/v2\/users\/1"}],"replies":[{"embeddable":true,"href":"https:\/\/www.entroncamentoonline.pt\/portal\/wp-json\/wp\/v2\/comments?post=23544"}],"version-history":[{"count":0,"href":"https:\/\/www.entroncamentoonline.pt\/portal\/wp-json\/wp\/v2\/posts\/23544\/revisions"}],"wp:featuredmedia":[{"embeddable":true,"href":"https:\/\/www.entroncamentoonline.pt\/portal\/wp-json\/wp\/v2\/media\/18755"}],"wp:attachment":[{"href":"https:\/\/www.entroncamentoonline.pt\/portal\/wp-json\/wp\/v2\/media?parent=23544"}],"wp:term":[{"taxonomy":"category","embeddable":true,"href":"https:\/\/www.entroncamentoonline.pt\/portal\/wp-json\/wp\/v2\/categories?post=23544"},{"taxonomy":"post_tag","embeddable":true,"href":"https:\/\/www.entroncamentoonline.pt\/portal\/wp-json\/wp\/v2\/tags?post=23544"}],"curies":[{"name":"wp","href":"https:\/\/api.w.org\/{rel}","templated":true}]}}