{"id":23457,"date":"2020-09-15T15:58:36","date_gmt":"2020-09-15T14:58:36","guid":{"rendered":"https:\/\/www.entroncamentoonline.pt\/portal\/?p=23457"},"modified":"2022-04-26T16:34:18","modified_gmt":"2022-04-26T15:34:18","slug":"entroncamento-novos-horarios-das-missas-nas-igrejas-da-cidade","status":"publish","type":"post","link":"https:\/\/www.entroncamentoonline.pt\/portal\/entroncamento-novos-horarios-das-missas-nas-igrejas-da-cidade\/","title":{"rendered":"Entroncamento | Novos hor\u00e1rios das Missas nas Igrejas da Cidade"},"content":{"rendered":"<p>Foram alterados os hor\u00e1rios das Eucaristias nas duas Igrejas da Cidade do Entroncamento. Na Igreja da Sagrada Fam\u00edlia ao domingo as missas ser\u00e3o \u00e0s 9h30 (transmitida em direto no Facebook da Par\u00f3quia no EOL e na R\u00e1dio Voz) e \u00e0s 17h.<\/p>\n<p>Segunda, ter\u00e7a, quarta, quinta e sexta, a missa ser\u00e1 \u00e0s 18h (3\u00aa segunda-feira de cada m\u00eas haver\u00e1 missa \u00e0s 20h30). S\u00e1bado \u00e0s 17 horas.<\/p>\n<p>Na Igreja de Nossa senhora do Ros\u00e1rio de F\u00e1tima, a missa ao domingo ser\u00e1 \u00e0s 10h, quarta e sexta-feira, \u00e0s 18 h e aos s\u00e1bados \u00e0s 16 horas.<\/p>\n<p><img loading=\"lazy\" decoding=\"async\" class=\"aligncenter size-full wp-image-23458\" src=\"https:\/\/www.entroncamentoonline.pt\/portal\/wp-content\/uploads\/2020\/09\/horarios.jpg\" alt=\"\" width=\"614\" height=\"406\" \/><\/p>\n<div class=\"fb-background-color\">\n\t\t\t  <div \n\t\t\t  \tclass = \"fb-comments\" \n\t\t\t  \tdata-href = \"https:\/\/www.entroncamentoonline.pt\/portal\/entroncamento-novos-horarios-das-missas-nas-igrejas-da-cidade\/\"\n\t\t\t  \tdata-numposts = \"10\"\n\t\t\t  \tdata-lazy = \"true\"\n\t\t\t\tdata-colorscheme = \"light\"\n\t\t\t\tdata-order-by = \"social\"\n\t\t\t\tdata-mobile=true>\n\t\t\t  <\/div><\/div>\n\t\t  <style>\n\t\t    .fb-background-color {\n\t\t\t\tbackground:  !important;\n\t\t\t}\n\t\t\t.fb_iframe_widget_fluid_desktop iframe {\n\t\t\t    width: 100% !important;\n\t\t\t}\n\t\t  <\/style>\n\t\t  ","protected":false},"excerpt":{"rendered":"<p>Foram alterados os hor\u00e1rios das Eucaristias nas duas Igrejas da Cidade do Entroncamento. Na Igreja da Sagrada Fam\u00edlia ao domingo as missas ser\u00e3o \u00e0s 9h30 (transmitida em direto no Facebook da Par\u00f3quia no EOL e na R\u00e1dio Voz) e \u00e0s 17h. Segunda, ter\u00e7a, quarta, quinta e sexta, a missa ser\u00e1 \u00e0s 18h (3\u00aa segunda-feira de [&hellip;]<\/p>\n","protected":false},"author":1,"featured_media":23459,"comment_status":"open","ping_status":"closed","sticky":false,"template":"","format":"standard","meta":{"_acf_changed":false,"footnotes":""},"categories":[1],"tags":[],"class_list":{"0":"post-23457","1":"post","2":"type-post","3":"status-publish","4":"format-standard","5":"has-post-thumbnail","7":"category-sem-categoria"},"acf":[],"_links":{"self":[{"href":"https:\/\/www.entroncamentoonline.pt\/portal\/wp-json\/wp\/v2\/posts\/23457","targetHints":{"allow":["GET"]}}],"collection":[{"href":"https:\/\/www.entroncamentoonline.pt\/portal\/wp-json\/wp\/v2\/posts"}],"about":[{"href":"https:\/\/www.entroncamentoonline.pt\/portal\/wp-json\/wp\/v2\/types\/post"}],"author":[{"embeddable":true,"href":"https:\/\/www.entroncamentoonline.pt\/portal\/wp-json\/wp\/v2\/users\/1"}],"replies":[{"embeddable":true,"href":"https:\/\/www.entroncamentoonline.pt\/portal\/wp-json\/wp\/v2\/comments?post=23457"}],"version-history":[{"count":0,"href":"https:\/\/www.entroncamentoonline.pt\/portal\/wp-json\/wp\/v2\/posts\/23457\/revisions"}],"wp:featuredmedia":[{"embeddable":true,"href":"https:\/\/www.entroncamentoonline.pt\/portal\/wp-json\/wp\/v2\/media\/23459"}],"wp:attachment":[{"href":"https:\/\/www.entroncamentoonline.pt\/portal\/wp-json\/wp\/v2\/media?parent=23457"}],"wp:term":[{"taxonomy":"category","embeddable":true,"href":"https:\/\/www.entroncamentoonline.pt\/portal\/wp-json\/wp\/v2\/categories?post=23457"},{"taxonomy":"post_tag","embeddable":true,"href":"https:\/\/www.entroncamentoonline.pt\/portal\/wp-json\/wp\/v2\/tags?post=23457"}],"curies":[{"name":"wp","href":"https:\/\/api.w.org\/{rel}","templated":true}]}}