{"id":23430,"date":"2020-09-15T13:51:28","date_gmt":"2020-09-15T12:51:28","guid":{"rendered":"https:\/\/www.entroncamentoonline.pt\/portal\/?p=23430"},"modified":"2020-09-16T15:27:03","modified_gmt":"2020-09-16T14:27:03","slug":"entroncamento-nao-ha-novos-casos-ativos-com-covid-19-mas-sao-agora-71-os-casos-em-vigilancia-ativa","status":"publish","type":"post","link":"https:\/\/www.entroncamentoonline.pt\/portal\/entroncamento-nao-ha-novos-casos-ativos-com-covid-19-mas-sao-agora-71-os-casos-em-vigilancia-ativa\/","title":{"rendered":"Entroncamento | N\u00e3o h\u00e1 novos casos ativos com Covid-19, mas s\u00e3o agora 71 os casos em vigil\u00e2ncia ativa"},"content":{"rendered":"<p>H\u00e1 mais 22 pessoas em vigil\u00e2ncia ativa no Entroncamento.<\/p>\n<p>O ponto de situa\u00e7\u00e3o no Entroncamento esta ter\u00e7a-feira, dia 15 de setembro, \u00e9 de 38 casos ativos, num total de 78, sendo 40 os casos recuperados e 71 os casos em vigil\u00e2ncia ativa.<\/p>\n<p>A C\u00e2mara Municipal do Entroncamento e o Servi\u00e7o Municipal de Prote\u00e7\u00e3o Civil fazem diariamente o ponto de situa\u00e7\u00e3o em rela\u00e7\u00e3o \u00e0 pandemia do Covid-19, no concelho do Entroncamento.<\/p>\n<p><img loading=\"lazy\" decoding=\"async\" class=\"aligncenter size-full wp-image-23433\" src=\"https:\/\/www.entroncamentoonline.pt\/portal\/wp-content\/uploads\/2020\/09\/SitConEntroncamento.jpg\" alt=\"\" width=\"539\" height=\"446\" \/><\/p>\n<p>A situa\u00e7\u00e3o no ACES do MT pelas 17h30, desta ter\u00e7a-feira, dia 15 de setembro, apontava par mais 5 casos em vigil\u00e2ncia ativa no Entroncamento.<\/p>\n<p><img loading=\"lazy\" decoding=\"async\" class=\"aligncenter size-full wp-image-23462\" src=\"https:\/\/www.entroncamentoonline.pt\/portal\/wp-content\/uploads\/2020\/09\/ACESMT.jpg\" alt=\"\" width=\"621\" height=\"443\" \/><\/p>\n<p style=\"text-align: center;\"><strong>Em Portugal nas \u00faltimas 24 horas | Mais 425 casos e 4 mortos<\/strong><\/p>\n<p>A n\u00edvel nacional esta segunda-feira regista-se mais 4 mortos num total de 1875 (anteriormente mais 4), os infetados s\u00e3o agora 65021, mais 425 do que ontem (anteriormente mais 613) e os casos recuperados s\u00e3o 44362, mais 177 do que ontem (anteriormente 116).<\/p>\n<p><img loading=\"lazy\" decoding=\"async\" class=\"aligncenter size-medium wp-image-23438\" src=\"https:\/\/www.entroncamentoonline.pt\/portal\/wp-content\/uploads\/2020\/09\/RelatorioDGS-634x800.jpg\" alt=\"\" width=\"634\" height=\"800\" \/><\/p>\n\n<p>&nbsp;<\/p>\n<div class=\"fb-background-color\">\n\t\t\t  <div \n\t\t\t  \tclass = \"fb-comments\" \n\t\t\t  \tdata-href = \"https:\/\/www.entroncamentoonline.pt\/portal\/entroncamento-nao-ha-novos-casos-ativos-com-covid-19-mas-sao-agora-71-os-casos-em-vigilancia-ativa\/\"\n\t\t\t  \tdata-numposts = \"10\"\n\t\t\t  \tdata-lazy = \"true\"\n\t\t\t\tdata-colorscheme = \"light\"\n\t\t\t\tdata-order-by = \"social\"\n\t\t\t\tdata-mobile=true>\n\t\t\t  <\/div><\/div>\n\t\t  <style>\n\t\t    .fb-background-color {\n\t\t\t\tbackground:  !important;\n\t\t\t}\n\t\t\t.fb_iframe_widget_fluid_desktop iframe {\n\t\t\t    width: 100% !important;\n\t\t\t}\n\t\t  <\/style>\n\t\t  ","protected":false},"excerpt":{"rendered":"<p>H\u00e1 mais 22 pessoas em vigil\u00e2ncia ativa no Entroncamento. O ponto de situa\u00e7\u00e3o no Entroncamento esta ter\u00e7a-feira, dia 15 de setembro, \u00e9 de 38 casos ativos, num total de 78, sendo 40 os casos recuperados e 71 os casos em vigil\u00e2ncia ativa. A C\u00e2mara Municipal do Entroncamento e o Servi\u00e7o Municipal de Prote\u00e7\u00e3o Civil fazem [&hellip;]<\/p>\n","protected":false},"author":1,"featured_media":22250,"comment_status":"open","ping_status":"closed","sticky":false,"template":"","format":"standard","meta":{"_acf_changed":false,"footnotes":""},"categories":[1],"tags":[],"class_list":{"0":"post-23430","1":"post","2":"type-post","3":"status-publish","4":"format-standard","5":"has-post-thumbnail","7":"category-sem-categoria"},"acf":[],"_links":{"self":[{"href":"https:\/\/www.entroncamentoonline.pt\/portal\/wp-json\/wp\/v2\/posts\/23430","targetHints":{"allow":["GET"]}}],"collection":[{"href":"https:\/\/www.entroncamentoonline.pt\/portal\/wp-json\/wp\/v2\/posts"}],"about":[{"href":"https:\/\/www.entroncamentoonline.pt\/portal\/wp-json\/wp\/v2\/types\/post"}],"author":[{"embeddable":true,"href":"https:\/\/www.entroncamentoonline.pt\/portal\/wp-json\/wp\/v2\/users\/1"}],"replies":[{"embeddable":true,"href":"https:\/\/www.entroncamentoonline.pt\/portal\/wp-json\/wp\/v2\/comments?post=23430"}],"version-history":[{"count":0,"href":"https:\/\/www.entroncamentoonline.pt\/portal\/wp-json\/wp\/v2\/posts\/23430\/revisions"}],"wp:featuredmedia":[{"embeddable":true,"href":"https:\/\/www.entroncamentoonline.pt\/portal\/wp-json\/wp\/v2\/media\/22250"}],"wp:attachment":[{"href":"https:\/\/www.entroncamentoonline.pt\/portal\/wp-json\/wp\/v2\/media?parent=23430"}],"wp:term":[{"taxonomy":"category","embeddable":true,"href":"https:\/\/www.entroncamentoonline.pt\/portal\/wp-json\/wp\/v2\/categories?post=23430"},{"taxonomy":"post_tag","embeddable":true,"href":"https:\/\/www.entroncamentoonline.pt\/portal\/wp-json\/wp\/v2\/tags?post=23430"}],"curies":[{"name":"wp","href":"https:\/\/api.w.org\/{rel}","templated":true}]}}