{"id":23342,"date":"2020-09-12T17:17:12","date_gmt":"2020-09-12T16:17:12","guid":{"rendered":"https:\/\/www.entroncamentoonline.pt\/portal\/?p=23342"},"modified":"2020-09-17T22:26:12","modified_gmt":"2020-09-17T21:26:12","slug":"surto-no-lar-dos-ferroviarios-no-entroncamento-28-casos-positivos-com-covid-19-depois-de-todos-testados","status":"publish","type":"post","link":"https:\/\/www.entroncamentoonline.pt\/portal\/surto-no-lar-dos-ferroviarios-no-entroncamento-28-casos-positivos-com-covid-19-depois-de-todos-testados\/","title":{"rendered":"Surto no Lar dos Ferrovi\u00e1rios no Entroncamento | 28 casos positivos com Covid-19 depois de todos testados"},"content":{"rendered":"<p>J\u00e1 s\u00e3o conhecidos os resultados dos 151 testes realizados no Lar dos Ferrovi\u00e1rios no Entroncamento, depois de na quarta-feira uma utente ter testado positivo quando internada no Hospital com outra doen\u00e7a. Dos 71 trabalhadores e 81 utentes testados, 18 funcion\u00e1rios e 10 utentes testaram positivo, sendo que uma utente j\u00e1 faleceu e outra est\u00e1 internada com outra doen\u00e7a.<\/p>\n<p>A informa\u00e7\u00e3o foi prestada esta tarde pelo Presidente da C\u00e2mara Municipal do Entroncamento, Jorge Faria ma reuni\u00e3o da Comiss\u00e3o Municipal de prote\u00e7\u00e3o Civil (CMPC) convocada para o efeito e onde marcaram presen\u00e7a hoje o Comiss\u00e1rio da PSP, Andr\u00e9 Rodrigues, o Vice-Presidente da Associa\u00e7\u00e3o dos Lares Ferrovi\u00e1rios, Cipriano Pereira e a Diretora do Lar, Maria do C\u00e9u.<\/p>\n<p>O CERE ir\u00e1 assegurar o apoio domicili\u00e1rio.<\/p>\n<p>O Presidente da C\u00e2mara Municipal do Entroncamento, Jorge Faria, fez uma comunica\u00e7\u00e3o ao final da tarde de sexta-feira, na qual para al\u00e9m de comunicar a situa\u00e7\u00e3o, transmitiu que a situa\u00e7\u00e3o est\u00e1 controlada e que \u201cn\u00e3o existe nenhum caso positivo que mere\u00e7a alguma preocupa\u00e7\u00e3o\u201d.<\/p>\n<p><iframe loading=\"lazy\" title=\"Comunica\u00e7\u00e3o de Jorge Faria sobre o surto de Covid 19 no Lar dos Ferrovi\u00e1rios\" width=\"696\" height=\"392\" src=\"https:\/\/www.youtube.com\/embed\/K8PbK9p1z0M?feature=oembed\" frameborder=\"0\" allow=\"accelerometer; autoplay; clipboard-write; encrypted-media; gyroscope; picture-in-picture\" allowfullscreen><\/iframe><\/p>\n<p>&nbsp;<\/p>\n<div class=\"fb-background-color\">\n\t\t\t  <div \n\t\t\t  \tclass = \"fb-comments\" \n\t\t\t  \tdata-href = \"https:\/\/www.entroncamentoonline.pt\/portal\/surto-no-lar-dos-ferroviarios-no-entroncamento-28-casos-positivos-com-covid-19-depois-de-todos-testados\/\"\n\t\t\t  \tdata-numposts = \"10\"\n\t\t\t  \tdata-lazy = \"true\"\n\t\t\t\tdata-colorscheme = \"light\"\n\t\t\t\tdata-order-by = \"social\"\n\t\t\t\tdata-mobile=true>\n\t\t\t  <\/div><\/div>\n\t\t  <style>\n\t\t    .fb-background-color {\n\t\t\t\tbackground:  !important;\n\t\t\t}\n\t\t\t.fb_iframe_widget_fluid_desktop iframe {\n\t\t\t    width: 100% !important;\n\t\t\t}\n\t\t  <\/style>\n\t\t  ","protected":false},"excerpt":{"rendered":"<p>J\u00e1 s\u00e3o conhecidos os resultados dos 151 testes realizados no Lar dos Ferrovi\u00e1rios no Entroncamento, depois de na quarta-feira uma utente ter testado positivo quando internada no Hospital com outra doen\u00e7a. Dos 71 trabalhadores e 81 utentes testados, 18 funcion\u00e1rios e 10 utentes testaram positivo, sendo que uma utente j\u00e1 faleceu e outra est\u00e1 internada [&hellip;]<\/p>\n","protected":false},"author":1,"featured_media":23295,"comment_status":"open","ping_status":"closed","sticky":false,"template":"","format":"standard","meta":{"_acf_changed":false,"footnotes":""},"categories":[1],"tags":[],"class_list":{"0":"post-23342","1":"post","2":"type-post","3":"status-publish","4":"format-standard","5":"has-post-thumbnail","7":"category-sem-categoria"},"acf":[],"_links":{"self":[{"href":"https:\/\/www.entroncamentoonline.pt\/portal\/wp-json\/wp\/v2\/posts\/23342","targetHints":{"allow":["GET"]}}],"collection":[{"href":"https:\/\/www.entroncamentoonline.pt\/portal\/wp-json\/wp\/v2\/posts"}],"about":[{"href":"https:\/\/www.entroncamentoonline.pt\/portal\/wp-json\/wp\/v2\/types\/post"}],"author":[{"embeddable":true,"href":"https:\/\/www.entroncamentoonline.pt\/portal\/wp-json\/wp\/v2\/users\/1"}],"replies":[{"embeddable":true,"href":"https:\/\/www.entroncamentoonline.pt\/portal\/wp-json\/wp\/v2\/comments?post=23342"}],"version-history":[{"count":0,"href":"https:\/\/www.entroncamentoonline.pt\/portal\/wp-json\/wp\/v2\/posts\/23342\/revisions"}],"wp:featuredmedia":[{"embeddable":true,"href":"https:\/\/www.entroncamentoonline.pt\/portal\/wp-json\/wp\/v2\/media\/23295"}],"wp:attachment":[{"href":"https:\/\/www.entroncamentoonline.pt\/portal\/wp-json\/wp\/v2\/media?parent=23342"}],"wp:term":[{"taxonomy":"category","embeddable":true,"href":"https:\/\/www.entroncamentoonline.pt\/portal\/wp-json\/wp\/v2\/categories?post=23342"},{"taxonomy":"post_tag","embeddable":true,"href":"https:\/\/www.entroncamentoonline.pt\/portal\/wp-json\/wp\/v2\/tags?post=23342"}],"curies":[{"name":"wp","href":"https:\/\/api.w.org\/{rel}","templated":true}]}}