{"id":23293,"date":"2020-09-11T21:52:14","date_gmt":"2020-09-11T20:52:14","guid":{"rendered":"https:\/\/www.entroncamentoonline.pt\/portal\/?p=23293"},"modified":"2020-09-12T17:18:25","modified_gmt":"2020-09-12T16:18:25","slug":"entroncamento-surto-no-lar-dos-ferroviarios-regista-21-casos-positivos-com-covid-19","status":"publish","type":"post","link":"https:\/\/www.entroncamentoonline.pt\/portal\/entroncamento-surto-no-lar-dos-ferroviarios-regista-21-casos-positivos-com-covid-19\/","title":{"rendered":"Entroncamento | Surto no Lar dos Ferrovi\u00e1rios regista 21 casos positivos com Covid-19"},"content":{"rendered":"<p>No Lar dos Ferrovi\u00e1rios no Entroncamento foi identificado um surto de Covid-19 com 21 casos de Covid-19 detetados sendo que 18 s\u00e3o funcion\u00e1rios.<\/p>\n<p>O surto foi detetado na quarta-feira, ap\u00f3s uma utente de elevada idade e com uma doen\u00e7a grave ter sido internada num Hospital da regi\u00e3o e ao ser efetuado o teste, este revelou-se positivo. A utente viria, entretanto, a falecer, n\u00e3o tendo sido atribu\u00eddas \u00e0 Covid-19 as raz\u00f5es do \u00f3bito. De imediato os respons\u00e1veis de sa\u00fade realizaram 67 testes no Lar (52 funcion\u00e1rios e 15 utentes), tendo 21 deles testado positivo (18 funcion\u00e1rios).<\/p>\n<p><img loading=\"lazy\" decoding=\"async\" class=\"aligncenter size-medium wp-image-23294\" src=\"https:\/\/www.entroncamentoonline.pt\/portal\/wp-content\/uploads\/2020\/09\/JorgeFariapandemia1-800x450.jpg\" alt=\"\" width=\"800\" height=\"450\" srcset=\"https:\/\/www.entroncamentoonline.pt\/portal\/wp-content\/uploads\/2020\/09\/JorgeFariapandemia1-800x450.jpg 800w, https:\/\/www.entroncamentoonline.pt\/portal\/wp-content\/uploads\/2020\/09\/JorgeFariapandemia1-768x432.jpg 768w, https:\/\/www.entroncamentoonline.pt\/portal\/wp-content\/uploads\/2020\/09\/JorgeFariapandemia1-696x391.jpg 696w, https:\/\/www.entroncamentoonline.pt\/portal\/wp-content\/uploads\/2020\/09\/JorgeFariapandemia1-1068x600.jpg 1068w, https:\/\/www.entroncamentoonline.pt\/portal\/wp-content\/uploads\/2020\/09\/JorgeFariapandemia1-747x420.jpg 747w, https:\/\/www.entroncamentoonline.pt\/portal\/wp-content\/uploads\/2020\/09\/JorgeFariapandemia1.jpg 1366w\" sizes=\"auto, (max-width: 800px) 100vw, 800px\" \/><\/p>\n<p>Esta sexta-feira realizados 8 testes, aos restantes funcion\u00e1rios e utentes, cujos resultados dever\u00e3o ser conhecidos s\u00e1bado.<\/p>\n<p>A Dire\u00e7\u00e3o do Lar suspendeu de imediato as visitas e informou os familiares de todos os utentes, estando a cumprir o plano de conting\u00eancia em vigor.<\/p>\n<p>O CERE ir\u00e1 assegurar o apoio domicili\u00e1rio.<\/p>\n<p>O Presidente da C\u00e2mara Municipal do Entroncamento, Jorge Faria, fez uma comunica\u00e7\u00e3o ao final da tarde, na qual para al\u00e9m de comunicar a situa\u00e7\u00e3o, transmitiu que a situa\u00e7\u00e3o est\u00e1 controlada e que \u201cn\u00e3o existe nenhum caso positivo que mere\u00e7a alguma preocupa\u00e7\u00e3o\u201d.<\/p>\n<p><iframe loading=\"lazy\" title=\"Comunica\u00e7\u00e3o de Jorge Faria sobre o surto de Covid 19 no Lar dos Ferrovi\u00e1rios\" width=\"696\" height=\"392\" src=\"https:\/\/www.youtube.com\/embed\/K8PbK9p1z0M?feature=oembed\" frameborder=\"0\" allow=\"accelerometer; autoplay; encrypted-media; gyroscope; picture-in-picture\" allowfullscreen><\/iframe><\/p>\n<p>&nbsp;<\/p>\n<div class=\"fb-background-color\">\n\t\t\t  <div \n\t\t\t  \tclass = \"fb-comments\" \n\t\t\t  \tdata-href = \"https:\/\/www.entroncamentoonline.pt\/portal\/entroncamento-surto-no-lar-dos-ferroviarios-regista-21-casos-positivos-com-covid-19\/\"\n\t\t\t  \tdata-numposts = \"10\"\n\t\t\t  \tdata-lazy = \"true\"\n\t\t\t\tdata-colorscheme = \"light\"\n\t\t\t\tdata-order-by = \"social\"\n\t\t\t\tdata-mobile=true>\n\t\t\t  <\/div><\/div>\n\t\t  <style>\n\t\t    .fb-background-color {\n\t\t\t\tbackground:  !important;\n\t\t\t}\n\t\t\t.fb_iframe_widget_fluid_desktop iframe {\n\t\t\t    width: 100% !important;\n\t\t\t}\n\t\t  <\/style>\n\t\t  ","protected":false},"excerpt":{"rendered":"<p>No Lar dos Ferrovi\u00e1rios no Entroncamento foi identificado um surto de Covid-19 com 21 casos de Covid-19 detetados sendo que 18 s\u00e3o funcion\u00e1rios. O surto foi detetado na quarta-feira, ap\u00f3s uma utente de elevada idade e com uma doen\u00e7a grave ter sido internada num Hospital da regi\u00e3o e ao ser efetuado o teste, este revelou-se [&hellip;]<\/p>\n","protected":false},"author":1,"featured_media":23295,"comment_status":"open","ping_status":"closed","sticky":false,"template":"","format":"standard","meta":{"_acf_changed":false,"footnotes":""},"categories":[1],"tags":[],"class_list":{"0":"post-23293","1":"post","2":"type-post","3":"status-publish","4":"format-standard","5":"has-post-thumbnail","7":"category-sem-categoria"},"acf":[],"_links":{"self":[{"href":"https:\/\/www.entroncamentoonline.pt\/portal\/wp-json\/wp\/v2\/posts\/23293","targetHints":{"allow":["GET"]}}],"collection":[{"href":"https:\/\/www.entroncamentoonline.pt\/portal\/wp-json\/wp\/v2\/posts"}],"about":[{"href":"https:\/\/www.entroncamentoonline.pt\/portal\/wp-json\/wp\/v2\/types\/post"}],"author":[{"embeddable":true,"href":"https:\/\/www.entroncamentoonline.pt\/portal\/wp-json\/wp\/v2\/users\/1"}],"replies":[{"embeddable":true,"href":"https:\/\/www.entroncamentoonline.pt\/portal\/wp-json\/wp\/v2\/comments?post=23293"}],"version-history":[{"count":0,"href":"https:\/\/www.entroncamentoonline.pt\/portal\/wp-json\/wp\/v2\/posts\/23293\/revisions"}],"wp:featuredmedia":[{"embeddable":true,"href":"https:\/\/www.entroncamentoonline.pt\/portal\/wp-json\/wp\/v2\/media\/23295"}],"wp:attachment":[{"href":"https:\/\/www.entroncamentoonline.pt\/portal\/wp-json\/wp\/v2\/media?parent=23293"}],"wp:term":[{"taxonomy":"category","embeddable":true,"href":"https:\/\/www.entroncamentoonline.pt\/portal\/wp-json\/wp\/v2\/categories?post=23293"},{"taxonomy":"post_tag","embeddable":true,"href":"https:\/\/www.entroncamentoonline.pt\/portal\/wp-json\/wp\/v2\/tags?post=23293"}],"curies":[{"name":"wp","href":"https:\/\/api.w.org\/{rel}","templated":true}]}}