{"id":23182,"date":"2020-09-09T13:17:03","date_gmt":"2020-09-09T12:17:03","guid":{"rendered":"https:\/\/www.entroncamentoonline.pt\/portal\/?p=23182"},"modified":"2020-09-09T13:17:03","modified_gmt":"2020-09-09T12:17:03","slug":"constancia-presidente-da-arslvt-visitou-obras-da-extensao-de-saude-montalvo","status":"publish","type":"post","link":"https:\/\/www.entroncamentoonline.pt\/portal\/constancia-presidente-da-arslvt-visitou-obras-da-extensao-de-saude-montalvo\/","title":{"rendered":"Const\u00e2ncia | Presidente da ARSLVT visitou obras da Extens\u00e3o de Sa\u00fade Montalvo"},"content":{"rendered":"<p>O Presidente da Administra\u00e7\u00e3o Regional de Sa\u00fade de Lisboa e Vale do Tejo, Lu\u00eds Pisco, acompanhado pela Diretora Executiva do ACES M\u00e9dio Tejo, Diana Leiria, visitaram na ter\u00e7a-feira, as obras da Extens\u00e3o de Sa\u00fade Montalvo, concelho de Const\u00e2ncia.<\/p>\n<p>Na ocasi\u00e3o, al\u00e9m da verifica\u00e7\u00e3o do andamento dos trabalhos, o Presidente da C\u00e2mara Municipal de Const\u00e2ncia, S\u00e9rgio Oliveira, sensibilizou os respons\u00e1veis da sa\u00fade, para os problemas que t\u00eam chegado \u00e0 autarquia, no que concerne \u00e0 presta\u00e7\u00e3o de cuidados de sa\u00fade na freguesia de Santa Margarida da Coutada.<\/p>\n<p>Recorde-se que as obras da Extens\u00e3o de Sa\u00fade de Montalvo tiveram in\u00edcio nos primeiros dias do passado m\u00eas de mar\u00e7o.<\/p>\n<p>As obras em causa visam a adapta\u00e7\u00e3o do antigo edif\u00edcio de Escola de 1\u00ba Ciclo Dr. Jos\u00e9 Godinho, em Montalvo, para Extens\u00e3o de Sa\u00fade, as quais resultam de um protocolo assinado entre a Administra\u00e7\u00e3o Regional de Sa\u00fade de Lisboa e Vale do Tejo- ARSLVT e a C\u00e2mara Municipal de Const\u00e2ncia.<\/p>\n<p>A interven\u00e7\u00e3o prevista contempla a adapta\u00e7\u00e3o do interior do edif\u00edcio para o fim a que se destina, sendo que exteriormente ser\u00e3o efetuadas pequenas altera\u00e7\u00f5es, para cumprimento do layout definido pela ARSLVT.<\/p>\n<div class=\"fb-background-color\">\n\t\t\t  <div \n\t\t\t  \tclass = \"fb-comments\" \n\t\t\t  \tdata-href = \"https:\/\/www.entroncamentoonline.pt\/portal\/constancia-presidente-da-arslvt-visitou-obras-da-extensao-de-saude-montalvo\/\"\n\t\t\t  \tdata-numposts = \"10\"\n\t\t\t  \tdata-lazy = \"true\"\n\t\t\t\tdata-colorscheme = \"light\"\n\t\t\t\tdata-order-by = \"social\"\n\t\t\t\tdata-mobile=true>\n\t\t\t  <\/div><\/div>\n\t\t  <style>\n\t\t    .fb-background-color {\n\t\t\t\tbackground:  !important;\n\t\t\t}\n\t\t\t.fb_iframe_widget_fluid_desktop iframe {\n\t\t\t    width: 100% !important;\n\t\t\t}\n\t\t  <\/style>\n\t\t  ","protected":false},"excerpt":{"rendered":"<p>O Presidente da Administra\u00e7\u00e3o Regional de Sa\u00fade de Lisboa e Vale do Tejo, Lu\u00eds Pisco, acompanhado pela Diretora Executiva do ACES M\u00e9dio Tejo, Diana Leiria, visitaram na ter\u00e7a-feira, as obras da Extens\u00e3o de Sa\u00fade Montalvo, concelho de Const\u00e2ncia. Na ocasi\u00e3o, al\u00e9m da verifica\u00e7\u00e3o do andamento dos trabalhos, o Presidente da C\u00e2mara Municipal de Const\u00e2ncia, S\u00e9rgio [&hellip;]<\/p>\n","protected":false},"author":1,"featured_media":23183,"comment_status":"open","ping_status":"closed","sticky":false,"template":"","format":"standard","meta":{"_acf_changed":false,"footnotes":""},"categories":[34,32],"tags":[],"class_list":{"0":"post-23182","1":"post","2":"type-post","3":"status-publish","4":"format-standard","5":"has-post-thumbnail","7":"category-constancia","8":"category-noticias"},"acf":[],"_links":{"self":[{"href":"https:\/\/www.entroncamentoonline.pt\/portal\/wp-json\/wp\/v2\/posts\/23182","targetHints":{"allow":["GET"]}}],"collection":[{"href":"https:\/\/www.entroncamentoonline.pt\/portal\/wp-json\/wp\/v2\/posts"}],"about":[{"href":"https:\/\/www.entroncamentoonline.pt\/portal\/wp-json\/wp\/v2\/types\/post"}],"author":[{"embeddable":true,"href":"https:\/\/www.entroncamentoonline.pt\/portal\/wp-json\/wp\/v2\/users\/1"}],"replies":[{"embeddable":true,"href":"https:\/\/www.entroncamentoonline.pt\/portal\/wp-json\/wp\/v2\/comments?post=23182"}],"version-history":[{"count":0,"href":"https:\/\/www.entroncamentoonline.pt\/portal\/wp-json\/wp\/v2\/posts\/23182\/revisions"}],"wp:featuredmedia":[{"embeddable":true,"href":"https:\/\/www.entroncamentoonline.pt\/portal\/wp-json\/wp\/v2\/media\/23183"}],"wp:attachment":[{"href":"https:\/\/www.entroncamentoonline.pt\/portal\/wp-json\/wp\/v2\/media?parent=23182"}],"wp:term":[{"taxonomy":"category","embeddable":true,"href":"https:\/\/www.entroncamentoonline.pt\/portal\/wp-json\/wp\/v2\/categories?post=23182"},{"taxonomy":"post_tag","embeddable":true,"href":"https:\/\/www.entroncamentoonline.pt\/portal\/wp-json\/wp\/v2\/tags?post=23182"}],"curies":[{"name":"wp","href":"https:\/\/api.w.org\/{rel}","templated":true}]}}