{"id":22911,"date":"2020-09-01T14:29:38","date_gmt":"2020-09-01T13:29:38","guid":{"rendered":"https:\/\/www.entroncamentoonline.pt\/portal\/?p=22911"},"modified":"2020-09-02T18:13:13","modified_gmt":"2020-09-02T17:13:13","slug":"entroncamento-nao-ha-registo-de-novas-infecoes-com-covid-19-e-sao-menos-3-os-casos-em-vigilancia-ativa","status":"publish","type":"post","link":"https:\/\/www.entroncamentoonline.pt\/portal\/entroncamento-nao-ha-registo-de-novas-infecoes-com-covid-19-e-sao-menos-3-os-casos-em-vigilancia-ativa\/","title":{"rendered":"Entroncamento | N\u00e3o h\u00e1 registo de novas infe\u00e7\u00f5es com Covid-19 e s\u00e3o menos 3 os casos em vigil\u00e2ncia ativa"},"content":{"rendered":"<p>O ponto de situa\u00e7\u00e3o no Entroncamento esta ter\u00e7a-feira, dia 1 de\u00a0setembro, \u00e9 de 8 casos ativos, num total de 48, sendo 40 os casos recuperados e 22 casos em vigil\u00e2ncia ativa.<\/p>\n<p>A C\u00e2mara Municipal do Entroncamento e o Servi\u00e7o Municipal de Prote\u00e7\u00e3o Civil fazem diariamente o ponto de situa\u00e7\u00e3o em rela\u00e7\u00e3o \u00e0 pandemia do Covid-19, no concelho do Entroncamento.<\/p>\n<p><img loading=\"lazy\" decoding=\"async\" class=\"aligncenter size-full wp-image-22914\" src=\"https:\/\/www.entroncamentoonline.pt\/portal\/wp-content\/uploads\/2020\/09\/SitConEntroncamento.jpg\" alt=\"\" width=\"539\" height=\"446\" \/><\/p>\n<p>A situa\u00e7\u00e3o no ACES do MT pelas 19h30, desta ter\u00e7a-feira, dia 1 de setembro, era a seguinte:<\/p>\n<p><img loading=\"lazy\" decoding=\"async\" class=\"aligncenter size-full wp-image-22931\" src=\"https:\/\/www.entroncamentoonline.pt\/portal\/wp-content\/uploads\/2020\/09\/ACESMT.jpg\" alt=\"\" width=\"484\" height=\"367\" \/><\/p>\n<p style=\"text-align: center;\"><strong>Em Portugal nas \u00faltimas 24 horas | Mais 231 casos e 2 mortos<\/strong><\/p>\n<p>A n\u00edvel nacional esta ter\u00e7a-feira regista-se um n\u00famero de mortos de 1824 mais 2 do que ontem (anteriormente mais 3), os infetados s\u00e3o agora 58243, mais 231 do que ontem (anteriormente mais 244) e os casos recuperados s\u00e3o 42104, mais 143 do que ontem (anteriormente 76).<\/p>\n<p><img loading=\"lazy\" decoding=\"async\" class=\"aligncenter size-medium wp-image-22915\" src=\"https:\/\/www.entroncamentoonline.pt\/portal\/wp-content\/uploads\/2020\/09\/RelatorioDGS-656x800.jpg\" alt=\"\" width=\"656\" height=\"800\" \/><\/p>\n\n<div class=\"fb-background-color\">\n\t\t\t  <div \n\t\t\t  \tclass = \"fb-comments\" \n\t\t\t  \tdata-href = \"https:\/\/www.entroncamentoonline.pt\/portal\/entroncamento-nao-ha-registo-de-novas-infecoes-com-covid-19-e-sao-menos-3-os-casos-em-vigilancia-ativa\/\"\n\t\t\t  \tdata-numposts = \"10\"\n\t\t\t  \tdata-lazy = \"true\"\n\t\t\t\tdata-colorscheme = \"light\"\n\t\t\t\tdata-order-by = \"social\"\n\t\t\t\tdata-mobile=true>\n\t\t\t  <\/div><\/div>\n\t\t  <style>\n\t\t    .fb-background-color {\n\t\t\t\tbackground:  !important;\n\t\t\t}\n\t\t\t.fb_iframe_widget_fluid_desktop iframe {\n\t\t\t    width: 100% !important;\n\t\t\t}\n\t\t  <\/style>\n\t\t  ","protected":false},"excerpt":{"rendered":"<p>O ponto de situa\u00e7\u00e3o no Entroncamento esta ter\u00e7a-feira, dia 1 de\u00a0setembro, \u00e9 de 8 casos ativos, num total de 48, sendo 40 os casos recuperados e 22 casos em vigil\u00e2ncia ativa. A C\u00e2mara Municipal do Entroncamento e o Servi\u00e7o Municipal de Prote\u00e7\u00e3o Civil fazem diariamente o ponto de situa\u00e7\u00e3o em rela\u00e7\u00e3o \u00e0 pandemia do Covid-19, [&hellip;]<\/p>\n","protected":false},"author":1,"featured_media":22913,"comment_status":"open","ping_status":"closed","sticky":false,"template":"","format":"standard","meta":{"_acf_changed":false,"footnotes":""},"categories":[1],"tags":[],"class_list":{"0":"post-22911","1":"post","2":"type-post","3":"status-publish","4":"format-standard","5":"has-post-thumbnail","7":"category-sem-categoria"},"acf":[],"_links":{"self":[{"href":"https:\/\/www.entroncamentoonline.pt\/portal\/wp-json\/wp\/v2\/posts\/22911","targetHints":{"allow":["GET"]}}],"collection":[{"href":"https:\/\/www.entroncamentoonline.pt\/portal\/wp-json\/wp\/v2\/posts"}],"about":[{"href":"https:\/\/www.entroncamentoonline.pt\/portal\/wp-json\/wp\/v2\/types\/post"}],"author":[{"embeddable":true,"href":"https:\/\/www.entroncamentoonline.pt\/portal\/wp-json\/wp\/v2\/users\/1"}],"replies":[{"embeddable":true,"href":"https:\/\/www.entroncamentoonline.pt\/portal\/wp-json\/wp\/v2\/comments?post=22911"}],"version-history":[{"count":0,"href":"https:\/\/www.entroncamentoonline.pt\/portal\/wp-json\/wp\/v2\/posts\/22911\/revisions"}],"wp:featuredmedia":[{"embeddable":true,"href":"https:\/\/www.entroncamentoonline.pt\/portal\/wp-json\/wp\/v2\/media\/22913"}],"wp:attachment":[{"href":"https:\/\/www.entroncamentoonline.pt\/portal\/wp-json\/wp\/v2\/media?parent=22911"}],"wp:term":[{"taxonomy":"category","embeddable":true,"href":"https:\/\/www.entroncamentoonline.pt\/portal\/wp-json\/wp\/v2\/categories?post=22911"},{"taxonomy":"post_tag","embeddable":true,"href":"https:\/\/www.entroncamentoonline.pt\/portal\/wp-json\/wp\/v2\/tags?post=22911"}],"curies":[{"name":"wp","href":"https:\/\/api.w.org\/{rel}","templated":true}]}}