{"id":22619,"date":"2020-08-23T15:25:36","date_gmt":"2020-08-23T14:25:36","guid":{"rendered":"https:\/\/www.entroncamentoonline.pt\/portal\/?p=22619"},"modified":"2020-08-24T14:14:22","modified_gmt":"2020-08-24T13:14:22","slug":"entroncamento-nao-ha-novos-casos-de-infecao-com-a-covid-19","status":"publish","type":"post","link":"https:\/\/www.entroncamentoonline.pt\/portal\/entroncamento-nao-ha-novos-casos-de-infecao-com-a-covid-19\/","title":{"rendered":"Entroncamento | N\u00e3o h\u00e1 novos casos de infe\u00e7\u00e3o com a Covid-19\u00a0"},"content":{"rendered":"<p>Este domingo, dia 23 de agosto n\u00e3o houve \u201cponto da situa\u00e7\u00e3o\u201d no concelho do Entroncamento pelo SMPC e CME. Segundo informa\u00e7\u00e3o do Agrupamento de Centros de Sa\u00fade do M\u00e9dio Tejo (ACESMT), n\u00e3o h\u00e1 registo de novos casos de infe\u00e7\u00e3o com a Covid-19 nem no Entroncamento, nem na zona do M\u00e9dio Tejo, e no Entroncamento s\u00e3o 40 os casos recuperados, 6 ativos e 7 em vigil\u00e2ncia ativa.<\/p>\n<p>A situa\u00e7\u00e3o no ACES do MT pelas 12h00, deste domingo, dia 23 de agosto, era a seguinte:<\/p>\n<p><img loading=\"lazy\" decoding=\"async\" class=\"aligncenter size-full wp-image-22632\" src=\"https:\/\/www.entroncamentoonline.pt\/portal\/wp-content\/uploads\/2020\/08\/ACESMT-1.jpg\" alt=\"\" width=\"484\" height=\"367\" \/><\/p>\n<p style=\"text-align: center;\"><strong>Em Portugal nas \u00faltimas 24 horas | Mais 145 casos e 2 mortos<\/strong><\/p>\n<p>A n\u00edvel nacional este domingo regista-se um n\u00famero de mortos de 1796 mais 2 do que ontem (anteriormente mais 2), os infetados s\u00e3o agora 55597, mais 145 do que ontem (anteriormente mais 241) e os casos recuperados s\u00e3o 40774, mais 122 do que ontem (anteriormente 179).<\/p>\n<p><img loading=\"lazy\" decoding=\"async\" class=\"aligncenter size-full wp-image-22621\" src=\"https:\/\/www.entroncamentoonline.pt\/portal\/wp-content\/uploads\/2020\/08\/Relat\u00f3rioDGS-1.jpg\" alt=\"\" width=\"493\" height=\"617\" \/><\/p>\n\n<div class=\"fb-background-color\">\n\t\t\t  <div \n\t\t\t  \tclass = \"fb-comments\" \n\t\t\t  \tdata-href = \"https:\/\/www.entroncamentoonline.pt\/portal\/entroncamento-nao-ha-novos-casos-de-infecao-com-a-covid-19\/\"\n\t\t\t  \tdata-numposts = \"10\"\n\t\t\t  \tdata-lazy = \"true\"\n\t\t\t\tdata-colorscheme = \"light\"\n\t\t\t\tdata-order-by = \"social\"\n\t\t\t\tdata-mobile=true>\n\t\t\t  <\/div><\/div>\n\t\t  <style>\n\t\t    .fb-background-color {\n\t\t\t\tbackground:  !important;\n\t\t\t}\n\t\t\t.fb_iframe_widget_fluid_desktop iframe {\n\t\t\t    width: 100% !important;\n\t\t\t}\n\t\t  <\/style>\n\t\t  ","protected":false},"excerpt":{"rendered":"<p>Este domingo, dia 23 de agosto n\u00e3o houve \u201cponto da situa\u00e7\u00e3o\u201d no concelho do Entroncamento pelo SMPC e CME. Segundo informa\u00e7\u00e3o do Agrupamento de Centros de Sa\u00fade do M\u00e9dio Tejo (ACESMT), n\u00e3o h\u00e1 registo de novos casos de infe\u00e7\u00e3o com a Covid-19 nem no Entroncamento, nem na zona do M\u00e9dio Tejo, e no Entroncamento s\u00e3o [&hellip;]<\/p>\n","protected":false},"author":1,"featured_media":22631,"comment_status":"open","ping_status":"closed","sticky":false,"template":"","format":"standard","meta":{"_acf_changed":false,"footnotes":""},"categories":[1],"tags":[],"class_list":{"0":"post-22619","1":"post","2":"type-post","3":"status-publish","4":"format-standard","5":"has-post-thumbnail","7":"category-sem-categoria"},"acf":[],"_links":{"self":[{"href":"https:\/\/www.entroncamentoonline.pt\/portal\/wp-json\/wp\/v2\/posts\/22619","targetHints":{"allow":["GET"]}}],"collection":[{"href":"https:\/\/www.entroncamentoonline.pt\/portal\/wp-json\/wp\/v2\/posts"}],"about":[{"href":"https:\/\/www.entroncamentoonline.pt\/portal\/wp-json\/wp\/v2\/types\/post"}],"author":[{"embeddable":true,"href":"https:\/\/www.entroncamentoonline.pt\/portal\/wp-json\/wp\/v2\/users\/1"}],"replies":[{"embeddable":true,"href":"https:\/\/www.entroncamentoonline.pt\/portal\/wp-json\/wp\/v2\/comments?post=22619"}],"version-history":[{"count":0,"href":"https:\/\/www.entroncamentoonline.pt\/portal\/wp-json\/wp\/v2\/posts\/22619\/revisions"}],"wp:featuredmedia":[{"embeddable":true,"href":"https:\/\/www.entroncamentoonline.pt\/portal\/wp-json\/wp\/v2\/media\/22631"}],"wp:attachment":[{"href":"https:\/\/www.entroncamentoonline.pt\/portal\/wp-json\/wp\/v2\/media?parent=22619"}],"wp:term":[{"taxonomy":"category","embeddable":true,"href":"https:\/\/www.entroncamentoonline.pt\/portal\/wp-json\/wp\/v2\/categories?post=22619"},{"taxonomy":"post_tag","embeddable":true,"href":"https:\/\/www.entroncamentoonline.pt\/portal\/wp-json\/wp\/v2\/tags?post=22619"}],"curies":[{"name":"wp","href":"https:\/\/api.w.org\/{rel}","templated":true}]}}