{"id":22353,"date":"2020-08-11T19:28:12","date_gmt":"2020-08-11T18:28:12","guid":{"rendered":"https:\/\/www.entroncamentoonline.pt\/portal\/?p=22353"},"modified":"2020-10-10T03:56:49","modified_gmt":"2020-10-10T02:56:49","slug":"instituto-portugues-do-desporto-e-juventude-comemora-dia-internacional-da-juventude","status":"publish","type":"post","link":"https:\/\/www.entroncamentoonline.pt\/portal\/instituto-portugues-do-desporto-e-juventude-comemora-dia-internacional-da-juventude\/","title":{"rendered":"Instituto Portugu\u00eas do Desporto e Juventude comemora Dia Internacional da Juventude"},"content":{"rendered":"<p>O Instituto Portugu\u00eas do Desporto e Juventude (IPDJ), em parceria com o Conselho Nacional de Juventude (CNJ) e com a Federa\u00e7\u00e3o Nacional das Associa\u00e7\u00f5es Juvenis (FNAJ), vai promover no pr\u00f3ximo dia 12 de agosto o Dia Internacional da Juventude.<\/p>\n<p>A a\u00e7\u00e3o, dentro das regras impostas pela Dire\u00e7\u00e3o Geral da Sa\u00fade, vai levar para a rua mais de 700 jovens, em grupos de 10 elementos, espalhados por mais de 35 praias, duas por distrito, costeiras e fluviais e contou com apoio de todos os munic\u00edpios envolvidos. O objetivo, na celebra\u00e7\u00e3o da data, \u00e9 sensibilizar a juventude para a sustentabilidade ambiental, com a recolha de lixo nas praias.<\/p>\n<p>2020 \u00e9 o ano marcado pelos 75 anos da Carta das Na\u00e7\u00f5es Unidas, tendo em conta que a comunidade internacional tem exatamente uma d\u00e9cada para atingir os Objetivos de Desenvolvimento Sustent\u00e1vel. Assim, a Organiza\u00e7\u00e3o das Na\u00e7\u00f5es Unidas estabeleceu como tema para este Dia Internacional da Juventude o \u201cCompromisso Jovem para a A\u00e7\u00e3o Global\u201d.<\/p>\n<p>Recorde-se que, em 1999, atrav\u00e9s da Resolu\u00e7\u00e3o 54\/120, a Assembleia Geral das Na\u00e7\u00f5es Unidas endossou a recomenda\u00e7\u00e3o feita pela Confer\u00eancia Mundial de Ministros Respons\u00e1veis pela Juventude (que teve lugar em Lisboa, entre 8 e 12 de agosto de 1998) de que 12 de agosto fosse declarado como o Dia Internacional da Juventude.<\/p>\n<h6>Lista de praias do evento:<\/h6>\n<p>NORTE<\/p>\n<p>Braga<br \/>\n15-18h, Praia da Foz do Neiva \u2013 20 dinamizadores<br \/>\n10-13h, Praia fluvial de Ada\u00fafe, Braga \u2013 10<\/p>\n<p>Bragan\u00e7a<br \/>\n16h30-19h, Praia fluvial da Fraga, Macedo de Cavaleiros \u2013 10<br \/>\n14h30-16h, Praia fluvial de Mirandela \u2013 10<\/p>\n<p>Porto<br \/>\n10-12h, Para Senhor da Pedra, Gaia \u2013 20<br \/>\n15-18h, Praia do Aterro, Le\u00e7a da Palmeira \u2013 20<\/p>\n<h6>Viana do Castelo<br \/>\n16-18h, Praia do Cabedelo \u2013 20<br \/>\n10-12h, Praia fluvial de Arcos de Valdevez \u2013 10<\/h6>\n<p>Vila Real<br \/>\n9h30-12h, Praia fluvial do Raba\u00e7al \u2013 10<\/p>\n<p>CENTRO<\/p>\n<p>Aveiro<br \/>\n16-18h, Praia da Costa Nova \u2013 20<\/p>\n<p>Castelo Branco<br \/>\n17-19h, Praia fluvial do Sesmo, Serzedas, CB \u2013 20<\/p>\n<p>Coimbra<br \/>\n10h30-12h, Praia fluvial da N. S. Piedade, Lous\u00e3 \u2013 20<br \/>\n15h30-17h, Praia da Tocha, Cantanhede \u2013 20<\/p>\n<h6>Guarda<br \/>\n15-18h, Praia fluvial de Aldeia Vi\u00e7osa \u2013 20<\/h6>\n<p>Leiria<br \/>\n11-12h, Praia Velha de S. Pedro de Moel, Marinha Grande \u2013 20<br \/>\n15h30-16h30, Praia fluvial de Fragas de S\u00e3o Sim\u00e3o, Figueir\u00f3 dos Vinhos \u2013 20<br \/>\n15-18h, Praia de S\u00e3o Martinho, Alcoba\u00e7a \u2013 20<\/p>\n<h6>Viseu<br \/>\n15-19h, Praia fluvial de Senhora da Ribeira, S. Comba D\u00e3o \u2013 20<br \/>\n9h30-12h, Praia Fluvial da Folgosa, Castro Daire \u2013 20<\/h6>\n<p>LISBOA E VALE DO TEJO<\/p>\n<p>Oeste<br \/>\n10-13h, Praia da Foz do Arelho, Caldas da Rainha \u2013 10<\/p>\n<p>Lisboa<br \/>\n13-17h, Praia Grande, Sintra \u2013 10<br \/>\n10-13h, Praia da Foz do Lizandro, Mafra \u2013 10<\/p>\n<p>Santar\u00e9m<br \/>\n15-18h, Olhos de \u00c1gua, Alcanena \u2013 10<br \/>\n15-18h, Praia fluvial de Carvoeiro, Ma\u00e7\u00e3o \u2013 10<\/p>\n<p>Set\u00fabal<br \/>\n9h30-12h30, Praias da Costa da Caparica, Frente Urbana \u2013 10<\/p>\n<p>ALENTEJO<\/p>\n<p>Beja<br \/>\n10-18h, Parque Fluvial de Cinco Reis, Beja \u2013 20<br \/>\n10-18h, Praia da Albufeira da Tapada Grande, Achada do Gamo \u2013 10<\/p>\n<p>\u00c9vora<br \/>\n10-18h, Praia fluvial da Amieira, Amieira \u2013 20<br \/>\n10-18h, Praia fluvial de Mour\u00e3o, Mour\u00e3o \u2013 20<\/p>\n<p>Portalegre<br \/>\n10-18h, Albufeira de Montargil, Ponte de Sor \u2013 20<\/p>\n<p>ALGARVE<\/p>\n<p>Faro<br \/>\n16-18h, Praia de Ferragudo \u2013 10<br \/>\n17-19h, Praia da ilha de Faro \u2013 10<\/p>\n<div class=\"fb-background-color\">\n\t\t\t  <div \n\t\t\t  \tclass = \"fb-comments\" \n\t\t\t  \tdata-href = \"https:\/\/www.entroncamentoonline.pt\/portal\/instituto-portugues-do-desporto-e-juventude-comemora-dia-internacional-da-juventude\/\"\n\t\t\t  \tdata-numposts = \"10\"\n\t\t\t  \tdata-lazy = \"true\"\n\t\t\t\tdata-colorscheme = \"light\"\n\t\t\t\tdata-order-by = \"social\"\n\t\t\t\tdata-mobile=true>\n\t\t\t  <\/div><\/div>\n\t\t  <style>\n\t\t    .fb-background-color {\n\t\t\t\tbackground:  !important;\n\t\t\t}\n\t\t\t.fb_iframe_widget_fluid_desktop iframe {\n\t\t\t    width: 100% !important;\n\t\t\t}\n\t\t  <\/style>\n\t\t  ","protected":false},"excerpt":{"rendered":"<p>O Instituto Portugu\u00eas do Desporto e Juventude (IPDJ), em parceria com o Conselho Nacional de Juventude (CNJ) e com a Federa\u00e7\u00e3o Nacional das Associa\u00e7\u00f5es Juvenis (FNAJ), vai promover no pr\u00f3ximo dia 12 de agosto o Dia Internacional da Juventude. A a\u00e7\u00e3o, dentro das regras impostas pela Dire\u00e7\u00e3o Geral da Sa\u00fade, vai levar para a rua [&hellip;]<\/p>\n","protected":false},"author":1,"featured_media":22350,"comment_status":"open","ping_status":"closed","sticky":false,"template":"","format":"standard","meta":{"_acf_changed":false,"footnotes":""},"categories":[1],"tags":[],"class_list":{"0":"post-22353","1":"post","2":"type-post","3":"status-publish","4":"format-standard","5":"has-post-thumbnail","7":"category-sem-categoria"},"acf":[],"_links":{"self":[{"href":"https:\/\/www.entroncamentoonline.pt\/portal\/wp-json\/wp\/v2\/posts\/22353","targetHints":{"allow":["GET"]}}],"collection":[{"href":"https:\/\/www.entroncamentoonline.pt\/portal\/wp-json\/wp\/v2\/posts"}],"about":[{"href":"https:\/\/www.entroncamentoonline.pt\/portal\/wp-json\/wp\/v2\/types\/post"}],"author":[{"embeddable":true,"href":"https:\/\/www.entroncamentoonline.pt\/portal\/wp-json\/wp\/v2\/users\/1"}],"replies":[{"embeddable":true,"href":"https:\/\/www.entroncamentoonline.pt\/portal\/wp-json\/wp\/v2\/comments?post=22353"}],"version-history":[{"count":0,"href":"https:\/\/www.entroncamentoonline.pt\/portal\/wp-json\/wp\/v2\/posts\/22353\/revisions"}],"wp:featuredmedia":[{"embeddable":true,"href":"https:\/\/www.entroncamentoonline.pt\/portal\/wp-json\/wp\/v2\/media\/22350"}],"wp:attachment":[{"href":"https:\/\/www.entroncamentoonline.pt\/portal\/wp-json\/wp\/v2\/media?parent=22353"}],"wp:term":[{"taxonomy":"category","embeddable":true,"href":"https:\/\/www.entroncamentoonline.pt\/portal\/wp-json\/wp\/v2\/categories?post=22353"},{"taxonomy":"post_tag","embeddable":true,"href":"https:\/\/www.entroncamentoonline.pt\/portal\/wp-json\/wp\/v2\/tags?post=22353"}],"curies":[{"name":"wp","href":"https:\/\/api.w.org\/{rel}","templated":true}]}}