{"id":22089,"date":"2020-08-04T13:06:24","date_gmt":"2020-08-04T12:06:24","guid":{"rendered":"https:\/\/www.entroncamentoonline.pt\/portal\/?p=22089"},"modified":"2020-08-05T13:09:56","modified_gmt":"2020-08-05T12:09:56","slug":"covid-19-no-entroncamento-situacao-sem-alteracao-10-casos-ativos-e-24-casos-em-vigilancia-ativa","status":"publish","type":"post","link":"https:\/\/www.entroncamentoonline.pt\/portal\/covid-19-no-entroncamento-situacao-sem-alteracao-10-casos-ativos-e-24-casos-em-vigilancia-ativa\/","title":{"rendered":"Covid-19 no Entroncamento | Situa\u00e7\u00e3o sem altera\u00e7\u00e3o | 10 casos ativos e 24 casos em vigil\u00e2ncia ativa"},"content":{"rendered":"<p>O ponto de situa\u00e7\u00e3o no Entroncamento esta ter\u00e7a-feira, dia 4 de agosto, \u00e9 de 10 casos ativos, num total de 40, sendo 30 os casos recuperados e 24 casos em vigil\u00e2ncia ativa.<\/p>\n<p>A C\u00e2mara Municipal do Entroncamento e o Servi\u00e7o Municipal de Prote\u00e7\u00e3o Civil fazem diariamente o ponto de situa\u00e7\u00e3o em rela\u00e7\u00e3o \u00e0 pandemia do Covid-19, no concelho do Entroncamento.<\/p>\n<p><img loading=\"lazy\" decoding=\"async\" class=\"aligncenter size-full wp-image-22066\" src=\"https:\/\/www.entroncamentoonline.pt\/portal\/wp-content\/uploads\/2020\/08\/SitConEntroncamento-2.jpg\" alt=\"\" width=\"420\" height=\"372\" \/><\/p>\n<p>A situa\u00e7\u00e3o no ACES do MT pelas 18h30, desta ter\u00e7a-feira, dia 4 de agosto, era a seguinte:<\/p>\n<p><img loading=\"lazy\" decoding=\"async\" class=\"aligncenter size-full wp-image-22105\" src=\"https:\/\/www.entroncamentoonline.pt\/portal\/wp-content\/uploads\/2020\/08\/ACESMT.png\" alt=\"\" width=\"429\" height=\"367\" \/><\/p>\n<p style=\"text-align: center;\"><strong>Em Portugal nas \u00faltimas 24 horas | Mais 112 casos e 1 morto<\/strong><\/p>\n<p>A n\u00edvel nacional esta ter\u00e7a-feira regista-se um n\u00famero de mortos de 1739, mais 1 do que ontem (anteriormente mais 0), os infetados s\u00e3o agora 51681, mais 112 do que ontem (anteriormente mais 106) e os casos recuperados s\u00e3o 37318, mais 207 do que ontem (anteriormente 127).<\/p>\n<p><img loading=\"lazy\" decoding=\"async\" class=\"aligncenter size-full wp-image-22097\" src=\"https:\/\/www.entroncamentoonline.pt\/portal\/wp-content\/uploads\/2020\/08\/Relat\u00f3rioDGS-2.jpg\" alt=\"\" width=\"575\" height=\"615\" \/><\/p>\n<figure id=\"attachment_22099\" aria-describedby=\"caption-attachment-22099\" style=\"width: 800px\" class=\"wp-caption aligncenter\"><img loading=\"lazy\" decoding=\"async\" class=\"size-medium wp-image-22099\" src=\"https:\/\/www.entroncamentoonline.pt\/portal\/wp-content\/uploads\/2020\/08\/MapasCovid-3-800x566.jpg\" alt=\"\" width=\"800\" height=\"566\" \/><figcaption id=\"caption-attachment-22099\" class=\"wp-caption-text\">Recolha de Levy Correia<\/figcaption><\/figure>\n<figure id=\"attachment_22102\" aria-describedby=\"caption-attachment-22102\" style=\"width: 800px\" class=\"wp-caption aligncenter\"><img loading=\"lazy\" decoding=\"async\" class=\"size-medium wp-image-22102\" src=\"https:\/\/www.entroncamentoonline.pt\/portal\/wp-content\/uploads\/2020\/08\/MapasCovid1-3-800x566.jpg\" alt=\"\" width=\"800\" height=\"566\" \/><figcaption id=\"caption-attachment-22102\" class=\"wp-caption-text\">Recolha de Levy Correia<\/figcaption><\/figure>\n<figure id=\"attachment_22101\" aria-describedby=\"caption-attachment-22101\" style=\"width: 800px\" class=\"wp-caption aligncenter\"><img loading=\"lazy\" decoding=\"async\" class=\"size-medium wp-image-22101\" src=\"https:\/\/www.entroncamentoonline.pt\/portal\/wp-content\/uploads\/2020\/08\/MapasCovid2-3-800x566.jpg\" alt=\"\" width=\"800\" height=\"566\" \/><figcaption id=\"caption-attachment-22101\" class=\"wp-caption-text\">Recolha de Levy Correia<\/figcaption><\/figure>\n<figure id=\"attachment_22100\" aria-describedby=\"caption-attachment-22100\" style=\"width: 800px\" class=\"wp-caption aligncenter\"><img loading=\"lazy\" decoding=\"async\" class=\"size-medium wp-image-22100\" src=\"https:\/\/www.entroncamentoonline.pt\/portal\/wp-content\/uploads\/2020\/08\/MapasCovid3-3-800x566.jpg\" alt=\"\" width=\"800\" height=\"566\" \/><figcaption id=\"caption-attachment-22100\" class=\"wp-caption-text\">Recolha de Levy Correia<\/figcaption><\/figure>\n<figure id=\"attachment_22103\" aria-describedby=\"caption-attachment-22103\" style=\"width: 800px\" class=\"wp-caption aligncenter\"><img loading=\"lazy\" decoding=\"async\" class=\"size-medium wp-image-22103\" src=\"https:\/\/www.entroncamentoonline.pt\/portal\/wp-content\/uploads\/2020\/08\/MapasCovid4-3-800x566.jpg\" alt=\"\" width=\"800\" height=\"566\" \/><figcaption id=\"caption-attachment-22103\" class=\"wp-caption-text\">Recolha de Levy Correia<\/figcaption><\/figure>\n<div class=\"fb-background-color\">\n\t\t\t  <div \n\t\t\t  \tclass = \"fb-comments\" \n\t\t\t  \tdata-href = \"https:\/\/www.entroncamentoonline.pt\/portal\/covid-19-no-entroncamento-situacao-sem-alteracao-10-casos-ativos-e-24-casos-em-vigilancia-ativa\/\"\n\t\t\t  \tdata-numposts = \"10\"\n\t\t\t  \tdata-lazy = \"true\"\n\t\t\t\tdata-colorscheme = \"light\"\n\t\t\t\tdata-order-by = \"social\"\n\t\t\t\tdata-mobile=true>\n\t\t\t  <\/div><\/div>\n\t\t  <style>\n\t\t    .fb-background-color {\n\t\t\t\tbackground:  !important;\n\t\t\t}\n\t\t\t.fb_iframe_widget_fluid_desktop iframe {\n\t\t\t    width: 100% !important;\n\t\t\t}\n\t\t  <\/style>\n\t\t  ","protected":false},"excerpt":{"rendered":"<p>O ponto de situa\u00e7\u00e3o no Entroncamento esta ter\u00e7a-feira, dia 4 de agosto, \u00e9 de 10 casos ativos, num total de 40, sendo 30 os casos recuperados e 24 casos em vigil\u00e2ncia ativa. A C\u00e2mara Municipal do Entroncamento e o Servi\u00e7o Municipal de Prote\u00e7\u00e3o Civil fazem diariamente o ponto de situa\u00e7\u00e3o em rela\u00e7\u00e3o \u00e0 pandemia do [&hellip;]<\/p>\n","protected":false},"author":1,"featured_media":22090,"comment_status":"open","ping_status":"closed","sticky":false,"template":"","format":"standard","meta":{"_acf_changed":false,"footnotes":""},"categories":[1],"tags":[],"class_list":{"0":"post-22089","1":"post","2":"type-post","3":"status-publish","4":"format-standard","5":"has-post-thumbnail","7":"category-sem-categoria"},"acf":[],"_links":{"self":[{"href":"https:\/\/www.entroncamentoonline.pt\/portal\/wp-json\/wp\/v2\/posts\/22089","targetHints":{"allow":["GET"]}}],"collection":[{"href":"https:\/\/www.entroncamentoonline.pt\/portal\/wp-json\/wp\/v2\/posts"}],"about":[{"href":"https:\/\/www.entroncamentoonline.pt\/portal\/wp-json\/wp\/v2\/types\/post"}],"author":[{"embeddable":true,"href":"https:\/\/www.entroncamentoonline.pt\/portal\/wp-json\/wp\/v2\/users\/1"}],"replies":[{"embeddable":true,"href":"https:\/\/www.entroncamentoonline.pt\/portal\/wp-json\/wp\/v2\/comments?post=22089"}],"version-history":[{"count":0,"href":"https:\/\/www.entroncamentoonline.pt\/portal\/wp-json\/wp\/v2\/posts\/22089\/revisions"}],"wp:featuredmedia":[{"embeddable":true,"href":"https:\/\/www.entroncamentoonline.pt\/portal\/wp-json\/wp\/v2\/media\/22090"}],"wp:attachment":[{"href":"https:\/\/www.entroncamentoonline.pt\/portal\/wp-json\/wp\/v2\/media?parent=22089"}],"wp:term":[{"taxonomy":"category","embeddable":true,"href":"https:\/\/www.entroncamentoonline.pt\/portal\/wp-json\/wp\/v2\/categories?post=22089"},{"taxonomy":"post_tag","embeddable":true,"href":"https:\/\/www.entroncamentoonline.pt\/portal\/wp-json\/wp\/v2\/tags?post=22089"}],"curies":[{"name":"wp","href":"https:\/\/api.w.org\/{rel}","templated":true}]}}