{"id":22064,"date":"2020-08-03T13:27:29","date_gmt":"2020-08-03T12:27:29","guid":{"rendered":"https:\/\/www.entroncamentoonline.pt\/portal\/?p=22064"},"modified":"2020-08-04T13:07:44","modified_gmt":"2020-08-04T12:07:44","slug":"entroncamento-menos-2-casos-em-vigilancia-ativa-e-sem-registo-de-novos-casos-de-infecao-com-covid-19","status":"publish","type":"post","link":"https:\/\/www.entroncamentoonline.pt\/portal\/entroncamento-menos-2-casos-em-vigilancia-ativa-e-sem-registo-de-novos-casos-de-infecao-com-covid-19\/","title":{"rendered":"Entroncamento | Menos 2 casos em vigil\u00e2ncia ativa e sem registo de novos casos de infe\u00e7\u00e3o com Covid-19"},"content":{"rendered":"<p>O ponto de situa\u00e7\u00e3o no Entroncamento esta segunda-feira, dia 3 de agosto, \u00e9 de 10 casos ativos, num total de 40, sendo 30 os casos recuperados e 24 casos em vigil\u00e2ncia ativa.<\/p>\n<p>A C\u00e2mara Municipal do Entroncamento e o Servi\u00e7o Municipal de Prote\u00e7\u00e3o Civil fazem diariamente o ponto de situa\u00e7\u00e3o em rela\u00e7\u00e3o \u00e0 pandemia do Covid-19, no concelho do Entroncamento.<\/p>\n<p><img loading=\"lazy\" decoding=\"async\" class=\"aligncenter size-full wp-image-22066\" src=\"https:\/\/www.entroncamentoonline.pt\/portal\/wp-content\/uploads\/2020\/08\/SitConEntroncamento-2.jpg\" alt=\"\" width=\"420\" height=\"372\" \/><\/p>\n<p>A situa\u00e7\u00e3o no ACES do MT pelas 18h00, desta segunda-feira, dia 3 de agosto, era a seguinte:<\/p>\n<p><img loading=\"lazy\" decoding=\"async\" class=\"aligncenter size-full wp-image-22079\" src=\"https:\/\/www.entroncamentoonline.pt\/portal\/wp-content\/uploads\/2020\/08\/ACESMT-2.jpg\" alt=\"\" width=\"429\" height=\"367\" \/><\/p>\n<p style=\"text-align: center;\"><strong>Em Portugal nas \u00faltimas 24 horas | Mais 106 casos e zero mortos<\/strong><\/p>\n<p>A n\u00edvel nacional esta segunda-feira regista-se um n\u00famero de mortos de 1738, o mesmo de ontem (anteriormente mais 1), os infetados s\u00e3o agora 51569, mais 106 do que ontem (anteriormente mais 153) e os casos recuperados s\u00e3o 37111, mais 127 do que ontem (anteriormente 201).<\/p>\n<p><img loading=\"lazy\" decoding=\"async\" class=\"aligncenter size-full wp-image-22071\" src=\"https:\/\/www.entroncamentoonline.pt\/portal\/wp-content\/uploads\/2020\/08\/Relat\u00f3rioDGS-1.jpg\" alt=\"\" width=\"579\" height=\"603\" \/><\/p>\n<figure id=\"attachment_22073\" aria-describedby=\"caption-attachment-22073\" style=\"width: 800px\" class=\"wp-caption aligncenter\"><img loading=\"lazy\" decoding=\"async\" class=\"size-medium wp-image-22073\" src=\"https:\/\/www.entroncamentoonline.pt\/portal\/wp-content\/uploads\/2020\/08\/MapasCovid-2-800x566.jpg\" alt=\"\" width=\"800\" height=\"566\" \/><figcaption id=\"caption-attachment-22073\" class=\"wp-caption-text\">Recolha de Levy Correia<\/figcaption><\/figure>\n<figure id=\"attachment_22077\" aria-describedby=\"caption-attachment-22077\" style=\"width: 800px\" class=\"wp-caption aligncenter\"><img loading=\"lazy\" decoding=\"async\" class=\"size-medium wp-image-22077\" src=\"https:\/\/www.entroncamentoonline.pt\/portal\/wp-content\/uploads\/2020\/08\/MapasCovid1-2-800x566.jpg\" alt=\"\" width=\"800\" height=\"566\" \/><figcaption id=\"caption-attachment-22077\" class=\"wp-caption-text\">Recolha de Levy Correia<\/figcaption><\/figure>\n<figure id=\"attachment_22076\" aria-describedby=\"caption-attachment-22076\" style=\"width: 800px\" class=\"wp-caption aligncenter\"><img loading=\"lazy\" decoding=\"async\" class=\"size-medium wp-image-22076\" src=\"https:\/\/www.entroncamentoonline.pt\/portal\/wp-content\/uploads\/2020\/08\/MapasCovid2-2-800x566.jpg\" alt=\"\" width=\"800\" height=\"566\" \/><figcaption id=\"caption-attachment-22076\" class=\"wp-caption-text\">Recolha de Levy Correia<\/figcaption><\/figure>\n<figure id=\"attachment_22075\" aria-describedby=\"caption-attachment-22075\" style=\"width: 800px\" class=\"wp-caption aligncenter\"><img loading=\"lazy\" decoding=\"async\" class=\"size-medium wp-image-22075\" src=\"https:\/\/www.entroncamentoonline.pt\/portal\/wp-content\/uploads\/2020\/08\/MapasCovid3-2-800x566.jpg\" alt=\"\" width=\"800\" height=\"566\" \/><figcaption id=\"caption-attachment-22075\" class=\"wp-caption-text\">Recolha de Levy Correia<\/figcaption><\/figure>\n<figure id=\"attachment_22074\" aria-describedby=\"caption-attachment-22074\" style=\"width: 800px\" class=\"wp-caption aligncenter\"><img loading=\"lazy\" decoding=\"async\" class=\"size-medium wp-image-22074\" src=\"https:\/\/www.entroncamentoonline.pt\/portal\/wp-content\/uploads\/2020\/08\/MapasCovid4-2-800x566.jpg\" alt=\"\" width=\"800\" height=\"566\" \/><figcaption id=\"caption-attachment-22074\" class=\"wp-caption-text\">Recolha de Levy Correia<\/figcaption><\/figure>\n<div class=\"fb-background-color\">\n\t\t\t  <div \n\t\t\t  \tclass = \"fb-comments\" \n\t\t\t  \tdata-href = \"https:\/\/www.entroncamentoonline.pt\/portal\/entroncamento-menos-2-casos-em-vigilancia-ativa-e-sem-registo-de-novos-casos-de-infecao-com-covid-19\/\"\n\t\t\t  \tdata-numposts = \"10\"\n\t\t\t  \tdata-lazy = \"true\"\n\t\t\t\tdata-colorscheme = \"light\"\n\t\t\t\tdata-order-by = \"social\"\n\t\t\t\tdata-mobile=true>\n\t\t\t  <\/div><\/div>\n\t\t  <style>\n\t\t    .fb-background-color {\n\t\t\t\tbackground:  !important;\n\t\t\t}\n\t\t\t.fb_iframe_widget_fluid_desktop iframe {\n\t\t\t    width: 100% !important;\n\t\t\t}\n\t\t  <\/style>\n\t\t  ","protected":false},"excerpt":{"rendered":"<p>O ponto de situa\u00e7\u00e3o no Entroncamento esta segunda-feira, dia 3 de agosto, \u00e9 de 10 casos ativos, num total de 40, sendo 30 os casos recuperados e 24 casos em vigil\u00e2ncia ativa. A C\u00e2mara Municipal do Entroncamento e o Servi\u00e7o Municipal de Prote\u00e7\u00e3o Civil fazem diariamente o ponto de situa\u00e7\u00e3o em rela\u00e7\u00e3o \u00e0 pandemia do [&hellip;]<\/p>\n","protected":false},"author":1,"featured_media":22067,"comment_status":"open","ping_status":"closed","sticky":false,"template":"","format":"standard","meta":{"_acf_changed":false,"footnotes":""},"categories":[1],"tags":[],"class_list":{"0":"post-22064","1":"post","2":"type-post","3":"status-publish","4":"format-standard","5":"has-post-thumbnail","7":"category-sem-categoria"},"acf":[],"_links":{"self":[{"href":"https:\/\/www.entroncamentoonline.pt\/portal\/wp-json\/wp\/v2\/posts\/22064","targetHints":{"allow":["GET"]}}],"collection":[{"href":"https:\/\/www.entroncamentoonline.pt\/portal\/wp-json\/wp\/v2\/posts"}],"about":[{"href":"https:\/\/www.entroncamentoonline.pt\/portal\/wp-json\/wp\/v2\/types\/post"}],"author":[{"embeddable":true,"href":"https:\/\/www.entroncamentoonline.pt\/portal\/wp-json\/wp\/v2\/users\/1"}],"replies":[{"embeddable":true,"href":"https:\/\/www.entroncamentoonline.pt\/portal\/wp-json\/wp\/v2\/comments?post=22064"}],"version-history":[{"count":0,"href":"https:\/\/www.entroncamentoonline.pt\/portal\/wp-json\/wp\/v2\/posts\/22064\/revisions"}],"wp:featuredmedia":[{"embeddable":true,"href":"https:\/\/www.entroncamentoonline.pt\/portal\/wp-json\/wp\/v2\/media\/22067"}],"wp:attachment":[{"href":"https:\/\/www.entroncamentoonline.pt\/portal\/wp-json\/wp\/v2\/media?parent=22064"}],"wp:term":[{"taxonomy":"category","embeddable":true,"href":"https:\/\/www.entroncamentoonline.pt\/portal\/wp-json\/wp\/v2\/categories?post=22064"},{"taxonomy":"post_tag","embeddable":true,"href":"https:\/\/www.entroncamentoonline.pt\/portal\/wp-json\/wp\/v2\/tags?post=22064"}],"curies":[{"name":"wp","href":"https:\/\/api.w.org\/{rel}","templated":true}]}}