{"id":22009,"date":"2020-08-01T15:16:08","date_gmt":"2020-08-01T14:16:08","guid":{"rendered":"https:\/\/www.entroncamentoonline.pt\/portal\/?p=22009"},"modified":"2020-08-02T13:46:44","modified_gmt":"2020-08-02T12:46:44","slug":"entroncamento-mais-um-dia-sem-novos-casos-de-infecao-com-covid-19-e-menos-5-em-vigilancia-ativa","status":"publish","type":"post","link":"https:\/\/www.entroncamentoonline.pt\/portal\/entroncamento-mais-um-dia-sem-novos-casos-de-infecao-com-covid-19-e-menos-5-em-vigilancia-ativa\/","title":{"rendered":"Entroncamento | Mais um dia sem novos casos de infe\u00e7\u00e3o com Covid-19 e menos 5 em vigil\u00e2ncia ativa"},"content":{"rendered":"<p>O ponto de situa\u00e7\u00e3o no Entroncamento este s\u00e1bado, dia 1 de agosto, \u00e9 de 10 casos ativos, num total de 40, sendo 30 os casos recuperados e 27 casos em vigil\u00e2ncia ativa.<\/p>\n<p>A C\u00e2mara Municipal do Entroncamento e o Servi\u00e7o Municipal de Prote\u00e7\u00e3o Civil fazem diariamente o ponto de situa\u00e7\u00e3o em rela\u00e7\u00e3o \u00e0 pandemia do Covid-19, no concelho do Entroncamento.<\/p>\n<p><img loading=\"lazy\" decoding=\"async\" class=\"aligncenter size-full wp-image-22012\" src=\"https:\/\/www.entroncamentoonline.pt\/portal\/wp-content\/uploads\/2020\/08\/SitConEntroncamento.jpg\" alt=\"\" width=\"420\" height=\"372\" \/><\/p>\n<p>A situa\u00e7\u00e3o no ACES do MT pelas 17h00, deste s\u00e1bado, dia 1 de agosto, era a seguinte:<\/p>\n<p><img loading=\"lazy\" decoding=\"async\" class=\"aligncenter size-full wp-image-22024\" src=\"https:\/\/www.entroncamentoonline.pt\/portal\/wp-content\/uploads\/2020\/08\/ACESMT.jpg\" alt=\"\" width=\"429\" height=\"367\" \/><\/p>\n<p style=\"text-align: center;\"><strong>Em Portugal nas \u00faltimas 24 horas | Mais 238 casos e 2 mortos<\/strong><\/p>\n<p>A n\u00edvel nacional este s\u00e1bado regista-se um n\u00famero de mortos de 1737, mais 2 do que ontem (anteriormente mais 8), os infetados s\u00e3o agora 51310, mais 238 do que ontem (anteriormente mais 204) e os casos recuperados s\u00e3o 36783, mais 300 do que ontem (anteriormente 343).<\/p>\n<p><img loading=\"lazy\" decoding=\"async\" class=\"aligncenter size-full wp-image-22015\" src=\"https:\/\/www.entroncamentoonline.pt\/portal\/wp-content\/uploads\/2020\/07\/Relat\u00f3rioDGS-30.jpg\" alt=\"\" width=\"574\" height=\"617\" \/><\/p>\n<figure id=\"attachment_22018\" aria-describedby=\"caption-attachment-22018\" style=\"width: 800px\" class=\"wp-caption aligncenter\"><img loading=\"lazy\" decoding=\"async\" class=\"size-medium wp-image-22018\" src=\"https:\/\/www.entroncamentoonline.pt\/portal\/wp-content\/uploads\/2020\/08\/MapasCovid-800x566.jpg\" alt=\"\" width=\"800\" height=\"566\" \/><figcaption id=\"caption-attachment-22018\" class=\"wp-caption-text\">Recolha Levy Correia<\/figcaption><\/figure>\n<figure id=\"attachment_22021\" aria-describedby=\"caption-attachment-22021\" style=\"width: 800px\" class=\"wp-caption aligncenter\"><img loading=\"lazy\" decoding=\"async\" class=\"size-medium wp-image-22021\" src=\"https:\/\/www.entroncamentoonline.pt\/portal\/wp-content\/uploads\/2020\/08\/MapasCovid1-800x566.jpg\" alt=\"\" width=\"800\" height=\"566\" \/><figcaption id=\"caption-attachment-22021\" class=\"wp-caption-text\">Nota: A amarelo os pa\u00edses europeus.<br \/>Recolha Levy Correia<\/figcaption><\/figure>\n<figure id=\"attachment_22020\" aria-describedby=\"caption-attachment-22020\" style=\"width: 800px\" class=\"wp-caption aligncenter\"><img loading=\"lazy\" decoding=\"async\" class=\"size-medium wp-image-22020\" src=\"https:\/\/www.entroncamentoonline.pt\/portal\/wp-content\/uploads\/2020\/08\/MapasCovid2-800x566.jpg\" alt=\"\" width=\"800\" height=\"566\" \/><figcaption id=\"caption-attachment-22020\" class=\"wp-caption-text\">Recolha de Levy Correia<\/figcaption><\/figure>\n<figure id=\"attachment_22019\" aria-describedby=\"caption-attachment-22019\" style=\"width: 800px\" class=\"wp-caption aligncenter\"><img loading=\"lazy\" decoding=\"async\" class=\"size-medium wp-image-22019\" src=\"https:\/\/www.entroncamentoonline.pt\/portal\/wp-content\/uploads\/2020\/08\/MapasCovid3-800x566.jpg\" alt=\"\" width=\"800\" height=\"566\" \/><figcaption id=\"caption-attachment-22019\" class=\"wp-caption-text\">Recolha de Levy Correia<\/figcaption><\/figure>\n<figure id=\"attachment_22022\" aria-describedby=\"caption-attachment-22022\" style=\"width: 800px\" class=\"wp-caption aligncenter\"><img loading=\"lazy\" decoding=\"async\" class=\"size-medium wp-image-22022\" src=\"https:\/\/www.entroncamentoonline.pt\/portal\/wp-content\/uploads\/2020\/08\/MapasCovid4-800x566.jpg\" alt=\"\" width=\"800\" height=\"566\" \/><figcaption id=\"caption-attachment-22022\" class=\"wp-caption-text\">Recolha de Levy Correia<\/figcaption><\/figure>\n<div class=\"fb-background-color\">\n\t\t\t  <div \n\t\t\t  \tclass = \"fb-comments\" \n\t\t\t  \tdata-href = \"https:\/\/www.entroncamentoonline.pt\/portal\/entroncamento-mais-um-dia-sem-novos-casos-de-infecao-com-covid-19-e-menos-5-em-vigilancia-ativa\/\"\n\t\t\t  \tdata-numposts = \"10\"\n\t\t\t  \tdata-lazy = \"true\"\n\t\t\t\tdata-colorscheme = \"light\"\n\t\t\t\tdata-order-by = \"social\"\n\t\t\t\tdata-mobile=true>\n\t\t\t  <\/div><\/div>\n\t\t  <style>\n\t\t    .fb-background-color {\n\t\t\t\tbackground:  !important;\n\t\t\t}\n\t\t\t.fb_iframe_widget_fluid_desktop iframe {\n\t\t\t    width: 100% !important;\n\t\t\t}\n\t\t  <\/style>\n\t\t  ","protected":false},"excerpt":{"rendered":"<p>O ponto de situa\u00e7\u00e3o no Entroncamento este s\u00e1bado, dia 1 de agosto, \u00e9 de 10 casos ativos, num total de 40, sendo 30 os casos recuperados e 27 casos em vigil\u00e2ncia ativa. A C\u00e2mara Municipal do Entroncamento e o Servi\u00e7o Municipal de Prote\u00e7\u00e3o Civil fazem diariamente o ponto de situa\u00e7\u00e3o em rela\u00e7\u00e3o \u00e0 pandemia do [&hellip;]<\/p>\n","protected":false},"author":1,"featured_media":22011,"comment_status":"open","ping_status":"closed","sticky":false,"template":"","format":"standard","meta":{"_acf_changed":false,"footnotes":""},"categories":[1],"tags":[],"class_list":{"0":"post-22009","1":"post","2":"type-post","3":"status-publish","4":"format-standard","5":"has-post-thumbnail","7":"category-sem-categoria"},"acf":[],"_links":{"self":[{"href":"https:\/\/www.entroncamentoonline.pt\/portal\/wp-json\/wp\/v2\/posts\/22009","targetHints":{"allow":["GET"]}}],"collection":[{"href":"https:\/\/www.entroncamentoonline.pt\/portal\/wp-json\/wp\/v2\/posts"}],"about":[{"href":"https:\/\/www.entroncamentoonline.pt\/portal\/wp-json\/wp\/v2\/types\/post"}],"author":[{"embeddable":true,"href":"https:\/\/www.entroncamentoonline.pt\/portal\/wp-json\/wp\/v2\/users\/1"}],"replies":[{"embeddable":true,"href":"https:\/\/www.entroncamentoonline.pt\/portal\/wp-json\/wp\/v2\/comments?post=22009"}],"version-history":[{"count":0,"href":"https:\/\/www.entroncamentoonline.pt\/portal\/wp-json\/wp\/v2\/posts\/22009\/revisions"}],"wp:featuredmedia":[{"embeddable":true,"href":"https:\/\/www.entroncamentoonline.pt\/portal\/wp-json\/wp\/v2\/media\/22011"}],"wp:attachment":[{"href":"https:\/\/www.entroncamentoonline.pt\/portal\/wp-json\/wp\/v2\/media?parent=22009"}],"wp:term":[{"taxonomy":"category","embeddable":true,"href":"https:\/\/www.entroncamentoonline.pt\/portal\/wp-json\/wp\/v2\/categories?post=22009"},{"taxonomy":"post_tag","embeddable":true,"href":"https:\/\/www.entroncamentoonline.pt\/portal\/wp-json\/wp\/v2\/tags?post=22009"}],"curies":[{"name":"wp","href":"https:\/\/api.w.org\/{rel}","templated":true}]}}