{"id":21947,"date":"2020-07-30T16:43:10","date_gmt":"2020-07-30T15:43:10","guid":{"rendered":"https:\/\/www.entroncamentoonline.pt\/portal\/?p=21947"},"modified":"2020-08-21T02:50:35","modified_gmt":"2020-08-21T01:50:35","slug":"municipio-do-entroncamento-edital-participacao-do-publico-nas-reunioes-de-camara","status":"publish","type":"post","link":"https:\/\/www.entroncamentoonline.pt\/portal\/municipio-do-entroncamento-edital-participacao-do-publico-nas-reunioes-de-camara\/","title":{"rendered":"Munic\u00edpio do Entroncamento &#8211; EDITAL &#8211; Participa\u00e7\u00e3o do P\u00fablico nas Reuni\u00f5es de C\u00e2mara"},"content":{"rendered":"<p><img loading=\"lazy\" decoding=\"async\" class=\"aligncenter size-medium wp-image-21949\" src=\"https:\/\/www.entroncamentoonline.pt\/portal\/wp-content\/uploads\/2020\/07\/cabe\u00e7alhoCME-800x118.png\" alt=\"\" width=\"800\" height=\"118\" srcset=\"https:\/\/www.entroncamentoonline.pt\/portal\/wp-content\/uploads\/2020\/07\/cabe\u00e7alhoCME-800x118.png 800w, https:\/\/www.entroncamentoonline.pt\/portal\/wp-content\/uploads\/2020\/07\/cabe\u00e7alhoCME-768x113.png 768w, https:\/\/www.entroncamentoonline.pt\/portal\/wp-content\/uploads\/2020\/07\/cabe\u00e7alhoCME-696x102.png 696w, https:\/\/www.entroncamentoonline.pt\/portal\/wp-content\/uploads\/2020\/07\/cabe\u00e7alhoCME-1068x157.png 1068w, https:\/\/www.entroncamentoonline.pt\/portal\/wp-content\/uploads\/2020\/07\/cabe\u00e7alhoCME.png 1135w\" sizes=\"auto, (max-width: 800px) 100vw, 800px\" \/><\/p>\n<p style=\"text-align: center;\"><strong>EDITAL<\/strong><\/p>\n<p style=\"text-align: center;\"><strong>(PARTICIPA\u00c7\u00c3O DO P\u00daBLICO NAS REUNI\u00d5ES DE C\u00c2MARA)<\/strong><\/p>\n<p style=\"text-align: left;\">Dr. Jorge Manuel Alves de Faria, Presidente da C\u00e2mara Municipal do Entroncamento:&#8212;&#8212;&#8211;<br \/>\nConsiderando a Lei 28\/2020, de 28 de julho, que alarga o prazo para a realiza\u00e7\u00e3o por meios de comunica\u00e7\u00e3o \u00e0 dist\u00e2ncia das reuni\u00f5es dos \u00f3rg\u00e3os das autarquias locais e das entidades intermunicipais, procedendo \u00e0 5.\u00aa altera\u00e7\u00e3o \u00e0 Lei n.\u00ba 1 -A\/2020, de 19 de mar\u00e7o, que aprova medidas excecionais e tempor\u00e1rias de resposta \u00e0 situa\u00e7\u00e3o epidemiol\u00f3gica provocada pelo coronav\u00edrus SARSCoV -2 e da doen\u00e7a COVID -19, alterada pela Lei n.\u00ba 4 -A\/2020, de 6 de abril, pela Lei n.\u00ba 4 -B\/2020, de 6 de abril, pela Lei n.\u00ba 14\/2020, de 9 de maio, e pela Lei n.\u00ba 16\/2020, de 29 de maio. &#8212;&#8212;&#8212;&#8212;&#8212;&#8212;&#8212;&#8212;&#8212;&#8212;&#8212;&#8212;&#8212;&#8212;&#8212;&#8212;&#8212;<\/p>\n<p style=\"text-align: left;\">Considerando que, de acordo com o n.\u00ba 3 do artigo 3.\u00ba do diploma supracitado, a autarquia deve assegurar condi\u00e7\u00f5es para a interven\u00e7\u00e3o do p\u00fablico, prevista nos n.\u00bas 1 e 2 do artigo 49.\u00ba do Regime Jur\u00eddico das Autarquias Locais, aprovado pela Lei n.\u00ba 75\/2013, de 12 de setembro quando as reuni\u00f5es s\u00e3o realizadas por videoconfer\u00eancia ou quando existam limita\u00e7\u00f5es \u00e0 lota\u00e7\u00e3o da sala das reuni\u00f5es presenciais. &#8212;&#8212;&#8212;&#8212;&#8212;&#8212;&#8212;&#8212;&#8212;&#8212;&#8212;&#8212;&#8212;-<\/p>\n<p style=\"text-align: left;\">Torna p\u00fablico que: &#8212;&#8212;&#8212;&#8212;&#8212;&#8212;&#8212;&#8212;&#8212;&#8212;&#8212;&#8212;&#8212;&#8212;&#8212;&#8212;&#8212;&#8212;&#8212;&#8212;&#8212;&#8212;&#8212;&#8212;&#8212;&#8212;&#8211;<\/p>\n<p style=\"text-align: left;\">1.Os cidad\u00e3os eleitores que queiram intervir nas reuni\u00f5es p\u00fablicas, no respetivo per\u00edodo da interven\u00e7\u00e3o do p\u00fablico, devem enviar previamente gravada a sua comunica\u00e7\u00e3o para o endere\u00e7o eletr\u00f3nico reunioes.cm@cm-entroncamento.pt at\u00e9 \u00e0s 13horas do dia \u00fatil anterior \u00e0 realiza\u00e7\u00e3o da reuni\u00e3o, indicando o nome, morada e assunto a tratar. &#8212;&#8212;&#8212;&#8212;&#8212;&#8212;&#8212;&#8211;<\/p>\n<p style=\"text-align: left;\">2.Caso os cidad\u00e3os eleitores n\u00e3o disponham de meios pr\u00f3prios para o efeito, a autarquia disponibilizar\u00e1 os meios necess\u00e1rios para a grava\u00e7\u00e3o nas instala\u00e7\u00f5es da mesma, devendo para o efeito inscrever-se previamente para o endere\u00e7o eletr\u00f3nico reunioes.cm@cm-entroncamento.pt; at\u00e9 \u00e0s 13horas do dia \u00fatil anterior \u00e0 realiza\u00e7\u00e3o da reuni\u00e3o, indicando o nome, morada, contato telef\u00f3nico e assunto a tratar. &#8212;&#8212;&#8212;&#8212;&#8212;&#8212;&#8212;&#8212;&#8212;&#8212;&#8212;&#8212;&#8212;&#8212;<\/p>\n<p style=\"text-align: left;\">3.As comunica\u00e7\u00f5es ser\u00e3o consideradas por ordem de chegada ou grava\u00e7\u00e3o e no respeito pelo estatu\u00eddo no regimento do \u00f3rg\u00e3o&#8212;&#8212;&#8212;&#8212;&#8212;&#8212;&#8212;&#8212;&#8212;&#8212;&#8212;&#8212;&#8212;&#8212;&#8212;&#8212;&#8212;&#8212;&#8212;&#8212;<\/p>\n<p style=\"text-align: left;\">Para que conste e para os devidos efeitos se lavrou o presente edital e outros de igual teor que v\u00e3o ser afixados nos lugares p\u00fablicos do costume. &#8212;&#8212;&#8212;&#8212;&#8212;&#8212;&#8212;&#8212;&#8212;&#8212;&#8212;&#8212;&#8212;-<\/p>\n<p style=\"text-align: left;\">Entroncamento, 30 de julho de 2020.<\/p>\n<p style=\"text-align: center;\">O Presidente da C\u00e2mara Municipal<\/p>\n<p><img loading=\"lazy\" decoding=\"async\" class=\"aligncenter size-medium wp-image-21948\" src=\"https:\/\/www.entroncamentoonline.pt\/portal\/wp-content\/uploads\/2020\/07\/rodap\u00e91CME-800x159.jpg\" alt=\"\" width=\"800\" height=\"159\" srcset=\"https:\/\/www.entroncamentoonline.pt\/portal\/wp-content\/uploads\/2020\/07\/rodap\u00e91CME-800x159.jpg 800w, https:\/\/www.entroncamentoonline.pt\/portal\/wp-content\/uploads\/2020\/07\/rodap\u00e91CME-768x153.jpg 768w, https:\/\/www.entroncamentoonline.pt\/portal\/wp-content\/uploads\/2020\/07\/rodap\u00e91CME-696x138.jpg 696w, https:\/\/www.entroncamentoonline.pt\/portal\/wp-content\/uploads\/2020\/07\/rodap\u00e91CME-1068x212.jpg 1068w, https:\/\/www.entroncamentoonline.pt\/portal\/wp-content\/uploads\/2020\/07\/rodap\u00e91CME.jpg 1121w\" sizes=\"auto, (max-width: 800px) 100vw, 800px\" \/><\/p>\n<div class=\"fb-background-color\">\n\t\t\t  <div \n\t\t\t  \tclass = \"fb-comments\" \n\t\t\t  \tdata-href = \"https:\/\/www.entroncamentoonline.pt\/portal\/municipio-do-entroncamento-edital-participacao-do-publico-nas-reunioes-de-camara\/\"\n\t\t\t  \tdata-numposts = \"10\"\n\t\t\t  \tdata-lazy = \"true\"\n\t\t\t\tdata-colorscheme = \"light\"\n\t\t\t\tdata-order-by = \"social\"\n\t\t\t\tdata-mobile=true>\n\t\t\t  <\/div><\/div>\n\t\t  <style>\n\t\t    .fb-background-color {\n\t\t\t\tbackground:  !important;\n\t\t\t}\n\t\t\t.fb_iframe_widget_fluid_desktop iframe {\n\t\t\t    width: 100% !important;\n\t\t\t}\n\t\t  <\/style>\n\t\t  ","protected":false},"excerpt":{"rendered":"<p>EDITAL (PARTICIPA\u00c7\u00c3O DO P\u00daBLICO NAS REUNI\u00d5ES DE C\u00c2MARA) Dr. Jorge Manuel Alves de Faria, Presidente da C\u00e2mara Municipal do Entroncamento:&#8212;&#8212;&#8211; Considerando a Lei 28\/2020, de 28 de julho, que alarga o prazo para a realiza\u00e7\u00e3o por meios de comunica\u00e7\u00e3o \u00e0 dist\u00e2ncia das reuni\u00f5es dos \u00f3rg\u00e3os das autarquias locais e das entidades intermunicipais, procedendo \u00e0 5.\u00aa [&hellip;]<\/p>\n","protected":false},"author":1,"featured_media":0,"comment_status":"open","ping_status":"closed","sticky":false,"template":"","format":"standard","meta":{"_acf_changed":false,"footnotes":""},"categories":[1],"tags":[],"class_list":{"0":"post-21947","1":"post","2":"type-post","3":"status-publish","4":"format-standard","6":"category-sem-categoria"},"acf":[],"_links":{"self":[{"href":"https:\/\/www.entroncamentoonline.pt\/portal\/wp-json\/wp\/v2\/posts\/21947","targetHints":{"allow":["GET"]}}],"collection":[{"href":"https:\/\/www.entroncamentoonline.pt\/portal\/wp-json\/wp\/v2\/posts"}],"about":[{"href":"https:\/\/www.entroncamentoonline.pt\/portal\/wp-json\/wp\/v2\/types\/post"}],"author":[{"embeddable":true,"href":"https:\/\/www.entroncamentoonline.pt\/portal\/wp-json\/wp\/v2\/users\/1"}],"replies":[{"embeddable":true,"href":"https:\/\/www.entroncamentoonline.pt\/portal\/wp-json\/wp\/v2\/comments?post=21947"}],"version-history":[{"count":0,"href":"https:\/\/www.entroncamentoonline.pt\/portal\/wp-json\/wp\/v2\/posts\/21947\/revisions"}],"wp:attachment":[{"href":"https:\/\/www.entroncamentoonline.pt\/portal\/wp-json\/wp\/v2\/media?parent=21947"}],"wp:term":[{"taxonomy":"category","embeddable":true,"href":"https:\/\/www.entroncamentoonline.pt\/portal\/wp-json\/wp\/v2\/categories?post=21947"},{"taxonomy":"post_tag","embeddable":true,"href":"https:\/\/www.entroncamentoonline.pt\/portal\/wp-json\/wp\/v2\/tags?post=21947"}],"curies":[{"name":"wp","href":"https:\/\/api.w.org\/{rel}","templated":true}]}}