{"id":21932,"date":"2020-07-30T13:23:49","date_gmt":"2020-07-30T12:23:49","guid":{"rendered":"https:\/\/www.entroncamentoonline.pt\/portal\/?p=21932"},"modified":"2020-07-31T13:15:49","modified_gmt":"2020-07-31T12:15:49","slug":"entroncamento-continua-a-nao-haver-registo-de-novos-casos-de-infecao-com-covid-19-e-sao-30-os-casos-em-vigilancia-ativa","status":"publish","type":"post","link":"https:\/\/www.entroncamentoonline.pt\/portal\/entroncamento-continua-a-nao-haver-registo-de-novos-casos-de-infecao-com-covid-19-e-sao-30-os-casos-em-vigilancia-ativa\/","title":{"rendered":"Entroncamento | Continua a n\u00e3o haver registo de novos casos de infe\u00e7\u00e3o com Covid-19 e s\u00e3o 30 os casos em vigil\u00e2ncia ativa"},"content":{"rendered":"<p>O ponto de situa\u00e7\u00e3o no Entroncamento esta quinta-feira, dia 30 de julho, \u00e9 de 10 casos ativos, num total de 40, sendo 30 os casos recuperados e 30 casos em vigil\u00e2ncia ativa.<\/p>\n<p>A C\u00e2mara Municipal do Entroncamento e o Servi\u00e7o Municipal de Prote\u00e7\u00e3o Civil fazem diariamente o ponto de situa\u00e7\u00e3o em rela\u00e7\u00e3o \u00e0 pandemia do Covid-19, no concelho do Entroncamento.<\/p>\n<p><img loading=\"lazy\" decoding=\"async\" class=\"aligncenter size-full wp-image-21903\" src=\"https:\/\/www.entroncamentoonline.pt\/portal\/wp-content\/uploads\/2020\/07\/SitConEntroncamento-23.jpg\" alt=\"\" width=\"420\" height=\"372\" \/><\/p>\n<p>A situa\u00e7\u00e3o no ACES do MT pelas 19h00, desta quinta-feira, dia 30 de julho, era a seguinte:<\/p>\n<p><img loading=\"lazy\" decoding=\"async\" class=\"aligncenter size-full wp-image-21952\" src=\"https:\/\/www.entroncamentoonline.pt\/portal\/wp-content\/uploads\/2020\/07\/ACESMT-27.jpg\" alt=\"\" width=\"429\" height=\"367\" \/><\/p>\n<p style=\"text-align: center;\"><strong>Em Portugal nas \u00faltimas 24 horas | Mais 255 casos e 2 mortos<\/strong><\/p>\n<p>A n\u00edvel nacional esta quinta-feira regista-se um n\u00famero de mortos de 1727, mais 2 do que ontem (anteriormente mais 3), os infetados s\u00e3o agora 50868, mais 255 do que ontem (anteriormente mais 203) e os casos recuperados s\u00e3o 36140, mais 265 do que ontem (anteriormente 249).<\/p>\n<p><img loading=\"lazy\" decoding=\"async\" class=\"aligncenter size-full wp-image-21935\" src=\"https:\/\/www.entroncamentoonline.pt\/portal\/wp-content\/uploads\/2020\/07\/Relat\u00f3rioDGS-28.jpg\" alt=\"\" width=\"571\" height=\"615\" \/><\/p>\n<figure id=\"attachment_21945\" aria-describedby=\"caption-attachment-21945\" style=\"width: 800px\" class=\"wp-caption aligncenter\"><img loading=\"lazy\" decoding=\"async\" class=\"size-medium wp-image-21945\" src=\"https:\/\/www.entroncamentoonline.pt\/portal\/wp-content\/uploads\/2020\/07\/MapasCovid-7-800x566.jpg\" alt=\"\" width=\"800\" height=\"566\" \/><figcaption id=\"caption-attachment-21945\" class=\"wp-caption-text\">NOTA: Estes mapas s\u00e3o exclusivos dos dados de Portugal<br \/>Recolha de Levy Correia<\/figcaption><\/figure>\n<figure id=\"attachment_21943\" aria-describedby=\"caption-attachment-21943\" style=\"width: 800px\" class=\"wp-caption aligncenter\"><img loading=\"lazy\" decoding=\"async\" class=\"size-medium wp-image-21943\" src=\"https:\/\/www.entroncamentoonline.pt\/portal\/wp-content\/uploads\/2020\/07\/MapasCovid1-7-800x566.jpg\" alt=\"\" width=\"800\" height=\"566\" \/><figcaption id=\"caption-attachment-21943\" class=\"wp-caption-text\">Recolha de Levy Correia<\/figcaption><\/figure>\n<figure id=\"attachment_21942\" aria-describedby=\"caption-attachment-21942\" style=\"width: 800px\" class=\"wp-caption aligncenter\"><img loading=\"lazy\" decoding=\"async\" class=\"size-medium wp-image-21942\" src=\"https:\/\/www.entroncamentoonline.pt\/portal\/wp-content\/uploads\/2020\/07\/MapasCovid2-7-800x566.jpg\" alt=\"\" width=\"800\" height=\"566\" \/><figcaption id=\"caption-attachment-21942\" class=\"wp-caption-text\">Recolha de Levy Correia<\/figcaption><\/figure>\n<figure id=\"attachment_21941\" aria-describedby=\"caption-attachment-21941\" style=\"width: 800px\" class=\"wp-caption aligncenter\"><img loading=\"lazy\" decoding=\"async\" class=\"size-medium wp-image-21941\" src=\"https:\/\/www.entroncamentoonline.pt\/portal\/wp-content\/uploads\/2020\/07\/MapasCovid3-6-800x566.jpg\" alt=\"\" width=\"800\" height=\"566\" \/><figcaption id=\"caption-attachment-21941\" class=\"wp-caption-text\">Recolha de Levy Correia<\/figcaption><\/figure>\n<div class=\"fb-background-color\">\n\t\t\t  <div \n\t\t\t  \tclass = \"fb-comments\" \n\t\t\t  \tdata-href = \"https:\/\/www.entroncamentoonline.pt\/portal\/entroncamento-continua-a-nao-haver-registo-de-novos-casos-de-infecao-com-covid-19-e-sao-30-os-casos-em-vigilancia-ativa\/\"\n\t\t\t  \tdata-numposts = \"10\"\n\t\t\t  \tdata-lazy = \"true\"\n\t\t\t\tdata-colorscheme = \"light\"\n\t\t\t\tdata-order-by = \"social\"\n\t\t\t\tdata-mobile=true>\n\t\t\t  <\/div><\/div>\n\t\t  <style>\n\t\t    .fb-background-color {\n\t\t\t\tbackground:  !important;\n\t\t\t}\n\t\t\t.fb_iframe_widget_fluid_desktop iframe {\n\t\t\t    width: 100% !important;\n\t\t\t}\n\t\t  <\/style>\n\t\t  ","protected":false},"excerpt":{"rendered":"<p>O ponto de situa\u00e7\u00e3o no Entroncamento esta quinta-feira, dia 30 de julho, \u00e9 de 10 casos ativos, num total de 40, sendo 30 os casos recuperados e 30 casos em vigil\u00e2ncia ativa. A C\u00e2mara Municipal do Entroncamento e o Servi\u00e7o Municipal de Prote\u00e7\u00e3o Civil fazem diariamente o ponto de situa\u00e7\u00e3o em rela\u00e7\u00e3o \u00e0 pandemia do [&hellip;]<\/p>\n","protected":false},"author":1,"featured_media":21934,"comment_status":"open","ping_status":"closed","sticky":false,"template":"","format":"standard","meta":{"_acf_changed":false,"footnotes":""},"categories":[1],"tags":[],"class_list":{"0":"post-21932","1":"post","2":"type-post","3":"status-publish","4":"format-standard","5":"has-post-thumbnail","7":"category-sem-categoria"},"acf":[],"_links":{"self":[{"href":"https:\/\/www.entroncamentoonline.pt\/portal\/wp-json\/wp\/v2\/posts\/21932","targetHints":{"allow":["GET"]}}],"collection":[{"href":"https:\/\/www.entroncamentoonline.pt\/portal\/wp-json\/wp\/v2\/posts"}],"about":[{"href":"https:\/\/www.entroncamentoonline.pt\/portal\/wp-json\/wp\/v2\/types\/post"}],"author":[{"embeddable":true,"href":"https:\/\/www.entroncamentoonline.pt\/portal\/wp-json\/wp\/v2\/users\/1"}],"replies":[{"embeddable":true,"href":"https:\/\/www.entroncamentoonline.pt\/portal\/wp-json\/wp\/v2\/comments?post=21932"}],"version-history":[{"count":0,"href":"https:\/\/www.entroncamentoonline.pt\/portal\/wp-json\/wp\/v2\/posts\/21932\/revisions"}],"wp:featuredmedia":[{"embeddable":true,"href":"https:\/\/www.entroncamentoonline.pt\/portal\/wp-json\/wp\/v2\/media\/21934"}],"wp:attachment":[{"href":"https:\/\/www.entroncamentoonline.pt\/portal\/wp-json\/wp\/v2\/media?parent=21932"}],"wp:term":[{"taxonomy":"category","embeddable":true,"href":"https:\/\/www.entroncamentoonline.pt\/portal\/wp-json\/wp\/v2\/categories?post=21932"},{"taxonomy":"post_tag","embeddable":true,"href":"https:\/\/www.entroncamentoonline.pt\/portal\/wp-json\/wp\/v2\/tags?post=21932"}],"curies":[{"name":"wp","href":"https:\/\/api.w.org\/{rel}","templated":true}]}}