{"id":21855,"date":"2020-07-28T15:15:57","date_gmt":"2020-07-28T14:15:57","guid":{"rendered":"https:\/\/www.entroncamentoonline.pt\/portal\/?p=21855"},"modified":"2020-07-29T13:28:36","modified_gmt":"2020-07-29T12:28:36","slug":"entroncamento-nao-ha-novos-casos-de-infecao-com-covid-19-e-ha-menos-4-casos-em-vigilancia-ativa","status":"publish","type":"post","link":"https:\/\/www.entroncamentoonline.pt\/portal\/entroncamento-nao-ha-novos-casos-de-infecao-com-covid-19-e-ha-menos-4-casos-em-vigilancia-ativa\/","title":{"rendered":"Entroncamento | N\u00e3o h\u00e1 novos casos de infe\u00e7\u00e3o com Covid-19, e h\u00e1 menos 4 casos em vigil\u00e2ncia ativa"},"content":{"rendered":"<p>O ponto de situa\u00e7\u00e3o no Entroncamento esta ter\u00e7a-feira, dia 28 de julho, \u00e9 de 10 casos ativos, num total de 40, sendo 30 os casos recuperados e 34 casos em vigil\u00e2ncia ativa.<\/p>\n<p>A C\u00e2mara Municipal do Entroncamento e o Servi\u00e7o Municipal de Prote\u00e7\u00e3o Civil fazem diariamente o ponto de situa\u00e7\u00e3o em rela\u00e7\u00e3o \u00e0 pandemia do Covid-19, no concelho do Entroncamento.<\/p>\n<p><img loading=\"lazy\" decoding=\"async\" class=\"aligncenter size-full wp-image-21859\" src=\"https:\/\/www.entroncamentoonline.pt\/portal\/wp-content\/uploads\/2020\/07\/SitConEntroncamento-22.jpg\" alt=\"\" width=\"420\" height=\"372\" \/><\/p>\n<p>A situa\u00e7\u00e3o no ACES do MT pelas 18h00, desta ter\u00e7a-feira, dia 28 de julho, era a seguinte:<\/p>\n<p><img loading=\"lazy\" decoding=\"async\" class=\"aligncenter size-full wp-image-21876\" src=\"https:\/\/www.entroncamentoonline.pt\/portal\/wp-content\/uploads\/2020\/07\/ACESMT-25.jpg\" alt=\"\" width=\"429\" height=\"367\" \/><\/p>\n<p>Em Portugal nas \u00faltimas 24 horas | Mais 111 casos e 3 mortos<\/p>\n<p>A n\u00edvel nacional esta ter\u00e7a-feira regista-se um n\u00famero de mortos de 1722, mais 3 do que ontem (anteriormente mais 2), os infetados s\u00e3o agora 50410, mais 111 do que ontem (anteriormente mais 135) e os casos recuperados s\u00e3o 35626, mais 251 do que ontem (anteriormente 158).<\/p>\n<p><img loading=\"lazy\" decoding=\"async\" class=\"aligncenter size-full wp-image-21861\" src=\"https:\/\/www.entroncamentoonline.pt\/portal\/wp-content\/uploads\/2020\/07\/Relat\u00f3rioDGS-26.jpg\" alt=\"\" width=\"560\" height=\"609\" \/><\/p>\n<figure id=\"attachment_21863\" aria-describedby=\"caption-attachment-21863\" style=\"width: 800px\" class=\"wp-caption aligncenter\"><img loading=\"lazy\" decoding=\"async\" class=\"size-medium wp-image-21863\" src=\"https:\/\/www.entroncamentoonline.pt\/portal\/wp-content\/uploads\/2020\/07\/MapasCovid-5-800x566.jpg\" alt=\"\" width=\"800\" height=\"566\" \/><figcaption id=\"caption-attachment-21863\" class=\"wp-caption-text\">NOTA: Estes mapas s\u00e3o exclusivos dos dados de Portugal<br \/>Recolha de Levy Correia<\/figcaption><\/figure>\n<figure id=\"attachment_21866\" aria-describedby=\"caption-attachment-21866\" style=\"width: 800px\" class=\"wp-caption aligncenter\"><img loading=\"lazy\" decoding=\"async\" class=\"size-medium wp-image-21866\" src=\"https:\/\/www.entroncamentoonline.pt\/portal\/wp-content\/uploads\/2020\/07\/MapasCovid1-5-800x566.jpg\" alt=\"\" width=\"800\" height=\"566\" \/><figcaption id=\"caption-attachment-21866\" class=\"wp-caption-text\">NOTA: Este mapa deixou de constar Portugal e s\u00e3o representados os 25 maiores pa\u00edses do Mundo em casos confirmados.<br \/>Recolha de Levy Correia<\/figcaption><\/figure>\n<figure id=\"attachment_21865\" aria-describedby=\"caption-attachment-21865\" style=\"width: 800px\" class=\"wp-caption aligncenter\"><img loading=\"lazy\" decoding=\"async\" class=\"size-medium wp-image-21865\" src=\"https:\/\/www.entroncamentoonline.pt\/portal\/wp-content\/uploads\/2020\/07\/MapasCovid2-5-800x566.jpg\" alt=\"\" width=\"800\" height=\"566\" \/><figcaption id=\"caption-attachment-21865\" class=\"wp-caption-text\">Recolha de Levy Correia<\/figcaption><\/figure>\n<figure id=\"attachment_21864\" aria-describedby=\"caption-attachment-21864\" style=\"width: 800px\" class=\"wp-caption aligncenter\"><img loading=\"lazy\" decoding=\"async\" class=\"size-medium wp-image-21864\" src=\"https:\/\/www.entroncamentoonline.pt\/portal\/wp-content\/uploads\/2020\/07\/MapasCovid3-4-800x566.jpg\" alt=\"\" width=\"800\" height=\"566\" \/><figcaption id=\"caption-attachment-21864\" class=\"wp-caption-text\">NOTA: Estes mapas representam a situa\u00e7\u00e3o da Comunidade Europeia e a nossa presen\u00e7a conforme a situa\u00e7\u00e3o designada.<br \/>Recolha de Levy Correia<\/figcaption><\/figure>\n<div class=\"fb-background-color\">\n\t\t\t  <div \n\t\t\t  \tclass = \"fb-comments\" \n\t\t\t  \tdata-href = \"https:\/\/www.entroncamentoonline.pt\/portal\/entroncamento-nao-ha-novos-casos-de-infecao-com-covid-19-e-ha-menos-4-casos-em-vigilancia-ativa\/\"\n\t\t\t  \tdata-numposts = \"10\"\n\t\t\t  \tdata-lazy = \"true\"\n\t\t\t\tdata-colorscheme = \"light\"\n\t\t\t\tdata-order-by = \"social\"\n\t\t\t\tdata-mobile=true>\n\t\t\t  <\/div><\/div>\n\t\t  <style>\n\t\t    .fb-background-color {\n\t\t\t\tbackground:  !important;\n\t\t\t}\n\t\t\t.fb_iframe_widget_fluid_desktop iframe {\n\t\t\t    width: 100% !important;\n\t\t\t}\n\t\t  <\/style>\n\t\t  ","protected":false},"excerpt":{"rendered":"<p>O ponto de situa\u00e7\u00e3o no Entroncamento esta ter\u00e7a-feira, dia 28 de julho, \u00e9 de 10 casos ativos, num total de 40, sendo 30 os casos recuperados e 34 casos em vigil\u00e2ncia ativa. A C\u00e2mara Municipal do Entroncamento e o Servi\u00e7o Municipal de Prote\u00e7\u00e3o Civil fazem diariamente o ponto de situa\u00e7\u00e3o em rela\u00e7\u00e3o \u00e0 pandemia do [&hellip;]<\/p>\n","protected":false},"author":1,"featured_media":21857,"comment_status":"open","ping_status":"closed","sticky":false,"template":"","format":"standard","meta":{"_acf_changed":false,"footnotes":""},"categories":[1],"tags":[],"class_list":{"0":"post-21855","1":"post","2":"type-post","3":"status-publish","4":"format-standard","5":"has-post-thumbnail","7":"category-sem-categoria"},"acf":[],"_links":{"self":[{"href":"https:\/\/www.entroncamentoonline.pt\/portal\/wp-json\/wp\/v2\/posts\/21855","targetHints":{"allow":["GET"]}}],"collection":[{"href":"https:\/\/www.entroncamentoonline.pt\/portal\/wp-json\/wp\/v2\/posts"}],"about":[{"href":"https:\/\/www.entroncamentoonline.pt\/portal\/wp-json\/wp\/v2\/types\/post"}],"author":[{"embeddable":true,"href":"https:\/\/www.entroncamentoonline.pt\/portal\/wp-json\/wp\/v2\/users\/1"}],"replies":[{"embeddable":true,"href":"https:\/\/www.entroncamentoonline.pt\/portal\/wp-json\/wp\/v2\/comments?post=21855"}],"version-history":[{"count":0,"href":"https:\/\/www.entroncamentoonline.pt\/portal\/wp-json\/wp\/v2\/posts\/21855\/revisions"}],"wp:featuredmedia":[{"embeddable":true,"href":"https:\/\/www.entroncamentoonline.pt\/portal\/wp-json\/wp\/v2\/media\/21857"}],"wp:attachment":[{"href":"https:\/\/www.entroncamentoonline.pt\/portal\/wp-json\/wp\/v2\/media?parent=21855"}],"wp:term":[{"taxonomy":"category","embeddable":true,"href":"https:\/\/www.entroncamentoonline.pt\/portal\/wp-json\/wp\/v2\/categories?post=21855"},{"taxonomy":"post_tag","embeddable":true,"href":"https:\/\/www.entroncamentoonline.pt\/portal\/wp-json\/wp\/v2\/tags?post=21855"}],"curies":[{"name":"wp","href":"https:\/\/api.w.org\/{rel}","templated":true}]}}