{"id":21758,"date":"2020-07-25T13:47:35","date_gmt":"2020-07-25T12:47:35","guid":{"rendered":"https:\/\/www.entroncamentoonline.pt\/portal\/?p=21758"},"modified":"2020-07-26T13:44:03","modified_gmt":"2020-07-26T12:44:03","slug":"entroncamento-nao-ha-novos-casos-de-infecao-com-covid-19-e-sao-agora-29-os-casos-em-vigilancia-ativa","status":"publish","type":"post","link":"https:\/\/www.entroncamentoonline.pt\/portal\/entroncamento-nao-ha-novos-casos-de-infecao-com-covid-19-e-sao-agora-29-os-casos-em-vigilancia-ativa\/","title":{"rendered":"Entroncamento | N\u00e3o h\u00e1 novos casos de infe\u00e7\u00e3o com Covid-19 e s\u00e3o agora 29 os casos em vigil\u00e2ncia ativa"},"content":{"rendered":"<p>O ponto de situa\u00e7\u00e3o no Entroncamento este s\u00e1bado, dia 25 de julho, \u00e9 de 10 casos ativos, num total de 40, sendo 30 os casos recuperados e 29 casos em vigil\u00e2ncia ativa<\/p>\n<p>A C\u00e2mara Municipal do Entroncamento e o Servi\u00e7o Municipal de Prote\u00e7\u00e3o Civil fazem diariamente o ponto de situa\u00e7\u00e3o em rela\u00e7\u00e3o \u00e0 pandemia do Covid-19, no concelho do Entroncamento.<\/p>\n<p><img loading=\"lazy\" decoding=\"async\" class=\"aligncenter size-full wp-image-21762\" src=\"https:\/\/www.entroncamentoonline.pt\/portal\/wp-content\/uploads\/2020\/07\/SitConEntroncamento-19.jpg\" alt=\"\" width=\"420\" height=\"372\" \/><\/p>\n<p>A situa\u00e7\u00e3o no ACES do MT pelas 20h00, deste s\u00e1bado, dia 25 de julho, era a seguinte:<\/p>\n<p><img loading=\"lazy\" decoding=\"async\" class=\"aligncenter size-full wp-image-21774\" src=\"https:\/\/www.entroncamentoonline.pt\/portal\/wp-content\/uploads\/2020\/07\/ACESMT-22.jpg\" alt=\"\" width=\"429\" height=\"367\" \/><\/p>\n<p style=\"text-align: center;\"><strong>Em Portugal nas \u00faltimas 24 horas | Mais 263 casos e 4 mortos<\/strong><\/p>\n<p>A n\u00edvel nacional este s\u00e1bado regista-se um n\u00famero de mortos de 1716, mais 4 do que ontem (anteriormente mais 7), os infetados s\u00e3o agora 49955, mais 263 do que ontem (anteriormente mais 313) e os casos recuperados s\u00e3o 35010, mais 323 do que ontem (anteriormente 318).<\/p>\n<p><img loading=\"lazy\" decoding=\"async\" class=\"aligncenter size-full wp-image-21766\" src=\"https:\/\/www.entroncamentoonline.pt\/portal\/wp-content\/uploads\/2020\/07\/Relat\u00f3rioDGS-23.jpg\" alt=\"\" width=\"572\" height=\"599\" \/><\/p>\n<figure id=\"attachment_21770\" aria-describedby=\"caption-attachment-21770\" style=\"width: 594px\" class=\"wp-caption aligncenter\"><img loading=\"lazy\" decoding=\"async\" class=\"size-full wp-image-21770\" src=\"https:\/\/www.entroncamentoonline.pt\/portal\/wp-content\/uploads\/2020\/07\/MapasCovid-2.jpg\" alt=\"\" width=\"594\" height=\"420\" \/><figcaption id=\"caption-attachment-21770\" class=\"wp-caption-text\">NOTA: As linhas a amarelo representam a tend\u00eancia calculada pelo programa.<br \/>Recolha de Levy Correia<\/figcaption><\/figure>\n<figure id=\"attachment_21769\" aria-describedby=\"caption-attachment-21769\" style=\"width: 594px\" class=\"wp-caption aligncenter\"><img loading=\"lazy\" decoding=\"async\" class=\"size-full wp-image-21769\" src=\"https:\/\/www.entroncamentoonline.pt\/portal\/wp-content\/uploads\/2020\/07\/MapasCovid1-2.jpg\" alt=\"\" width=\"594\" height=\"420\" \/><figcaption id=\"caption-attachment-21769\" class=\"wp-caption-text\">Portugal apesar de estar neste gr\u00e1fico encontra-se no 42\u00ba lugar a n\u00edvel mundial<br \/>Recolha de Levy Correia<\/figcaption><\/figure>\n<figure id=\"attachment_21772\" aria-describedby=\"caption-attachment-21772\" style=\"width: 594px\" class=\"wp-caption aligncenter\"><img loading=\"lazy\" decoding=\"async\" class=\"size-full wp-image-21772\" src=\"https:\/\/www.entroncamentoonline.pt\/portal\/wp-content\/uploads\/2020\/07\/MapasCovid2-2.jpg\" alt=\"\" width=\"594\" height=\"420\" \/><figcaption id=\"caption-attachment-21772\" class=\"wp-caption-text\">Recolha de Levy Correia<\/figcaption><\/figure>\n<figure id=\"attachment_21771\" aria-describedby=\"caption-attachment-21771\" style=\"width: 594px\" class=\"wp-caption aligncenter\"><img loading=\"lazy\" decoding=\"async\" class=\"size-full wp-image-21771\" src=\"https:\/\/www.entroncamentoonline.pt\/portal\/wp-content\/uploads\/2020\/07\/MapasCovid3-1.jpg\" alt=\"\" width=\"594\" height=\"420\" \/><figcaption id=\"caption-attachment-21771\" class=\"wp-caption-text\">Recolha de Levy Correia<\/figcaption><\/figure>\n<div class=\"fb-background-color\">\n\t\t\t  <div \n\t\t\t  \tclass = \"fb-comments\" \n\t\t\t  \tdata-href = \"https:\/\/www.entroncamentoonline.pt\/portal\/entroncamento-nao-ha-novos-casos-de-infecao-com-covid-19-e-sao-agora-29-os-casos-em-vigilancia-ativa\/\"\n\t\t\t  \tdata-numposts = \"10\"\n\t\t\t  \tdata-lazy = \"true\"\n\t\t\t\tdata-colorscheme = \"light\"\n\t\t\t\tdata-order-by = \"social\"\n\t\t\t\tdata-mobile=true>\n\t\t\t  <\/div><\/div>\n\t\t  <style>\n\t\t    .fb-background-color {\n\t\t\t\tbackground:  !important;\n\t\t\t}\n\t\t\t.fb_iframe_widget_fluid_desktop iframe {\n\t\t\t    width: 100% !important;\n\t\t\t}\n\t\t  <\/style>\n\t\t  ","protected":false},"excerpt":{"rendered":"<p>O ponto de situa\u00e7\u00e3o no Entroncamento este s\u00e1bado, dia 25 de julho, \u00e9 de 10 casos ativos, num total de 40, sendo 30 os casos recuperados e 29 casos em vigil\u00e2ncia ativa A C\u00e2mara Municipal do Entroncamento e o Servi\u00e7o Municipal de Prote\u00e7\u00e3o Civil fazem diariamente o ponto de situa\u00e7\u00e3o em rela\u00e7\u00e3o \u00e0 pandemia do [&hellip;]<\/p>\n","protected":false},"author":1,"featured_media":21760,"comment_status":"open","ping_status":"closed","sticky":false,"template":"","format":"standard","meta":{"_acf_changed":false,"footnotes":""},"categories":[1],"tags":[],"class_list":{"0":"post-21758","1":"post","2":"type-post","3":"status-publish","4":"format-standard","5":"has-post-thumbnail","7":"category-sem-categoria"},"acf":[],"_links":{"self":[{"href":"https:\/\/www.entroncamentoonline.pt\/portal\/wp-json\/wp\/v2\/posts\/21758","targetHints":{"allow":["GET"]}}],"collection":[{"href":"https:\/\/www.entroncamentoonline.pt\/portal\/wp-json\/wp\/v2\/posts"}],"about":[{"href":"https:\/\/www.entroncamentoonline.pt\/portal\/wp-json\/wp\/v2\/types\/post"}],"author":[{"embeddable":true,"href":"https:\/\/www.entroncamentoonline.pt\/portal\/wp-json\/wp\/v2\/users\/1"}],"replies":[{"embeddable":true,"href":"https:\/\/www.entroncamentoonline.pt\/portal\/wp-json\/wp\/v2\/comments?post=21758"}],"version-history":[{"count":0,"href":"https:\/\/www.entroncamentoonline.pt\/portal\/wp-json\/wp\/v2\/posts\/21758\/revisions"}],"wp:featuredmedia":[{"embeddable":true,"href":"https:\/\/www.entroncamentoonline.pt\/portal\/wp-json\/wp\/v2\/media\/21760"}],"wp:attachment":[{"href":"https:\/\/www.entroncamentoonline.pt\/portal\/wp-json\/wp\/v2\/media?parent=21758"}],"wp:term":[{"taxonomy":"category","embeddable":true,"href":"https:\/\/www.entroncamentoonline.pt\/portal\/wp-json\/wp\/v2\/categories?post=21758"},{"taxonomy":"post_tag","embeddable":true,"href":"https:\/\/www.entroncamentoonline.pt\/portal\/wp-json\/wp\/v2\/tags?post=21758"}],"curies":[{"name":"wp","href":"https:\/\/api.w.org\/{rel}","templated":true}]}}