{"id":21744,"date":"2020-07-24T19:37:47","date_gmt":"2020-07-24T18:37:47","guid":{"rendered":"https:\/\/www.entroncamentoonline.pt\/portal\/?p=21744"},"modified":"2020-07-24T19:41:16","modified_gmt":"2020-07-24T18:41:16","slug":"projeto-piloto-recolhe-mais-de-um-milhao-de-embalagens-de-bebidas-em-plastico-em-apenas-tres-meses","status":"publish","type":"post","link":"https:\/\/www.entroncamentoonline.pt\/portal\/projeto-piloto-recolhe-mais-de-um-milhao-de-embalagens-de-bebidas-em-plastico-em-apenas-tres-meses\/","title":{"rendered":"Projeto-piloto recolhe mais de um milh\u00e3o de embalagens de bebidas em pl\u00e1stico em apenas tr\u00eas meses"},"content":{"rendered":"<p>Entre 13 de mar\u00e7o e 30 de junho de 2020 mais de um milh\u00e3o de embalagens de bebidas em pl\u00e1stico, a uma m\u00e9dia di\u00e1ria de 9.561 unidades, foram entregues nas m\u00e1quinas de recolha autom\u00e1tica instaladas em grandes superf\u00edcies comerciais em Portugal Continental, para serem recicladas e darem origem a novas garrafas. Este \u00e9 um dos indicadores em evid\u00eancia nos primeiros tr\u00eas meses de funcionamento do projeto-piloto \u201cQuando do Velho se Faz Novo, Todos Ganham. Ganha o Planeta!\u201d, uma iniciativa que premeia os adeptos da reciclagem.<\/p>\n<p>O balan\u00e7o deste projeto foi assinalado numa cerim\u00f3nia que ocorreu esta sexta-feira, 24 de julho, na loja Continente das Antas, no Alameda Shop &amp; Spot, no Porto, uma das grandes superf\u00edcies comerciais abrangidas pelo projeto, e que contou com a presen\u00e7a da Secret\u00e1ria de Estado do Ambiente, In\u00eas dos Santos Costa.<\/p>\n<p>At\u00e9 ao final de junho foram devolvidas 1\u00a0051\u00a0871 garrafas de pl\u00e1stico, que totalizam cerca de 28 toneladas de pl\u00e1stico PET, que ser\u00e1 encaminhado para reciclagem para incorpora\u00e7\u00e3o em novas garrafas. Do total de embalagens de bebidas em pl\u00e1stico devolvidas nas grandes superf\u00edcies aderentes ao projeto-piloto, 71% das embalagens tinham capacidade acima de 0,5 litros e at\u00e9 2 litros. O valor acumulado de garrafas de pl\u00e1stico devolvidas em junho representa um aumento de 65% comparativamente ao valor acumulado at\u00e9 maio.<\/p>\n<p>\u201cQuando do Velho se Faz Novo, Todos Ganham. Ganha o Planeta!\u201d \u00e9 o mote desta iniciativa que abrange um conjunto de 23 m\u00e1quinas de recolha autom\u00e1tica instaladas em grandes superf\u00edcies comerciais, localizadas em Portugal Continental. Este projeto-piloto \u00e9 gerido por um cons\u00f3rcio constitu\u00eddo pela Associa\u00e7\u00e3o \u00c1guas Minerais e de Nascente de Portugal, pela Associa\u00e7\u00e3o Portuguesa das Bebidas Refrescantes N\u00e3o Alco\u00f3licas (PROBEB) e pela Associa\u00e7\u00e3o Portuguesa de Empresas de Distribui\u00e7\u00e3o (APED) e tem como objetivo incentivar os cidad\u00e3os a adotarem comportamentos sustent\u00e1veis para que o material recolhido seja reciclado e incorporado como mat\u00e9ria-prima na produ\u00e7\u00e3o de novas garrafas.<\/p>\n<p>O Fundo Ambiental do Minist\u00e9rio do Ambiente e A\u00e7\u00e3o Clim\u00e1tica, atrav\u00e9s do aviso n.\u00ba 12599\/2019, de 23 de julho, financia a 100% este projeto piloto, num montante de 1\u00a0665 000 euros.<\/p>\n<p>Este \u00e9 um projeto muito importante para preparar a implementa\u00e7\u00e3o do futuro sistema de dep\u00f3sito de embalagens de bebidas, que dever\u00e1 suceder a este sistema de incentivo a partir de 2022.<\/p>\n<p><strong>Promover a reciclagem e a economia circular e apoiar quem mais necessita<\/strong><\/p>\n<p>As regras de utiliza\u00e7\u00e3o e funcionamento das m\u00e1quinas de recolha autom\u00e1tica s\u00e3o bastante simples. Os cidad\u00e3os depositam nas m\u00e1quinas as garrafas de bebidas em pl\u00e1stico, do tipo PET, n\u00e3o reutiliz\u00e1veis, de \u00e1guas, sumos, refrigerantes ou bebidas alco\u00f3licas, e recebem um tal\u00e3o no valor total correspondente \u00e0s garrafas devolvidas, de dois c\u00eantimos por cada garrafa entre 0,1 e 0,5 litros, e cinco c\u00eantimos por cada garrafa acima de 0,5 e at\u00e9 2 litros. Estes tal\u00f5es podem ser utilizados em compras, de valor igual ou superior, na loja ou ins\u00edgnia onde as garrafas foram entregues.<\/p>\n<p>O valor recebido tamb\u00e9m pode ser doado a institui\u00e7\u00f5es que desenvolvem iniciativas nas vertentes social ou ambiental, bastando para isso selecionar essa op\u00e7\u00e3o no ecr\u00e3 da m\u00e1quina no final da opera\u00e7\u00e3o. As institui\u00e7\u00f5es eleitas pelos consumidores, atrav\u00e9s de vota\u00e7\u00e3o online, para receber os donativos do projeto \u201cQuando do Velho se Faz Novo, Todos Ganham. Ganha o Planeta\u201d, s\u00e3o as seguintes:<\/p>\n<ul>\n<li>SER IGUAL &#8211; Associa\u00e7\u00e3o de Servi\u00e7os Especiais de Reabilita\u00e7\u00e3o e Igualdade (Tavira)<\/li>\n<li>Funda\u00e7\u00e3o Arcelina Victor dos Santos (Almada)<\/li>\n<li>CERCISIAGO &#8211; Cooperativa para a Educa\u00e7\u00e3o e Reabilita\u00e7\u00e3o de Crian\u00e7as Inadaptadas de Sines e Santiago do Cac\u00e9m (Santiago do Cac\u00e9m)<\/li>\n<li>Associa\u00e7\u00e3o Humanit\u00e1ria Bombeiros Volunt\u00e1rios de Pa\u00e7os de Ferreira (Pa\u00e7os de Ferreira)<\/li>\n<li>APPACDM de \u00c9vora (\u00c9vora)<\/li>\n<li>Delega\u00e7\u00e3o de Braga da Cruz Vermelha Portuguesa (Braga)<\/li>\n<li>Santa Casa da Miseric\u00f3rdia de Santo Ant\u00f3nio de S. Pedro do Sul (S\u00e3o Pedro do Sul)<\/li>\n<li>PRAVI &#8211; Projecto de Apoio a V\u00edtimas Indefesas (Almeirim)<\/li>\n<li>Santa Casa da Miseric\u00f3rdia de Coimbra &#8211; Centro de Apoio \u00e0 Terceira Idade (Coimbra)<\/li>\n<li>Cantinho dos Animais (\u00c9vora)<\/li>\n<li>Associa\u00e7\u00e3o de Promo\u00e7\u00e3o Social da Popula\u00e7\u00e3o do Bairro do Aleixo (Porto)<\/li>\n<li>CERCIBEJA &#8211; Cooperativa para a Educa\u00e7\u00e3o, Reabilita\u00e7\u00e3o, Capacita\u00e7\u00e3o e Inclus\u00e3o de Beja (Beja)<\/li>\n<li>Funda\u00e7\u00e3o Bet\u00e2nia (Bragan\u00e7a)<\/li>\n<li>Instinto &#8211; Associa\u00e7\u00e3o Protetora de Animais da Covilh\u00e3 (Covilh\u00e3)<\/li>\n<li>Associa\u00e7\u00e3o de Moradores do Complexo Habitacional de Ringe (Santo Tirso)<\/li>\n<li>Confer\u00eancia de S. Vicente de Paulo (Entroncamento)<\/li>\n<li>AMAR 21 &#8211; Associa\u00e7\u00e3o de Apoio \u00e0 Trissomia 21 e Outras Perturba\u00e7\u00f5es do Neurodesenvolvimento (Barcelos)<\/li>\n<li>Associa\u00e7\u00e3o de Socorros M\u00fatuos Nossa Senhora da Esperan\u00e7a de Sandim e Freguesias Circunvizinhas (Vila Nova de Gaia)<\/li>\n<li>Comunidade Vida e Paz (Mafra)<\/li>\n<li>Associa\u00e7\u00e3o de Solidariedade Social de Ponte de Sor (Ponte de Sor)<\/li>\n<li>CENSO &#8211; Centro Social, Cultural e Recreativo de Messeg\u00e3es, Valadares e S\u00e1 (Mon\u00e7\u00e3o)<\/li>\n<li>CERCIPOM-Cooperativa Ensino Reabilita\u00e7\u00e3o de Cidad\u00e3os Inadaptados de Pombal, CRL (Pombal)<\/li>\n<li>Associa\u00e7\u00e3o de Paralisia Cerebral de Lisboa (APCL) (Lisboa)<\/li>\n<\/ul>\n<div id='gallery-1' class='gallery galleryid-21744 gallery-columns-4 gallery-size-thumbnail'><figure class='gallery-item'>\n\t\t\t<div class='gallery-icon landscape'>\n\t\t\t\t<a href='https:\/\/www.entroncamentoonline.pt\/portal\/projeto-piloto-recolhe-mais-de-um-milhao-de-embalagens-de-bebidas-em-plastico-em-apenas-tres-meses\/ines_dos_santos_costa\/'><img loading=\"lazy\" decoding=\"async\" width=\"350\" height=\"350\" src=\"https:\/\/www.entroncamentoonline.pt\/portal\/wp-content\/uploads\/2020\/07\/In\u00eas_dos_Santos_Costa-350x350.jpg\" class=\"attachment-thumbnail size-thumbnail\" alt=\"\" aria-describedby=\"gallery-1-21748\" \/><\/a>\n\t\t\t<\/div>\n\t\t\t\t<figcaption class='wp-caption-text gallery-caption' id='gallery-1-21748'>\n\t\t\t\t\u2022\tIn\u00eas dos Santos Costa, Secret\u00e1ria de Estado do Ambiente\n\t\t\t\t<\/figcaption><\/figure><figure class='gallery-item'>\n\t\t\t<div class='gallery-icon landscape'>\n\t\t\t\t<a href='https:\/\/www.entroncamentoonline.pt\/portal\/projeto-piloto-recolhe-mais-de-um-milhao-de-embalagens-de-bebidas-em-plastico-em-apenas-tres-meses\/isabel_barros\/'><img loading=\"lazy\" decoding=\"async\" width=\"350\" height=\"350\" src=\"https:\/\/www.entroncamentoonline.pt\/portal\/wp-content\/uploads\/2020\/07\/Isabel_Barros-350x350.jpg\" class=\"attachment-thumbnail size-thumbnail\" alt=\"\" aria-describedby=\"gallery-1-21747\" \/><\/a>\n\t\t\t<\/div>\n\t\t\t\t<figcaption class='wp-caption-text gallery-caption' id='gallery-1-21747'>\n\t\t\t\t\u2022\tIsabel Barros, Presidente da APED e Board Member da Sonae MC\n\t\t\t\t<\/figcaption><\/figure><figure class='gallery-item'>\n\t\t\t<div class='gallery-icon landscape'>\n\t\t\t\t<a href='https:\/\/www.entroncamentoonline.pt\/portal\/projeto-piloto-recolhe-mais-de-um-milhao-de-embalagens-de-bebidas-em-plastico-em-apenas-tres-meses\/cristina_costa\/'><img loading=\"lazy\" decoding=\"async\" width=\"350\" height=\"350\" src=\"https:\/\/www.entroncamentoonline.pt\/portal\/wp-content\/uploads\/2020\/07\/Cristina_Costa-350x350.jpg\" class=\"attachment-thumbnail size-thumbnail\" alt=\"\" aria-describedby=\"gallery-1-21746\" \/><\/a>\n\t\t\t<\/div>\n\t\t\t\t<figcaption class='wp-caption-text gallery-caption' id='gallery-1-21746'>\n\t\t\t\t\u2022\tCristina Costa, Associa\u00e7\u00e3o de \u00c1guas Minerais e de Nascente de Portugal (APIAM) e Associa\u00e7\u00e3o Portuguesa das Bebidas Refrescantes N\u00e3o Alco\u00f3licas (PROBEB)\n\t\t\t\t<\/figcaption><\/figure><figure class='gallery-item'>\n\t\t\t<div class='gallery-icon landscape'>\n\t\t\t\t<a href='https:\/\/www.entroncamentoonline.pt\/portal\/projeto-piloto-recolhe-mais-de-um-milhao-de-embalagens-de-bebidas-em-plastico-em-apenas-tres-meses\/goncalo_lobo_xavier\/'><img loading=\"lazy\" decoding=\"async\" width=\"350\" height=\"350\" src=\"https:\/\/www.entroncamentoonline.pt\/portal\/wp-content\/uploads\/2020\/07\/Gon\u00e7alo_Lobo_Xavier-350x350.jpg\" class=\"attachment-thumbnail size-thumbnail\" alt=\"\" aria-describedby=\"gallery-1-21745\" \/><\/a>\n\t\t\t<\/div>\n\t\t\t\t<figcaption class='wp-caption-text gallery-caption' id='gallery-1-21745'>\n\t\t\t\t\u2022\tGon\u00e7alo Lobo Xavier, Diretor-Geral da APED\n\t\t\t\t<\/figcaption><\/figure>\n\t\t<\/div>\n\n<p>Com o pl\u00e1stico recolhido ser\u00e3o produzidos materiais reciclados de elevada qualidade para a incorpora\u00e7\u00e3o em novas garrafas de bebidas, promovendo a sustentabilidade ambiental atrav\u00e9s de uma economia mais circular.<\/p>\n<p>A localiza\u00e7\u00e3o das 23 m\u00e1quinas de recolha de garrafas bebidas em pl\u00e1stico bem como toda<\/p>\n<p>a informa\u00e7\u00e3o sobre este projeto-piloto pode ser consultada no <a href=\"http:\/\/www.dovelhosefaznovo.pt\">site<\/a>.<\/p>\n<div class=\"fb-background-color\">\n\t\t\t  <div \n\t\t\t  \tclass = \"fb-comments\" \n\t\t\t  \tdata-href = \"https:\/\/www.entroncamentoonline.pt\/portal\/projeto-piloto-recolhe-mais-de-um-milhao-de-embalagens-de-bebidas-em-plastico-em-apenas-tres-meses\/\"\n\t\t\t  \tdata-numposts = \"10\"\n\t\t\t  \tdata-lazy = \"true\"\n\t\t\t\tdata-colorscheme = \"light\"\n\t\t\t\tdata-order-by = \"social\"\n\t\t\t\tdata-mobile=true>\n\t\t\t  <\/div><\/div>\n\t\t  <style>\n\t\t    .fb-background-color {\n\t\t\t\tbackground:  !important;\n\t\t\t}\n\t\t\t.fb_iframe_widget_fluid_desktop iframe {\n\t\t\t    width: 100% !important;\n\t\t\t}\n\t\t  <\/style>\n\t\t  ","protected":false},"excerpt":{"rendered":"<p>Entre 13 de mar\u00e7o e 30 de junho de 2020 mais de um milh\u00e3o de embalagens de bebidas em pl\u00e1stico, a uma m\u00e9dia di\u00e1ria de 9.561 unidades, foram entregues nas m\u00e1quinas de recolha autom\u00e1tica instaladas em grandes superf\u00edcies comerciais em Portugal Continental, para serem recicladas e darem origem a novas garrafas. Este \u00e9 um dos [&hellip;]<\/p>\n","protected":false},"author":1,"featured_media":21747,"comment_status":"open","ping_status":"closed","sticky":false,"template":"","format":"standard","meta":{"_acf_changed":false,"footnotes":""},"categories":[71],"tags":[],"class_list":{"0":"post-21744","1":"post","2":"type-post","3":"status-publish","4":"format-standard","5":"has-post-thumbnail","7":"category-outras-noticias"},"acf":[],"_links":{"self":[{"href":"https:\/\/www.entroncamentoonline.pt\/portal\/wp-json\/wp\/v2\/posts\/21744","targetHints":{"allow":["GET"]}}],"collection":[{"href":"https:\/\/www.entroncamentoonline.pt\/portal\/wp-json\/wp\/v2\/posts"}],"about":[{"href":"https:\/\/www.entroncamentoonline.pt\/portal\/wp-json\/wp\/v2\/types\/post"}],"author":[{"embeddable":true,"href":"https:\/\/www.entroncamentoonline.pt\/portal\/wp-json\/wp\/v2\/users\/1"}],"replies":[{"embeddable":true,"href":"https:\/\/www.entroncamentoonline.pt\/portal\/wp-json\/wp\/v2\/comments?post=21744"}],"version-history":[{"count":0,"href":"https:\/\/www.entroncamentoonline.pt\/portal\/wp-json\/wp\/v2\/posts\/21744\/revisions"}],"wp:featuredmedia":[{"embeddable":true,"href":"https:\/\/www.entroncamentoonline.pt\/portal\/wp-json\/wp\/v2\/media\/21747"}],"wp:attachment":[{"href":"https:\/\/www.entroncamentoonline.pt\/portal\/wp-json\/wp\/v2\/media?parent=21744"}],"wp:term":[{"taxonomy":"category","embeddable":true,"href":"https:\/\/www.entroncamentoonline.pt\/portal\/wp-json\/wp\/v2\/categories?post=21744"},{"taxonomy":"post_tag","embeddable":true,"href":"https:\/\/www.entroncamentoonline.pt\/portal\/wp-json\/wp\/v2\/tags?post=21744"}],"curies":[{"name":"wp","href":"https:\/\/api.w.org\/{rel}","templated":true}]}}