{"id":21674,"date":"2020-07-23T13:42:01","date_gmt":"2020-07-23T12:42:01","guid":{"rendered":"https:\/\/www.entroncamentoonline.pt\/portal\/?p=21674"},"modified":"2020-07-24T13:57:36","modified_gmt":"2020-07-24T12:57:36","slug":"entroncamento-mantem-se-os-12-casos-ativos-infetados-com-covid-19-e-33-casos-em-vigilancia-ativa","status":"publish","type":"post","link":"https:\/\/www.entroncamentoonline.pt\/portal\/entroncamento-mantem-se-os-12-casos-ativos-infetados-com-covid-19-e-33-casos-em-vigilancia-ativa\/","title":{"rendered":"Entroncamento | Mant\u00eam-se os 12 casos ativos infetados com Covid-19 e 33 casos em vigil\u00e2ncia ativa"},"content":{"rendered":"<p>O ponto de situa\u00e7\u00e3o no Entroncamento esta quinta-feira, dia 23 de julho, \u00e9 de 12 casos ativos, num total de 40, sendo 28 os casos recuperados e 33 casos em vigil\u00e2ncia ativa. Tr\u00eas dos novos casos est\u00e3o associados ao caso da empresa de Tomar, Ribasabores.<\/p>\n<p><img loading=\"lazy\" decoding=\"async\" class=\"aligncenter size-full wp-image-21666\" src=\"https:\/\/www.entroncamentoonline.pt\/portal\/wp-content\/uploads\/2020\/07\/SitConEntroncamento-17.jpg\" alt=\"\" width=\"420\" height=\"372\" \/><\/p>\n<p>N\u00e3o tem existido coer\u00eancia entre os n\u00fameros apresentados pelo SMPC do Entroncamento e o ACES MT. O SMPC do Entroncamento diz serem 40 os casos totais e o ACES MT diz serem 37. Na vigil\u00e2ncia ativa o SMPC do Entroncamento diz serem 33 e o ACES MT diz que s\u00e3o 20.<\/p>\n<p>A situa\u00e7\u00e3o no ACES do MT pelas 18h30, desta quinta-feira, dia 23 de julho, era a seguinte:<\/p>\n<p>&nbsp;<\/p>\n<p><img loading=\"lazy\" decoding=\"async\" class=\"aligncenter size-full wp-image-21700\" src=\"https:\/\/www.entroncamentoonline.pt\/portal\/wp-content\/uploads\/2020\/07\/ACESMT-20.jpg\" alt=\"\" width=\"429\" height=\"367\" \/><\/p>\n<p style=\"text-align: center;\"><strong>Em Portugal nas \u00faltimas 24 horas | Mais 229 casos e 3 mortos<\/strong><\/p>\n<p>A n\u00edvel nacional esta quinta-feira regista-se um n\u00famero de mortos de 1705, mais 3 do que ontem (anteriormente mais 5), os infetados s\u00e3o agora 49379, mais 229 do que ontem (anteriormente mais 252) e os casos recuperados s\u00e3o 34369, mais 370 do que ontem (anteriormente 230).<\/p>\n<p><img loading=\"lazy\" decoding=\"async\" class=\"aligncenter size-full wp-image-21690\" src=\"https:\/\/www.entroncamentoonline.pt\/portal\/wp-content\/uploads\/2020\/07\/Relat\u00f3rioDGS-21.jpg\" alt=\"\" width=\"586\" height=\"605\" \/><\/p>\n<p>&nbsp;<\/p>\n<p>&nbsp;<\/p>\n<figure id=\"attachment_21693\" aria-describedby=\"caption-attachment-21693\" style=\"width: 474px\" class=\"wp-caption aligncenter\"><img loading=\"lazy\" decoding=\"async\" class=\"size-full wp-image-21693\" src=\"https:\/\/www.entroncamentoonline.pt\/portal\/wp-content\/uploads\/2020\/07\/MapasCovid.jpg\" alt=\"\" width=\"474\" height=\"675\" \/><figcaption id=\"caption-attachment-21693\" class=\"wp-caption-text\">Recolha de Levy Correia<\/figcaption><\/figure>\n<p>&nbsp;<\/p>\n<figure id=\"attachment_21694\" aria-describedby=\"caption-attachment-21694\" style=\"width: 800px\" class=\"wp-caption aligncenter\"><img loading=\"lazy\" decoding=\"async\" class=\"size-medium wp-image-21694\" src=\"https:\/\/www.entroncamentoonline.pt\/portal\/wp-content\/uploads\/2020\/07\/MapasCovid2-800x566.jpg\" alt=\"\" width=\"800\" height=\"566\" \/><figcaption id=\"caption-attachment-21694\" class=\"wp-caption-text\">Recolha de Levy Correia<\/figcaption><\/figure>\n<figure id=\"attachment_21695\" aria-describedby=\"caption-attachment-21695\" style=\"width: 800px\" class=\"wp-caption aligncenter\"><img loading=\"lazy\" decoding=\"async\" class=\"size-medium wp-image-21695\" src=\"https:\/\/www.entroncamentoonline.pt\/portal\/wp-content\/uploads\/2020\/07\/MapasCovid1-800x539.jpg\" alt=\"\" width=\"800\" height=\"539\" \/><figcaption id=\"caption-attachment-21695\" class=\"wp-caption-text\">Recolha de Levy Correia<\/figcaption><\/figure>\n<div class=\"fb-background-color\">\n\t\t\t  <div \n\t\t\t  \tclass = \"fb-comments\" \n\t\t\t  \tdata-href = \"https:\/\/www.entroncamentoonline.pt\/portal\/entroncamento-mantem-se-os-12-casos-ativos-infetados-com-covid-19-e-33-casos-em-vigilancia-ativa\/\"\n\t\t\t  \tdata-numposts = \"10\"\n\t\t\t  \tdata-lazy = \"true\"\n\t\t\t\tdata-colorscheme = \"light\"\n\t\t\t\tdata-order-by = \"social\"\n\t\t\t\tdata-mobile=true>\n\t\t\t  <\/div><\/div>\n\t\t  <style>\n\t\t    .fb-background-color {\n\t\t\t\tbackground:  !important;\n\t\t\t}\n\t\t\t.fb_iframe_widget_fluid_desktop iframe {\n\t\t\t    width: 100% !important;\n\t\t\t}\n\t\t  <\/style>\n\t\t  ","protected":false},"excerpt":{"rendered":"<p>O ponto de situa\u00e7\u00e3o no Entroncamento esta quinta-feira, dia 23 de julho, \u00e9 de 12 casos ativos, num total de 40, sendo 28 os casos recuperados e 33 casos em vigil\u00e2ncia ativa. Tr\u00eas dos novos casos est\u00e3o associados ao caso da empresa de Tomar, Ribasabores. N\u00e3o tem existido coer\u00eancia entre os n\u00fameros apresentados pelo SMPC [&hellip;]<\/p>\n","protected":false},"author":1,"featured_media":21677,"comment_status":"open","ping_status":"closed","sticky":false,"template":"","format":"standard","meta":{"_acf_changed":false,"footnotes":""},"categories":[1],"tags":[],"class_list":{"0":"post-21674","1":"post","2":"type-post","3":"status-publish","4":"format-standard","5":"has-post-thumbnail","7":"category-sem-categoria"},"acf":[],"_links":{"self":[{"href":"https:\/\/www.entroncamentoonline.pt\/portal\/wp-json\/wp\/v2\/posts\/21674","targetHints":{"allow":["GET"]}}],"collection":[{"href":"https:\/\/www.entroncamentoonline.pt\/portal\/wp-json\/wp\/v2\/posts"}],"about":[{"href":"https:\/\/www.entroncamentoonline.pt\/portal\/wp-json\/wp\/v2\/types\/post"}],"author":[{"embeddable":true,"href":"https:\/\/www.entroncamentoonline.pt\/portal\/wp-json\/wp\/v2\/users\/1"}],"replies":[{"embeddable":true,"href":"https:\/\/www.entroncamentoonline.pt\/portal\/wp-json\/wp\/v2\/comments?post=21674"}],"version-history":[{"count":0,"href":"https:\/\/www.entroncamentoonline.pt\/portal\/wp-json\/wp\/v2\/posts\/21674\/revisions"}],"wp:featuredmedia":[{"embeddable":true,"href":"https:\/\/www.entroncamentoonline.pt\/portal\/wp-json\/wp\/v2\/media\/21677"}],"wp:attachment":[{"href":"https:\/\/www.entroncamentoonline.pt\/portal\/wp-json\/wp\/v2\/media?parent=21674"}],"wp:term":[{"taxonomy":"category","embeddable":true,"href":"https:\/\/www.entroncamentoonline.pt\/portal\/wp-json\/wp\/v2\/categories?post=21674"},{"taxonomy":"post_tag","embeddable":true,"href":"https:\/\/www.entroncamentoonline.pt\/portal\/wp-json\/wp\/v2\/tags?post=21674"}],"curies":[{"name":"wp","href":"https:\/\/api.w.org\/{rel}","templated":true}]}}