{"id":21645,"date":"2020-07-22T09:59:13","date_gmt":"2020-07-22T08:59:13","guid":{"rendered":"https:\/\/www.entroncamentoonline.pt\/portal\/?p=21645"},"modified":"2020-07-28T09:26:51","modified_gmt":"2020-07-28T08:26:51","slug":"crematorio-municipal-do-entroncamento-e-inaugurado-segunda-feira-dia-27-de-julho","status":"publish","type":"post","link":"https:\/\/www.entroncamentoonline.pt\/portal\/crematorio-municipal-do-entroncamento-e-inaugurado-segunda-feira-dia-27-de-julho\/","title":{"rendered":"Cremat\u00f3rio Municipal do Entroncamento \u00e9 inaugurado segunda-feira, dia 27 de julho"},"content":{"rendered":"<p>O Cremat\u00f3rio Municipal do Entroncamento, vai ser inaugurado na pr\u00f3xima segunda-feira, dia 27 de julho pelas 10h00, numa cerim\u00f3nia simples e que vai envolver poucos convidados, tendo em conta as restri\u00e7\u00f5es que se vivem com a pandemia.<\/p>\n<p>O Presidente da C\u00e2mara Municipal do Entroncamento, Jorge Faria, destaca que este equipamento representa um investimento de 700 mil euros e refere a sua import\u00e2ncia para o Entroncamento e para a regi\u00e3o, sendo mesmo o primeiro na regi\u00e3o do M\u00e9dio Tejo.<\/p>\n<p>A \u00e1rea de implanta\u00e7\u00e3o do cremat\u00f3rio do Entroncamento \u00e9 de 1.132m\u00b2, dos quais 300m\u00b2 \u00e9 de \u00e1rea de constru\u00edda e os restantes alocados a zonas ajardinadas com fins espec\u00edficos (Jardim da Mem\u00f3ria, Cendr\u00e1rio e Columb\u00e1rio).<\/p>\n<p>O equipamento foi concessionado, num modelo de conce\u00e7\u00e3o, constru\u00e7\u00e3o e explora\u00e7\u00e3o, por 30 anos \u00e0 empresa Pleaseantdedication Lda. O gerente, Sr. M\u00e1rio Ferreira, tem vindo a desenvolver contactos com os v\u00e1rios operadores da regi\u00e3o para preparar o arranque deste equipamento e, acredita, que est\u00e3o reunidas as condi\u00e7\u00f5es necess\u00e1rias para que este empreendimento tenha sucesso.<\/p>\n<div class=\"fb-background-color\">\n\t\t\t  <div \n\t\t\t  \tclass = \"fb-comments\" \n\t\t\t  \tdata-href = \"https:\/\/www.entroncamentoonline.pt\/portal\/crematorio-municipal-do-entroncamento-e-inaugurado-segunda-feira-dia-27-de-julho\/\"\n\t\t\t  \tdata-numposts = \"10\"\n\t\t\t  \tdata-lazy = \"true\"\n\t\t\t\tdata-colorscheme = \"light\"\n\t\t\t\tdata-order-by = \"social\"\n\t\t\t\tdata-mobile=true>\n\t\t\t  <\/div><\/div>\n\t\t  <style>\n\t\t    .fb-background-color {\n\t\t\t\tbackground:  !important;\n\t\t\t}\n\t\t\t.fb_iframe_widget_fluid_desktop iframe {\n\t\t\t    width: 100% !important;\n\t\t\t}\n\t\t  <\/style>\n\t\t  ","protected":false},"excerpt":{"rendered":"<p>O Cremat\u00f3rio Municipal do Entroncamento, vai ser inaugurado na pr\u00f3xima segunda-feira, dia 27 de julho pelas 10h00, numa cerim\u00f3nia simples e que vai envolver poucos convidados, tendo em conta as restri\u00e7\u00f5es que se vivem com a pandemia. O Presidente da C\u00e2mara Municipal do Entroncamento, Jorge Faria, destaca que este equipamento representa um investimento de 700 [&hellip;]<\/p>\n","protected":false},"author":1,"featured_media":21646,"comment_status":"open","ping_status":"closed","sticky":false,"template":"","format":"standard","meta":{"_acf_changed":false,"footnotes":""},"categories":[1],"tags":[],"class_list":{"0":"post-21645","1":"post","2":"type-post","3":"status-publish","4":"format-standard","5":"has-post-thumbnail","7":"category-sem-categoria"},"acf":[],"_links":{"self":[{"href":"https:\/\/www.entroncamentoonline.pt\/portal\/wp-json\/wp\/v2\/posts\/21645","targetHints":{"allow":["GET"]}}],"collection":[{"href":"https:\/\/www.entroncamentoonline.pt\/portal\/wp-json\/wp\/v2\/posts"}],"about":[{"href":"https:\/\/www.entroncamentoonline.pt\/portal\/wp-json\/wp\/v2\/types\/post"}],"author":[{"embeddable":true,"href":"https:\/\/www.entroncamentoonline.pt\/portal\/wp-json\/wp\/v2\/users\/1"}],"replies":[{"embeddable":true,"href":"https:\/\/www.entroncamentoonline.pt\/portal\/wp-json\/wp\/v2\/comments?post=21645"}],"version-history":[{"count":0,"href":"https:\/\/www.entroncamentoonline.pt\/portal\/wp-json\/wp\/v2\/posts\/21645\/revisions"}],"wp:featuredmedia":[{"embeddable":true,"href":"https:\/\/www.entroncamentoonline.pt\/portal\/wp-json\/wp\/v2\/media\/21646"}],"wp:attachment":[{"href":"https:\/\/www.entroncamentoonline.pt\/portal\/wp-json\/wp\/v2\/media?parent=21645"}],"wp:term":[{"taxonomy":"category","embeddable":true,"href":"https:\/\/www.entroncamentoonline.pt\/portal\/wp-json\/wp\/v2\/categories?post=21645"},{"taxonomy":"post_tag","embeddable":true,"href":"https:\/\/www.entroncamentoonline.pt\/portal\/wp-json\/wp\/v2\/tags?post=21645"}],"curies":[{"name":"wp","href":"https:\/\/api.w.org\/{rel}","templated":true}]}}