{"id":21626,"date":"2020-07-21T13:25:16","date_gmt":"2020-07-21T12:25:16","guid":{"rendered":"https:\/\/www.entroncamentoonline.pt\/portal\/?p=21626"},"modified":"2020-07-22T13:25:46","modified_gmt":"2020-07-22T12:25:46","slug":"entroncamento-mais-um-caso-de-infecao-com-covid-19-e-sao-13-os-casos-em-vigilancia-ativa-1","status":"publish","type":"post","link":"https:\/\/www.entroncamentoonline.pt\/portal\/entroncamento-mais-um-caso-de-infecao-com-covid-19-e-sao-13-os-casos-em-vigilancia-ativa-1\/","title":{"rendered":"Entroncamento | Unidade Sa\u00fade P\u00fablica M\u00e9dio Tejo regista mais dois casos de infe\u00e7\u00e3o com Covid-19 e 33 casos em vigil\u00e2ncia ativa"},"content":{"rendered":"<p>A Unidade de Sa\u00fade P\u00fablica do M\u00e9dio Tejo \u00e0s 17h30 digulgou mais dois casos de infe\u00e7\u00e3o com Covid-19 no Entroncamento e 33 casos em vigil\u00e2ncia ativa.<\/p>\n<p>\u00c0s 13hoo a C\u00e2mara Municipal do Entroncamento e o Servi\u00e7o Municipal de Prote\u00e7\u00e3o Civil, registavam a exist\u00eancia de mais um caso e 13 casos em vigil\u00e2ncia ativa.<\/p>\n<p><img loading=\"lazy\" decoding=\"async\" class=\"aligncenter size-full wp-image-21631\" src=\"https:\/\/www.entroncamentoonline.pt\/portal\/wp-content\/uploads\/2020\/07\/SitConEntroncamento.png\" alt=\"\" width=\"420\" height=\"372\" \/><\/p>\n<p>A situa\u00e7\u00e3o no ACES do MT pelas 17h30, desta ter\u00e7a-feira, dia 21 de julho, era a seguinte:<\/p>\n<p><img loading=\"lazy\" decoding=\"async\" class=\"aligncenter size-full wp-image-21642\" src=\"https:\/\/www.entroncamentoonline.pt\/portal\/wp-content\/uploads\/2020\/07\/ACESMT-1.png\" alt=\"\" width=\"429\" height=\"367\" \/><\/p>\n<p style=\"text-align: center;\"><strong>Em Portugal nas \u00faltimas 24 horas | Mais 127 casos e 6 mortos<\/strong><\/p>\n<p>A n\u00edvel nacional esta ter\u00e7a-feira regista-se um n\u00famero de mortos de 1697, mais 6 do que ontem (anteriormente mais 2), os infetados s\u00e3o agora 48898, mais 127 do que ontem (anteriormente mais 135) e os casos recuperados s\u00e3o 33769, mais 222 do que ontem (anteriormente 178).<\/p>\n<p><img loading=\"lazy\" decoding=\"async\" class=\"aligncenter size-full wp-image-21636\" src=\"https:\/\/www.entroncamentoonline.pt\/portal\/wp-content\/uploads\/2020\/07\/Relat\u00f3rioDGS-19.jpg\" alt=\"\" width=\"586\" height=\"613\" \/><\/p>\n<div class=\"fb-background-color\">\n\t\t\t  <div \n\t\t\t  \tclass = \"fb-comments\" \n\t\t\t  \tdata-href = \"https:\/\/www.entroncamentoonline.pt\/portal\/entroncamento-mais-um-caso-de-infecao-com-covid-19-e-sao-13-os-casos-em-vigilancia-ativa-1\/\"\n\t\t\t  \tdata-numposts = \"10\"\n\t\t\t  \tdata-lazy = \"true\"\n\t\t\t\tdata-colorscheme = \"light\"\n\t\t\t\tdata-order-by = \"social\"\n\t\t\t\tdata-mobile=true>\n\t\t\t  <\/div><\/div>\n\t\t  <style>\n\t\t    .fb-background-color {\n\t\t\t\tbackground:  !important;\n\t\t\t}\n\t\t\t.fb_iframe_widget_fluid_desktop iframe {\n\t\t\t    width: 100% !important;\n\t\t\t}\n\t\t  <\/style>\n\t\t  ","protected":false},"excerpt":{"rendered":"<p>A Unidade de Sa\u00fade P\u00fablica do M\u00e9dio Tejo \u00e0s 17h30 digulgou mais dois casos de infe\u00e7\u00e3o com Covid-19 no Entroncamento e 33 casos em vigil\u00e2ncia ativa. \u00c0s 13hoo a C\u00e2mara Municipal do Entroncamento e o Servi\u00e7o Municipal de Prote\u00e7\u00e3o Civil, registavam a exist\u00eancia de mais um caso e 13 casos em vigil\u00e2ncia ativa. A situa\u00e7\u00e3o [&hellip;]<\/p>\n","protected":false},"author":1,"featured_media":21628,"comment_status":"open","ping_status":"closed","sticky":false,"template":"","format":"standard","meta":{"_acf_changed":false,"footnotes":""},"categories":[1],"tags":[],"class_list":{"0":"post-21626","1":"post","2":"type-post","3":"status-publish","4":"format-standard","5":"has-post-thumbnail","7":"category-sem-categoria"},"acf":[],"_links":{"self":[{"href":"https:\/\/www.entroncamentoonline.pt\/portal\/wp-json\/wp\/v2\/posts\/21626","targetHints":{"allow":["GET"]}}],"collection":[{"href":"https:\/\/www.entroncamentoonline.pt\/portal\/wp-json\/wp\/v2\/posts"}],"about":[{"href":"https:\/\/www.entroncamentoonline.pt\/portal\/wp-json\/wp\/v2\/types\/post"}],"author":[{"embeddable":true,"href":"https:\/\/www.entroncamentoonline.pt\/portal\/wp-json\/wp\/v2\/users\/1"}],"replies":[{"embeddable":true,"href":"https:\/\/www.entroncamentoonline.pt\/portal\/wp-json\/wp\/v2\/comments?post=21626"}],"version-history":[{"count":0,"href":"https:\/\/www.entroncamentoonline.pt\/portal\/wp-json\/wp\/v2\/posts\/21626\/revisions"}],"wp:featuredmedia":[{"embeddable":true,"href":"https:\/\/www.entroncamentoonline.pt\/portal\/wp-json\/wp\/v2\/media\/21628"}],"wp:attachment":[{"href":"https:\/\/www.entroncamentoonline.pt\/portal\/wp-json\/wp\/v2\/media?parent=21626"}],"wp:term":[{"taxonomy":"category","embeddable":true,"href":"https:\/\/www.entroncamentoonline.pt\/portal\/wp-json\/wp\/v2\/categories?post=21626"},{"taxonomy":"post_tag","embeddable":true,"href":"https:\/\/www.entroncamentoonline.pt\/portal\/wp-json\/wp\/v2\/tags?post=21626"}],"curies":[{"name":"wp","href":"https:\/\/api.w.org\/{rel}","templated":true}]}}