{"id":21262,"date":"2020-07-10T13:33:05","date_gmt":"2020-07-10T12:33:05","guid":{"rendered":"https:\/\/www.entroncamentoonline.pt\/portal\/?p=21262"},"modified":"2020-07-11T13:43:24","modified_gmt":"2020-07-11T12:43:24","slug":"entroncamento-registo-de-menos-6-casos-ativos-e-nao-ha-novos-casos-infetados-com-covid-19","status":"publish","type":"post","link":"https:\/\/www.entroncamentoonline.pt\/portal\/entroncamento-registo-de-menos-6-casos-ativos-e-nao-ha-novos-casos-infetados-com-covid-19\/","title":{"rendered":"Entroncamento | Registo de menos 6 casos ativos e n\u00e3o h\u00e1 novos casos infetados com Covid-19\u00a0"},"content":{"rendered":"<p>O ponto de situa\u00e7\u00e3o no Entroncamento esta sexta-feira, dia 10 de julho, \u00e9 de 3 casos ativos, num total de 31, sendo 28 os casos recuperados e 11 os casos em vigil\u00e2ncia ativa.<\/p>\n<p>Segundo a C\u00e2mara Municipal e o Servi\u00e7o Municipal de Prote\u00e7\u00e3o Civil, &#8220;a Sa\u00fade P\u00fablica n\u00e3o confirma a exist\u00eancia de dois \u00f3bitos no Entroncamento&#8221; e confirma que n\u00e3o existem no concelho, internados por Covid-19.<\/p>\n<p>A C\u00e2mara Municipal do Entroncamento e o Servi\u00e7o Municipal de Prote\u00e7\u00e3o Civil fazem diariamente o ponto de situa\u00e7\u00e3o em rela\u00e7\u00e3o \u00e0 pandemia do Covid-19, no concelho do Entroncamento.<\/p>\n<p><img loading=\"lazy\" decoding=\"async\" class=\"aligncenter size-full wp-image-21266\" src=\"https:\/\/www.entroncamentoonline.pt\/portal\/wp-content\/uploads\/2020\/07\/SitConEntroncamento-7.jpg\" alt=\"\" width=\"420\" height=\"372\" \/><\/p>\n<p>A situa\u00e7\u00e3o no ACES do MT pelas 16h30, de ontem sexta-feira, dia 10 de julho, era a seguinte:<\/p>\n<p><img loading=\"lazy\" decoding=\"async\" class=\"aligncenter size-full wp-image-21307\" src=\"https:\/\/www.entroncamentoonline.pt\/portal\/wp-content\/uploads\/2020\/07\/ACESMT-8.jpg\" alt=\"\" width=\"429\" height=\"367\" \/><\/p>\n<p>A diverg\u00eancia entre o n\u00famero total de infetados no concelho do Entroncamento, 32 para a ACES MT e 31 para o SMPC, prende-se com o facto de ap\u00f3s o \u00f3bito de um doente dado como infetado se ter verificado que n\u00e3o estava. O Servi\u00e7o Municipal de Prote\u00e7\u00e3o Civil do Entroncamento optou por o retirar do n\u00famero de infetados e o ACES M\u00e9dio Tejo continuou a consider\u00e1-lo.<\/p>\n<p style=\"text-align: center;\"><strong>Em Portugal nas \u00faltimas 24 horas | Mais 402 casos e 2 mortos<\/strong><\/p>\n<p>A n\u00edvel nacional esta sexta-feira regista-se um n\u00famero de mortos de 1646, mais 2 do que ontem (anteriormente mais 13), os infetados s\u00e3o agora 45679, mais 402 do que ontem (anteriormente mais 418) e os casos recuperados s\u00e3o 30350, mais 301 do que ontem (anteriormente 335).<\/p>\n<p><img loading=\"lazy\" decoding=\"async\" class=\"aligncenter size-full wp-image-21270\" src=\"https:\/\/www.entroncamentoonline.pt\/portal\/wp-content\/uploads\/2020\/07\/Relat\u00f3rioDGS-9.jpg\" alt=\"\" width=\"547\" height=\"585\" \/><\/p>\n<div class=\"fb-background-color\">\n\t\t\t  <div \n\t\t\t  \tclass = \"fb-comments\" \n\t\t\t  \tdata-href = \"https:\/\/www.entroncamentoonline.pt\/portal\/entroncamento-registo-de-menos-6-casos-ativos-e-nao-ha-novos-casos-infetados-com-covid-19\/\"\n\t\t\t  \tdata-numposts = \"10\"\n\t\t\t  \tdata-lazy = \"true\"\n\t\t\t\tdata-colorscheme = \"light\"\n\t\t\t\tdata-order-by = \"social\"\n\t\t\t\tdata-mobile=true>\n\t\t\t  <\/div><\/div>\n\t\t  <style>\n\t\t    .fb-background-color {\n\t\t\t\tbackground:  !important;\n\t\t\t}\n\t\t\t.fb_iframe_widget_fluid_desktop iframe {\n\t\t\t    width: 100% !important;\n\t\t\t}\n\t\t  <\/style>\n\t\t  ","protected":false},"excerpt":{"rendered":"<p>O ponto de situa\u00e7\u00e3o no Entroncamento esta sexta-feira, dia 10 de julho, \u00e9 de 3 casos ativos, num total de 31, sendo 28 os casos recuperados e 11 os casos em vigil\u00e2ncia ativa. Segundo a C\u00e2mara Municipal e o Servi\u00e7o Municipal de Prote\u00e7\u00e3o Civil, &#8220;a Sa\u00fade P\u00fablica n\u00e3o confirma a exist\u00eancia de dois \u00f3bitos no [&hellip;]<\/p>\n","protected":false},"author":1,"featured_media":21263,"comment_status":"open","ping_status":"closed","sticky":false,"template":"","format":"standard","meta":{"_acf_changed":false,"footnotes":""},"categories":[1],"tags":[],"class_list":{"0":"post-21262","1":"post","2":"type-post","3":"status-publish","4":"format-standard","5":"has-post-thumbnail","7":"category-sem-categoria"},"acf":[],"_links":{"self":[{"href":"https:\/\/www.entroncamentoonline.pt\/portal\/wp-json\/wp\/v2\/posts\/21262","targetHints":{"allow":["GET"]}}],"collection":[{"href":"https:\/\/www.entroncamentoonline.pt\/portal\/wp-json\/wp\/v2\/posts"}],"about":[{"href":"https:\/\/www.entroncamentoonline.pt\/portal\/wp-json\/wp\/v2\/types\/post"}],"author":[{"embeddable":true,"href":"https:\/\/www.entroncamentoonline.pt\/portal\/wp-json\/wp\/v2\/users\/1"}],"replies":[{"embeddable":true,"href":"https:\/\/www.entroncamentoonline.pt\/portal\/wp-json\/wp\/v2\/comments?post=21262"}],"version-history":[{"count":0,"href":"https:\/\/www.entroncamentoonline.pt\/portal\/wp-json\/wp\/v2\/posts\/21262\/revisions"}],"wp:featuredmedia":[{"embeddable":true,"href":"https:\/\/www.entroncamentoonline.pt\/portal\/wp-json\/wp\/v2\/media\/21263"}],"wp:attachment":[{"href":"https:\/\/www.entroncamentoonline.pt\/portal\/wp-json\/wp\/v2\/media?parent=21262"}],"wp:term":[{"taxonomy":"category","embeddable":true,"href":"https:\/\/www.entroncamentoonline.pt\/portal\/wp-json\/wp\/v2\/categories?post=21262"},{"taxonomy":"post_tag","embeddable":true,"href":"https:\/\/www.entroncamentoonline.pt\/portal\/wp-json\/wp\/v2\/tags?post=21262"}],"curies":[{"name":"wp","href":"https:\/\/api.w.org\/{rel}","templated":true}]}}