{"id":21160,"date":"2020-07-07T15:21:00","date_gmt":"2020-07-07T14:21:00","guid":{"rendered":"https:\/\/www.entroncamentoonline.pt\/portal\/?p=21160"},"modified":"2020-07-08T13:23:04","modified_gmt":"2020-07-08T12:23:04","slug":"entroncamento-mantem-se-a-situacao-nao-ha-novos-infetados-com-covid-19-1","status":"publish","type":"post","link":"https:\/\/www.entroncamentoonline.pt\/portal\/entroncamento-mantem-se-a-situacao-nao-ha-novos-infetados-com-covid-19-1\/","title":{"rendered":"Entroncamento | Mant\u00e9m-se a situa\u00e7\u00e3o | N\u00e3o h\u00e1 novos infetados com Covid-19"},"content":{"rendered":"<p>O ponto de situa\u00e7\u00e3o no Entroncamento esta ter\u00e7a-feira, dia 7 de julho, \u00e9 de 9 casos ativos, num total de 31, sendo 22 os casos recuperados e 19 os casos em vigil\u00e2ncia ativa.<\/p>\n<p>De referir que dos 9 casos ativos, infetados com o Covid 19, 6 s\u00e3o de uma mesma fam\u00edlia, que est\u00e3o confinados em casa e n\u00e3o inspiram cuidados.<\/p>\n<p>A C\u00e2mara Municipal do Entroncamento e o Servi\u00e7o Municipal de Prote\u00e7\u00e3o Civil fazem diariamente o ponto de situa\u00e7\u00e3o em rela\u00e7\u00e3o \u00e0 pandemia do Covid-19, no concelho do Entroncamento.<\/p>\n<p><img loading=\"lazy\" decoding=\"async\" class=\"aligncenter size-full wp-image-21141\" src=\"https:\/\/www.entroncamentoonline.pt\/portal\/wp-content\/uploads\/2020\/07\/SitConEntroncamento-4.jpg\" alt=\"\" width=\"420\" height=\"322\" \/><\/p>\n<p>A situa\u00e7\u00e3o no ACES do MT pelas 16h00, de ontem ter\u00e7a-feira, dia 7 de julho, era a seguinte:<\/p>\n<p><img loading=\"lazy\" decoding=\"async\" class=\"aligncenter size-full wp-image-21194\" src=\"https:\/\/www.entroncamentoonline.pt\/portal\/wp-content\/uploads\/2020\/07\/ACESMT-5.jpg\" alt=\"\" width=\"393\" height=\"367\" \/><\/p>\n<p>A diverg\u00eancia entre o n\u00famero total de infetados no concelho do Entroncamento, 32 para a ACES MT e 31 para o SMPC, prende-se com o facto de ap\u00f3s o \u00f3bito de um doente dado como infetado se ter verificado que n\u00e3o estava. O Servi\u00e7o Municipal de Prote\u00e7\u00e3o Civil do Entroncamento optou por o retirar do n\u00famero de infetados e o ACES M\u00e9dio Tejo continuou a consider\u00e1-lo.<\/p>\n<p><strong>Em Portugal nas \u00faltimas 24 horas | Mais 287 casos e 9 mortos<\/strong><\/p>\n<p>A n\u00edvel nacional esta ter\u00e7a-feira regista-se um n\u00famero de mortos de 1629, mais 9 do que ontem (anteriormente mais 6), os infetados s\u00e3o agora 44129, mais 287 do que ontem (anteriormente mais 232) e os casos recuperados s\u00e3o 29445, mais 279 do que ontem (anteriormente 149).<\/p>\n<p><img loading=\"lazy\" decoding=\"async\" class=\"aligncenter size-full wp-image-21169\" src=\"https:\/\/www.entroncamentoonline.pt\/portal\/wp-content\/uploads\/2020\/07\/Relat\u00f3rioDGS-6.jpg\" alt=\"\" width=\"547\" height=\"625\" \/><\/p>\n<div class=\"fb-background-color\">\n\t\t\t  <div \n\t\t\t  \tclass = \"fb-comments\" \n\t\t\t  \tdata-href = \"https:\/\/www.entroncamentoonline.pt\/portal\/entroncamento-mantem-se-a-situacao-nao-ha-novos-infetados-com-covid-19-1\/\"\n\t\t\t  \tdata-numposts = \"10\"\n\t\t\t  \tdata-lazy = \"true\"\n\t\t\t\tdata-colorscheme = \"light\"\n\t\t\t\tdata-order-by = \"social\"\n\t\t\t\tdata-mobile=true>\n\t\t\t  <\/div><\/div>\n\t\t  <style>\n\t\t    .fb-background-color {\n\t\t\t\tbackground:  !important;\n\t\t\t}\n\t\t\t.fb_iframe_widget_fluid_desktop iframe {\n\t\t\t    width: 100% !important;\n\t\t\t}\n\t\t  <\/style>\n\t\t  ","protected":false},"excerpt":{"rendered":"<p>O ponto de situa\u00e7\u00e3o no Entroncamento esta ter\u00e7a-feira, dia 7 de julho, \u00e9 de 9 casos ativos, num total de 31, sendo 22 os casos recuperados e 19 os casos em vigil\u00e2ncia ativa. De referir que dos 9 casos ativos, infetados com o Covid 19, 6 s\u00e3o de uma mesma fam\u00edlia, que est\u00e3o confinados em [&hellip;]<\/p>\n","protected":false},"author":1,"featured_media":21171,"comment_status":"open","ping_status":"closed","sticky":false,"template":"","format":"standard","meta":{"_acf_changed":false,"footnotes":""},"categories":[1],"tags":[],"class_list":{"0":"post-21160","1":"post","2":"type-post","3":"status-publish","4":"format-standard","5":"has-post-thumbnail","7":"category-sem-categoria"},"acf":[],"_links":{"self":[{"href":"https:\/\/www.entroncamentoonline.pt\/portal\/wp-json\/wp\/v2\/posts\/21160","targetHints":{"allow":["GET"]}}],"collection":[{"href":"https:\/\/www.entroncamentoonline.pt\/portal\/wp-json\/wp\/v2\/posts"}],"about":[{"href":"https:\/\/www.entroncamentoonline.pt\/portal\/wp-json\/wp\/v2\/types\/post"}],"author":[{"embeddable":true,"href":"https:\/\/www.entroncamentoonline.pt\/portal\/wp-json\/wp\/v2\/users\/1"}],"replies":[{"embeddable":true,"href":"https:\/\/www.entroncamentoonline.pt\/portal\/wp-json\/wp\/v2\/comments?post=21160"}],"version-history":[{"count":0,"href":"https:\/\/www.entroncamentoonline.pt\/portal\/wp-json\/wp\/v2\/posts\/21160\/revisions"}],"wp:featuredmedia":[{"embeddable":true,"href":"https:\/\/www.entroncamentoonline.pt\/portal\/wp-json\/wp\/v2\/media\/21171"}],"wp:attachment":[{"href":"https:\/\/www.entroncamentoonline.pt\/portal\/wp-json\/wp\/v2\/media?parent=21160"}],"wp:term":[{"taxonomy":"category","embeddable":true,"href":"https:\/\/www.entroncamentoonline.pt\/portal\/wp-json\/wp\/v2\/categories?post=21160"},{"taxonomy":"post_tag","embeddable":true,"href":"https:\/\/www.entroncamentoonline.pt\/portal\/wp-json\/wp\/v2\/tags?post=21160"}],"curies":[{"name":"wp","href":"https:\/\/api.w.org\/{rel}","templated":true}]}}