{"id":21014,"date":"2020-07-02T13:19:35","date_gmt":"2020-07-02T12:19:35","guid":{"rendered":"https:\/\/www.entroncamentoonline.pt\/portal\/?p=21014"},"modified":"2020-07-03T13:37:44","modified_gmt":"2020-07-03T12:37:44","slug":"entroncamento-registo-de-mais-um-infetado-com-covid-19-sao-agora-9-os-casos-ativos-e-19-os-casos-em-vigilancia-ativa","status":"publish","type":"post","link":"https:\/\/www.entroncamentoonline.pt\/portal\/entroncamento-registo-de-mais-um-infetado-com-covid-19-sao-agora-9-os-casos-ativos-e-19-os-casos-em-vigilancia-ativa\/","title":{"rendered":"Entroncamento | Registo de mais um infetado com Covid-19 | S\u00e3o agora 9 os casos ativos e 19 os casos em vigil\u00e2ncia ativa"},"content":{"rendered":"<p>O ponto de situa\u00e7\u00e3o no Entroncamento esta quinta-feira, dia 2 de julho, \u00e9 de 9 casos ativos, num total de 31, sendo 22 os casos recuperados e 19 os casos em vigil\u00e2ncia ativa.<\/p>\n<p>A C\u00e2mara Municipal do Entroncamento e o Servi\u00e7o Municipal de Prote\u00e7\u00e3o Civil fazem diariamente o ponto de situa\u00e7\u00e3o em rela\u00e7\u00e3o \u00e0 pandemia do Covid-19, no concelho do Entroncamento.<\/p>\n<p><img loading=\"lazy\" decoding=\"async\" class=\"size-full wp-image-21023 aligncenter\" src=\"https:\/\/www.entroncamentoonline.pt\/portal\/wp-content\/uploads\/2020\/07\/SitConEntroncamento.jpg\" alt=\"\" width=\"420\" height=\"322\" \/><\/p>\n<p>A situa\u00e7\u00e3o no ACES do MT pelas 18h00, desta quinta-feira, dia 2 de julho, era a seguinte:<\/p>\n<p><img loading=\"lazy\" decoding=\"async\" class=\"aligncenter size-full wp-image-21045\" src=\"https:\/\/www.entroncamentoonline.pt\/portal\/wp-content\/uploads\/2020\/07\/ACESMT-1.jpg\" alt=\"\" width=\"393\" height=\"367\" \/><\/p>\n<p>A diverg\u00eancia entre o n\u00famero total de infetados no concelho do Entroncamento, 32 para a ACES MT e 31 para o SMPC, prende-se com o facto de ap\u00f3s o \u00f3bito de um doente dado como infetado se ter verificado que n\u00e3o estava. O Servi\u00e7o Municipal de Prote\u00e7\u00e3o Civil do Entroncamento optou por o retirar do n\u00famero de infetados e o ACES M\u00e9dio Tejo continuou a consider\u00e1-lo. A diverg\u00eancia nos casos em vigil\u00e2ncia ativa deve desaparecer ap\u00f3s a atualiza\u00e7\u00e3o dos dados esta sexta-feira.<\/p>\n<p>A n\u00edvel nacional nesta quinta-feira regista-se um n\u00famero de mortos de 1587, mais 8 do que ontem (anteriormente mais 3), os infetados s\u00e3o agora 42782, mais 328 do que ontem (anteriormente mais 313) e os casos recuperados s\u00e3o 28097, mais 299 do que ontem (anteriormente 293).<\/p>\n<p><img loading=\"lazy\" decoding=\"async\" class=\"size-medium wp-image-21029 aligncenter\" src=\"https:\/\/www.entroncamentoonline.pt\/portal\/wp-content\/uploads\/2020\/07\/Relat\u00f3rioDGS-1.jpg\" alt=\"\" width=\"555\" height=\"623\" \/><\/p>\n<div class=\"fb-background-color\">\n\t\t\t  <div \n\t\t\t  \tclass = \"fb-comments\" \n\t\t\t  \tdata-href = \"https:\/\/www.entroncamentoonline.pt\/portal\/entroncamento-registo-de-mais-um-infetado-com-covid-19-sao-agora-9-os-casos-ativos-e-19-os-casos-em-vigilancia-ativa\/\"\n\t\t\t  \tdata-numposts = \"10\"\n\t\t\t  \tdata-lazy = \"true\"\n\t\t\t\tdata-colorscheme = \"light\"\n\t\t\t\tdata-order-by = \"social\"\n\t\t\t\tdata-mobile=true>\n\t\t\t  <\/div><\/div>\n\t\t  <style>\n\t\t    .fb-background-color {\n\t\t\t\tbackground:  !important;\n\t\t\t}\n\t\t\t.fb_iframe_widget_fluid_desktop iframe {\n\t\t\t    width: 100% !important;\n\t\t\t}\n\t\t  <\/style>\n\t\t  ","protected":false},"excerpt":{"rendered":"<p>O ponto de situa\u00e7\u00e3o no Entroncamento esta quinta-feira, dia 2 de julho, \u00e9 de 9 casos ativos, num total de 31, sendo 22 os casos recuperados e 19 os casos em vigil\u00e2ncia ativa. A C\u00e2mara Municipal do Entroncamento e o Servi\u00e7o Municipal de Prote\u00e7\u00e3o Civil fazem diariamente o ponto de situa\u00e7\u00e3o em rela\u00e7\u00e3o \u00e0 pandemia [&hellip;]<\/p>\n","protected":false},"author":1,"featured_media":21015,"comment_status":"open","ping_status":"closed","sticky":false,"template":"","format":"standard","meta":{"_acf_changed":false,"footnotes":""},"categories":[1],"tags":[],"class_list":{"0":"post-21014","1":"post","2":"type-post","3":"status-publish","4":"format-standard","5":"has-post-thumbnail","7":"category-sem-categoria"},"acf":[],"_links":{"self":[{"href":"https:\/\/www.entroncamentoonline.pt\/portal\/wp-json\/wp\/v2\/posts\/21014","targetHints":{"allow":["GET"]}}],"collection":[{"href":"https:\/\/www.entroncamentoonline.pt\/portal\/wp-json\/wp\/v2\/posts"}],"about":[{"href":"https:\/\/www.entroncamentoonline.pt\/portal\/wp-json\/wp\/v2\/types\/post"}],"author":[{"embeddable":true,"href":"https:\/\/www.entroncamentoonline.pt\/portal\/wp-json\/wp\/v2\/users\/1"}],"replies":[{"embeddable":true,"href":"https:\/\/www.entroncamentoonline.pt\/portal\/wp-json\/wp\/v2\/comments?post=21014"}],"version-history":[{"count":0,"href":"https:\/\/www.entroncamentoonline.pt\/portal\/wp-json\/wp\/v2\/posts\/21014\/revisions"}],"wp:featuredmedia":[{"embeddable":true,"href":"https:\/\/www.entroncamentoonline.pt\/portal\/wp-json\/wp\/v2\/media\/21015"}],"wp:attachment":[{"href":"https:\/\/www.entroncamentoonline.pt\/portal\/wp-json\/wp\/v2\/media?parent=21014"}],"wp:term":[{"taxonomy":"category","embeddable":true,"href":"https:\/\/www.entroncamentoonline.pt\/portal\/wp-json\/wp\/v2\/categories?post=21014"},{"taxonomy":"post_tag","embeddable":true,"href":"https:\/\/www.entroncamentoonline.pt\/portal\/wp-json\/wp\/v2\/tags?post=21014"}],"curies":[{"name":"wp","href":"https:\/\/api.w.org\/{rel}","templated":true}]}}