{"id":20592,"date":"2020-06-19T13:35:38","date_gmt":"2020-06-19T12:35:38","guid":{"rendered":"https:\/\/www.entroncamentoonline.pt\/portal\/?p=20592"},"modified":"2020-06-20T13:21:55","modified_gmt":"2020-06-20T12:21:55","slug":"entroncamento-mais-cinco-casos-ativos-com-covid-19-e-sao-17-os-casos-em-vigilancia-ativa","status":"publish","type":"post","link":"https:\/\/www.entroncamentoonline.pt\/portal\/entroncamento-mais-cinco-casos-ativos-com-covid-19-e-sao-17-os-casos-em-vigilancia-ativa\/","title":{"rendered":"Entroncamento | Mais cinco casos ativos com Covid-19 e s\u00e3o agora 17 os casos em vigil\u00e2ncia ativa"},"content":{"rendered":"<p>O ponto de situa\u00e7\u00e3o no Entroncamento esta sexta-feira, dia 19 de junho, \u00e9 de 20 casos ativos, num total de 29, sendo 9 os casos recuperados e 17 os casos em vigil\u00e2ncia ativa.<\/p>\n<p>A C\u00e2mara Municipal do Entroncamento e o Servi\u00e7o Municipal de Prote\u00e7\u00e3o Civil fazem diariamente o ponto de situa\u00e7\u00e3o em rela\u00e7\u00e3o \u00e0 pandemia do Covid-19, no concelho do Entroncamento.<\/p>\n<p>O Presidente da C\u00e2mara Municipal, Jorge Faria, salientou no entanto que nenhum dos infetados est\u00e1 internado nem apresenta situa\u00e7\u00e3o de gravidade, referindo no entanto que os novos casos n\u00e3o foram &#8220;importados doutros concelhos&#8221;, mas &#8220;surgiram no concelho, sendo as culpas atribu\u00eddas a ajuntamentos e conv\u00edvios entre as pessoas&#8221;, num processo de desconfinamento.<\/p>\n<p><img loading=\"lazy\" decoding=\"async\" class=\"size-full wp-image-20598 aligncenter\" src=\"https:\/\/www.entroncamentoonline.pt\/portal\/wp-content\/uploads\/2020\/06\/SitConEntroncamento-12.jpg\" alt=\"\" width=\"420\" height=\"322\" \/><\/p>\n<p>A situa\u00e7\u00e3o no ACES do MT pelas 13h00, desta sexta-feira, dia 19 de junho, era a seguinte:<\/p>\n<p><img loading=\"lazy\" decoding=\"async\" class=\"size-full wp-image-20610 aligncenter\" src=\"https:\/\/www.entroncamentoonline.pt\/portal\/wp-content\/uploads\/2020\/06\/ACESMT-20.jpg\" alt=\"\" width=\"393\" height=\"367\" \/><\/p>\n<p>A diverg\u00eancia entre o n\u00famero total de infetados no concelho do Entroncamento, 30 para a ACES MT e 29 para o SMPC, prende-se com o facto de ap\u00f3s o \u00f3bito de um doente dado como infetado se ter verificado que n\u00e3o estava. O Servi\u00e7o Municipal de Prote\u00e7\u00e3o Civil do Entroncamento optou por o retirar do n\u00famero de infetados e o ACES M\u00e9dio Tejo continuou a consider\u00e1-lo.<\/p>\n<p>A n\u00edvel nacional nesta sexta-feira regista-se um n\u00famero de mortos de 1527, mais 3 do que ontem (anteriormente mais 1), os infetados s\u00e3o agora 38464, mais 375 do que ontem (anteriormente mais 417) e os casos recuperados s\u00e3o 24477, mais 467 do que ontem (anteriormente 430).<\/p>\n<p><img loading=\"lazy\" decoding=\"async\" class=\"size-full wp-image-20607 aligncenter\" src=\"https:\/\/www.entroncamentoonline.pt\/portal\/wp-content\/uploads\/2020\/06\/Relat\u00f3rioDGS-19.jpg\" alt=\"\" width=\"573\" height=\"623\" \/><\/p>\n<div class=\"fb-background-color\">\n\t\t\t  <div \n\t\t\t  \tclass = \"fb-comments\" \n\t\t\t  \tdata-href = \"https:\/\/www.entroncamentoonline.pt\/portal\/entroncamento-mais-cinco-casos-ativos-com-covid-19-e-sao-17-os-casos-em-vigilancia-ativa\/\"\n\t\t\t  \tdata-numposts = \"10\"\n\t\t\t  \tdata-lazy = \"true\"\n\t\t\t\tdata-colorscheme = \"light\"\n\t\t\t\tdata-order-by = \"social\"\n\t\t\t\tdata-mobile=true>\n\t\t\t  <\/div><\/div>\n\t\t  <style>\n\t\t    .fb-background-color {\n\t\t\t\tbackground:  !important;\n\t\t\t}\n\t\t\t.fb_iframe_widget_fluid_desktop iframe {\n\t\t\t    width: 100% !important;\n\t\t\t}\n\t\t  <\/style>\n\t\t  ","protected":false},"excerpt":{"rendered":"<p>O ponto de situa\u00e7\u00e3o no Entroncamento esta sexta-feira, dia 19 de junho, \u00e9 de 20 casos ativos, num total de 29, sendo 9 os casos recuperados e 17 os casos em vigil\u00e2ncia ativa. A C\u00e2mara Municipal do Entroncamento e o Servi\u00e7o Municipal de Prote\u00e7\u00e3o Civil fazem diariamente o ponto de situa\u00e7\u00e3o em rela\u00e7\u00e3o \u00e0 pandemia [&hellip;]<\/p>\n","protected":false},"author":1,"featured_media":20594,"comment_status":"open","ping_status":"closed","sticky":false,"template":"","format":"standard","meta":{"_acf_changed":false,"footnotes":""},"categories":[1],"tags":[],"class_list":{"0":"post-20592","1":"post","2":"type-post","3":"status-publish","4":"format-standard","5":"has-post-thumbnail","7":"category-sem-categoria"},"acf":[],"_links":{"self":[{"href":"https:\/\/www.entroncamentoonline.pt\/portal\/wp-json\/wp\/v2\/posts\/20592","targetHints":{"allow":["GET"]}}],"collection":[{"href":"https:\/\/www.entroncamentoonline.pt\/portal\/wp-json\/wp\/v2\/posts"}],"about":[{"href":"https:\/\/www.entroncamentoonline.pt\/portal\/wp-json\/wp\/v2\/types\/post"}],"author":[{"embeddable":true,"href":"https:\/\/www.entroncamentoonline.pt\/portal\/wp-json\/wp\/v2\/users\/1"}],"replies":[{"embeddable":true,"href":"https:\/\/www.entroncamentoonline.pt\/portal\/wp-json\/wp\/v2\/comments?post=20592"}],"version-history":[{"count":0,"href":"https:\/\/www.entroncamentoonline.pt\/portal\/wp-json\/wp\/v2\/posts\/20592\/revisions"}],"wp:featuredmedia":[{"embeddable":true,"href":"https:\/\/www.entroncamentoonline.pt\/portal\/wp-json\/wp\/v2\/media\/20594"}],"wp:attachment":[{"href":"https:\/\/www.entroncamentoonline.pt\/portal\/wp-json\/wp\/v2\/media?parent=20592"}],"wp:term":[{"taxonomy":"category","embeddable":true,"href":"https:\/\/www.entroncamentoonline.pt\/portal\/wp-json\/wp\/v2\/categories?post=20592"},{"taxonomy":"post_tag","embeddable":true,"href":"https:\/\/www.entroncamentoonline.pt\/portal\/wp-json\/wp\/v2\/tags?post=20592"}],"curies":[{"name":"wp","href":"https:\/\/api.w.org\/{rel}","templated":true}]}}