{"id":20463,"date":"2020-06-16T19:55:51","date_gmt":"2020-06-16T18:55:51","guid":{"rendered":"https:\/\/www.entroncamentoonline.pt\/portal\/?p=20463"},"modified":"2020-06-17T13:23:41","modified_gmt":"2020-06-17T12:23:41","slug":"entroncamento-mantem-se-os-14-casos-ativos-infetados-com-covid-19-num-total-de-23-9-recuperados-e-5-em-vigilancia-ativa-2","status":"publish","type":"post","link":"https:\/\/www.entroncamentoonline.pt\/portal\/entroncamento-mantem-se-os-14-casos-ativos-infetados-com-covid-19-num-total-de-23-9-recuperados-e-5-em-vigilancia-ativa-2\/","title":{"rendered":"Entroncamento | SMPC diz que s\u00e3o 5 em vigil\u00e2ncia ativa e ACES MT diz serem 17 os casos"},"content":{"rendered":"<p>A informa\u00e7\u00e3o transmitida pelo Servi\u00e7o Municipal de Prote\u00e7\u00e3o Civil do Entroncamento esta ter\u00e7a-feira, dia 16 de junho, j\u00e1 passava das 14h30 era de 14 casos ativos, num total de 23, sendo 9 os casos recuperados e 5 os casos em vigil\u00e2ncia ativa, mas a informa\u00e7\u00e3o difundida pelo Agrupamento de Centros de Sa\u00fade do M\u00e9dio Tejo (ACRES MT) \u00e0s 13 horas apontava para 17 casos em vigil\u00e2ncia ativa para o Entroncamento.<\/p>\n<p><img loading=\"lazy\" decoding=\"async\" class=\"size-full wp-image-20387 aligncenter\" src=\"https:\/\/www.entroncamentoonline.pt\/portal\/wp-content\/uploads\/2020\/06\/SitConEntroncamento-9.jpg\" alt=\"\" width=\"420\" height=\"322\" \/><\/p>\n<p>A situa\u00e7\u00e3o no ACES do MT pelas 13h00, desta ter\u00e7a-feira, dia 16 de junho, era a seguinte:<\/p>\n<p><img loading=\"lazy\" decoding=\"async\" class=\"size-full wp-image-20487 aligncenter\" src=\"https:\/\/www.entroncamentoonline.pt\/portal\/wp-content\/uploads\/2020\/06\/ACESMT-17.jpg\" alt=\"\" width=\"393\" height=\"367\" \/><\/p>\n<p>A diverg\u00eancia entre o n\u00famero total de infetados no concelho do Entroncamento, 24 para a ACES MT e 23 para o SMPC, prende-se com o facto de ap\u00f3s o \u00f3bito de um doente dado como infetado se ter verificado que n\u00e3o estava. O Servi\u00e7o Municipal de Prote\u00e7\u00e3o Civil do Entroncamento optou por o retirar do n\u00famero de infetados e o ACES M\u00e9dio Tejo continuou a consider\u00e1-lo. Quanto \u00e0 diverg\u00eancia dos casos em vigil\u00e2ncia ativa, 5 para o SMPCE e 17 para o ACES MT, n\u00e3o conseguimos obter justifica\u00e7\u00e3o.<\/p>\n<p>A n\u00edvel nacional nesta ter\u00e7a-feira regista-se um n\u00famero de mortos de 1522, mais 2 do que ontem (anteriormente mais 3), os infetados s\u00e3o agora 37336, mais 300 do que ontem (anteriormente mais 346) e os casos recuperados 23212, mais 360 do que ontem (anteriormente 183).<\/p>\n<p><img loading=\"lazy\" decoding=\"async\" class=\"size-full wp-image-20466 aligncenter\" src=\"https:\/\/www.entroncamentoonline.pt\/portal\/wp-content\/uploads\/2020\/06\/Relat\u00f3rioDGS-16.jpg\" alt=\"\" width=\"587\" height=\"617\" \/><\/p>\n<div class=\"fb-background-color\">\n\t\t\t  <div \n\t\t\t  \tclass = \"fb-comments\" \n\t\t\t  \tdata-href = \"https:\/\/www.entroncamentoonline.pt\/portal\/entroncamento-mantem-se-os-14-casos-ativos-infetados-com-covid-19-num-total-de-23-9-recuperados-e-5-em-vigilancia-ativa-2\/\"\n\t\t\t  \tdata-numposts = \"10\"\n\t\t\t  \tdata-lazy = \"true\"\n\t\t\t\tdata-colorscheme = \"light\"\n\t\t\t\tdata-order-by = \"social\"\n\t\t\t\tdata-mobile=true>\n\t\t\t  <\/div><\/div>\n\t\t  <style>\n\t\t    .fb-background-color {\n\t\t\t\tbackground:  !important;\n\t\t\t}\n\t\t\t.fb_iframe_widget_fluid_desktop iframe {\n\t\t\t    width: 100% !important;\n\t\t\t}\n\t\t  <\/style>\n\t\t  ","protected":false},"excerpt":{"rendered":"<p>A informa\u00e7\u00e3o transmitida pelo Servi\u00e7o Municipal de Prote\u00e7\u00e3o Civil do Entroncamento esta ter\u00e7a-feira, dia 16 de junho, j\u00e1 passava das 14h30 era de 14 casos ativos, num total de 23, sendo 9 os casos recuperados e 5 os casos em vigil\u00e2ncia ativa, mas a informa\u00e7\u00e3o difundida pelo Agrupamento de Centros de Sa\u00fade do M\u00e9dio Tejo [&hellip;]<\/p>\n","protected":false},"author":1,"featured_media":20465,"comment_status":"open","ping_status":"closed","sticky":false,"template":"","format":"standard","meta":{"_acf_changed":false,"footnotes":""},"categories":[1],"tags":[],"class_list":{"0":"post-20463","1":"post","2":"type-post","3":"status-publish","4":"format-standard","5":"has-post-thumbnail","7":"category-sem-categoria"},"acf":[],"_links":{"self":[{"href":"https:\/\/www.entroncamentoonline.pt\/portal\/wp-json\/wp\/v2\/posts\/20463","targetHints":{"allow":["GET"]}}],"collection":[{"href":"https:\/\/www.entroncamentoonline.pt\/portal\/wp-json\/wp\/v2\/posts"}],"about":[{"href":"https:\/\/www.entroncamentoonline.pt\/portal\/wp-json\/wp\/v2\/types\/post"}],"author":[{"embeddable":true,"href":"https:\/\/www.entroncamentoonline.pt\/portal\/wp-json\/wp\/v2\/users\/1"}],"replies":[{"embeddable":true,"href":"https:\/\/www.entroncamentoonline.pt\/portal\/wp-json\/wp\/v2\/comments?post=20463"}],"version-history":[{"count":0,"href":"https:\/\/www.entroncamentoonline.pt\/portal\/wp-json\/wp\/v2\/posts\/20463\/revisions"}],"wp:featuredmedia":[{"embeddable":true,"href":"https:\/\/www.entroncamentoonline.pt\/portal\/wp-json\/wp\/v2\/media\/20465"}],"wp:attachment":[{"href":"https:\/\/www.entroncamentoonline.pt\/portal\/wp-json\/wp\/v2\/media?parent=20463"}],"wp:term":[{"taxonomy":"category","embeddable":true,"href":"https:\/\/www.entroncamentoonline.pt\/portal\/wp-json\/wp\/v2\/categories?post=20463"},{"taxonomy":"post_tag","embeddable":true,"href":"https:\/\/www.entroncamentoonline.pt\/portal\/wp-json\/wp\/v2\/tags?post=20463"}],"curies":[{"name":"wp","href":"https:\/\/api.w.org\/{rel}","templated":true}]}}