{"id":20308,"date":"2020-06-10T13:13:40","date_gmt":"2020-06-10T12:13:40","guid":{"rendered":"https:\/\/www.entroncamentoonline.pt\/portal\/?p=20308"},"modified":"2020-06-11T13:07:21","modified_gmt":"2020-06-11T12:07:21","slug":"entroncamento-situacao-sem-alteracao-mantem-se-12-casos-ativos-infetados-com-o-covid-19-num-total-de-21-e-12-em-vigilancia-ativa","status":"publish","type":"post","link":"https:\/\/www.entroncamentoonline.pt\/portal\/entroncamento-situacao-sem-alteracao-mantem-se-12-casos-ativos-infetados-com-o-covid-19-num-total-de-21-e-12-em-vigilancia-ativa\/","title":{"rendered":"Entroncamento | Situa\u00e7\u00e3o sem altera\u00e7\u00e3o | Mant\u00e9m-se 12 casos ativos infetados com o Covid-19, num total de 21 e 12 em vigil\u00e2ncia ativa"},"content":{"rendered":"<p>O ponto de situa\u00e7\u00e3o no Entroncamento esta quarta-feira, dia 10 de junho, \u00e9 de 12 casos ativos, num total de 21, sendo 9 os casos recuperados e 12 os casos em vigil\u00e2ncia ativa.<\/p>\n<p>A C\u00e2mara Municipal do Entroncamento e o Servi\u00e7o Municipal de Prote\u00e7\u00e3o Civil fazem diariamente o ponto de situa\u00e7\u00e3o em rela\u00e7\u00e3o \u00e0 pandemia do Covid-19, no concelho do Entroncamento.<\/p>\n<p>Na segunda-feira foram testados cerca de 100 funcion\u00e1rios da Unidade de Cuidados Continuados e na ter\u00e7a-feira foram testados cerca de 186 funcion\u00e1rios da C\u00e2mara Municipal e das Juntas de Freguesia. Os resultados ainda n\u00e3o foram divulgados.<\/p>\n<p><img loading=\"lazy\" decoding=\"async\" class=\"size-full wp-image-20277 aligncenter\" src=\"https:\/\/www.entroncamentoonline.pt\/portal\/wp-content\/uploads\/2020\/06\/SitConEntroncamento-7.jpg\" alt=\"\" width=\"420\" height=\"322\" \/><\/p>\n<p>A situa\u00e7\u00e3o no ACES do MT pelas 12h00, desta quarta-feira, dia 10 de junho, era a seguinte:<\/p>\n<p><img loading=\"lazy\" decoding=\"async\" class=\"size-full wp-image-20317 aligncenter\" src=\"https:\/\/www.entroncamentoonline.pt\/portal\/wp-content\/uploads\/2020\/06\/ACESMT-10.jpg\" alt=\"\" width=\"393\" height=\"367\" \/><\/p>\n<p>A diverg\u00eancia entre o n\u00famero total de infetados no concelho do Entroncamento, 22 para a ACES MT e 21 para o SMPC, um prende-se com o facto de ap\u00f3s o \u00f3bito de um doente dado como infetado se ter verificado que n\u00e3o estava. O Servi\u00e7o Municipal de Prote\u00e7\u00e3o Civil do Entroncamento optou por o retirar do n\u00famero de infetados e o ACES M\u00e9dio Tejo continuou a consider\u00e1-lo. Quanto aos casos em vigil\u00e2ncia ativa n\u00e3o conseguimos obter justifica\u00e7\u00e3o.<\/p>\n<p>A n\u00edvel nacional nesta quarta-feira regista-se um n\u00famero de mortos de 1497, mais 5 do que ontem (anteriormente mais 7), os infetados s\u00e3o agora 35600, mais 294 do que ontem (anteriormente mais 421) e os casos recuperados 21742, mais 403 do que ontem (anteriormente mais 183).<\/p>\n<p><img loading=\"lazy\" decoding=\"async\" class=\"size-full wp-image-20311 aligncenter\" src=\"https:\/\/www.entroncamentoonline.pt\/portal\/wp-content\/uploads\/2020\/06\/Relat\u00f3rioDGS-10.jpg\" alt=\"\" width=\"551\" height=\"619\" \/><\/p>\n<div class=\"fb-background-color\">\n\t\t\t  <div \n\t\t\t  \tclass = \"fb-comments\" \n\t\t\t  \tdata-href = \"https:\/\/www.entroncamentoonline.pt\/portal\/entroncamento-situacao-sem-alteracao-mantem-se-12-casos-ativos-infetados-com-o-covid-19-num-total-de-21-e-12-em-vigilancia-ativa\/\"\n\t\t\t  \tdata-numposts = \"10\"\n\t\t\t  \tdata-lazy = \"true\"\n\t\t\t\tdata-colorscheme = \"light\"\n\t\t\t\tdata-order-by = \"social\"\n\t\t\t\tdata-mobile=true>\n\t\t\t  <\/div><\/div>\n\t\t  <style>\n\t\t    .fb-background-color {\n\t\t\t\tbackground:  !important;\n\t\t\t}\n\t\t\t.fb_iframe_widget_fluid_desktop iframe {\n\t\t\t    width: 100% !important;\n\t\t\t}\n\t\t  <\/style>\n\t\t  ","protected":false},"excerpt":{"rendered":"<p>O ponto de situa\u00e7\u00e3o no Entroncamento esta quarta-feira, dia 10 de junho, \u00e9 de 12 casos ativos, num total de 21, sendo 9 os casos recuperados e 12 os casos em vigil\u00e2ncia ativa. A C\u00e2mara Municipal do Entroncamento e o Servi\u00e7o Municipal de Prote\u00e7\u00e3o Civil fazem diariamente o ponto de situa\u00e7\u00e3o em rela\u00e7\u00e3o \u00e0 pandemia [&hellip;]<\/p>\n","protected":false},"author":1,"featured_media":20309,"comment_status":"open","ping_status":"closed","sticky":false,"template":"","format":"standard","meta":{"_acf_changed":false,"footnotes":""},"categories":[1],"tags":[],"class_list":{"0":"post-20308","1":"post","2":"type-post","3":"status-publish","4":"format-standard","5":"has-post-thumbnail","7":"category-sem-categoria"},"acf":[],"_links":{"self":[{"href":"https:\/\/www.entroncamentoonline.pt\/portal\/wp-json\/wp\/v2\/posts\/20308","targetHints":{"allow":["GET"]}}],"collection":[{"href":"https:\/\/www.entroncamentoonline.pt\/portal\/wp-json\/wp\/v2\/posts"}],"about":[{"href":"https:\/\/www.entroncamentoonline.pt\/portal\/wp-json\/wp\/v2\/types\/post"}],"author":[{"embeddable":true,"href":"https:\/\/www.entroncamentoonline.pt\/portal\/wp-json\/wp\/v2\/users\/1"}],"replies":[{"embeddable":true,"href":"https:\/\/www.entroncamentoonline.pt\/portal\/wp-json\/wp\/v2\/comments?post=20308"}],"version-history":[{"count":0,"href":"https:\/\/www.entroncamentoonline.pt\/portal\/wp-json\/wp\/v2\/posts\/20308\/revisions"}],"wp:featuredmedia":[{"embeddable":true,"href":"https:\/\/www.entroncamentoonline.pt\/portal\/wp-json\/wp\/v2\/media\/20309"}],"wp:attachment":[{"href":"https:\/\/www.entroncamentoonline.pt\/portal\/wp-json\/wp\/v2\/media?parent=20308"}],"wp:term":[{"taxonomy":"category","embeddable":true,"href":"https:\/\/www.entroncamentoonline.pt\/portal\/wp-json\/wp\/v2\/categories?post=20308"},{"taxonomy":"post_tag","embeddable":true,"href":"https:\/\/www.entroncamentoonline.pt\/portal\/wp-json\/wp\/v2\/tags?post=20308"}],"curies":[{"name":"wp","href":"https:\/\/api.w.org\/{rel}","templated":true}]}}