{"id":20236,"date":"2020-06-08T14:09:01","date_gmt":"2020-06-08T13:09:01","guid":{"rendered":"https:\/\/www.entroncamentoonline.pt\/portal\/?p=20236"},"modified":"2020-06-09T13:36:41","modified_gmt":"2020-06-09T12:36:41","slug":"entroncamento-mais-dois-casos-confirmadoss","status":"publish","type":"post","link":"https:\/\/www.entroncamentoonline.pt\/portal\/entroncamento-mais-dois-casos-confirmadoss\/","title":{"rendered":"Entroncamento | Mais dois casos confirmados com o Covid-19 num total de 22 e 12 em vigil\u00e2ncia ativa"},"content":{"rendered":"<p>J\u00e1 depois da videoconfer\u00eancia realizada diariamente \u00e0s 13 horas pelo Servi\u00e7o Municipal de Prote\u00e7\u00e3o Civil do Entroncamento, onde \u00e9 feito &#8220;o ponto de situa\u00e7\u00e3o em rela\u00e7\u00e3o \u00e0 pandemia do Covid 19, no concelho do Entroncamento&#8221;, foi comunicado a exist\u00eancia de mais dois casos confirmados com Covid-19 no concelho e mais um caso ativo.<\/p>\n<p>O ponto de situa\u00e7\u00e3o no Entroncamento esta segunda-feira, dia 8 de junho, \u00e9 assim, de 14 casos ativos, num total de 22, sendo 8 os casos recuperados e 12 os casos em vigil\u00e2ncia ativa.<\/p>\n<p>Esta segunda-feira est\u00e3o a ser testados os funcion\u00e1rios da Unidade de Cuidados Continuados e amanh\u00e3 ser\u00e3o testados os funcion\u00e1rios da C\u00e2mara Municipal e das Juntas de Freguesia.<\/p>\n<p><img loading=\"lazy\" decoding=\"async\" class=\"size-full wp-image-20249 aligncenter\" src=\"https:\/\/www.entroncamentoonline.pt\/portal\/wp-content\/uploads\/2020\/06\/SitConEntroncamento-6.jpg\" alt=\"\" width=\"420\" height=\"322\" \/><\/p>\n<p>A situa\u00e7\u00e3o no ACES do MT pelas 12h00, desta segunda-feira, dia 8 de junho, era a seguinte:<\/p>\n<p><img loading=\"lazy\" decoding=\"async\" class=\"size-full wp-image-20255 aligncenter\" src=\"https:\/\/www.entroncamentoonline.pt\/portal\/wp-content\/uploads\/2020\/06\/ACESMT-8.jpg\" alt=\"\" width=\"393\" height=\"367\" \/><\/p>\n<p>A diverg\u00eancia entre o n\u00famero total de infetados no concelho do Entroncamento, 23 para a ACES MT e 22 para o SMPC, um prende-se com o facto de ap\u00f3s o \u00f3bito de um doente dado como infetado se ter verificado que n\u00e3o estava. O Servi\u00e7o Municipal de Prote\u00e7\u00e3o Civil do Entroncamento optou por o retirar do n\u00famero de infetados e o ACES M\u00e9dio Tejo continuou a consider\u00e1-lo. Quanto aos casos em vigil\u00e2ncia ativa n\u00e3o conseguimos obter justifica\u00e7\u00e3o.<\/p>\n<p>A n\u00edvel nacional nesta segunda-feira regista-se um n\u00famero de mortos de 1485, mais 6 do que ontem (anteriormente mais 5), os infetados s\u00e3o agora 34885, mais 192 do que ontem (anteriormente mais 342) e os casos recuperados 21156, mais 161 do que ontem (anteriormente mais 188).<\/p>\n<p><img loading=\"lazy\" decoding=\"async\" class=\"size-full wp-image-20247 aligncenter\" src=\"https:\/\/www.entroncamentoonline.pt\/portal\/wp-content\/uploads\/2020\/06\/Relat\u00f3rioDGS-8.jpg\" alt=\"\" width=\"569\" height=\"653\" \/><\/p>\n<div class=\"fb-background-color\">\n\t\t\t  <div \n\t\t\t  \tclass = \"fb-comments\" \n\t\t\t  \tdata-href = \"https:\/\/www.entroncamentoonline.pt\/portal\/entroncamento-mais-dois-casos-confirmadoss\/\"\n\t\t\t  \tdata-numposts = \"10\"\n\t\t\t  \tdata-lazy = \"true\"\n\t\t\t\tdata-colorscheme = \"light\"\n\t\t\t\tdata-order-by = \"social\"\n\t\t\t\tdata-mobile=true>\n\t\t\t  <\/div><\/div>\n\t\t  <style>\n\t\t    .fb-background-color {\n\t\t\t\tbackground:  !important;\n\t\t\t}\n\t\t\t.fb_iframe_widget_fluid_desktop iframe {\n\t\t\t    width: 100% !important;\n\t\t\t}\n\t\t  <\/style>\n\t\t  ","protected":false},"excerpt":{"rendered":"<p>J\u00e1 depois da videoconfer\u00eancia realizada diariamente \u00e0s 13 horas pelo Servi\u00e7o Municipal de Prote\u00e7\u00e3o Civil do Entroncamento, onde \u00e9 feito &#8220;o ponto de situa\u00e7\u00e3o em rela\u00e7\u00e3o \u00e0 pandemia do Covid 19, no concelho do Entroncamento&#8221;, foi comunicado a exist\u00eancia de mais dois casos confirmados com Covid-19 no concelho e mais um caso ativo. O ponto [&hellip;]<\/p>\n","protected":false},"author":1,"featured_media":18895,"comment_status":"open","ping_status":"closed","sticky":false,"template":"","format":"standard","meta":{"_acf_changed":false,"footnotes":""},"categories":[1],"tags":[],"class_list":{"0":"post-20236","1":"post","2":"type-post","3":"status-publish","4":"format-standard","5":"has-post-thumbnail","7":"category-sem-categoria"},"acf":[],"_links":{"self":[{"href":"https:\/\/www.entroncamentoonline.pt\/portal\/wp-json\/wp\/v2\/posts\/20236","targetHints":{"allow":["GET"]}}],"collection":[{"href":"https:\/\/www.entroncamentoonline.pt\/portal\/wp-json\/wp\/v2\/posts"}],"about":[{"href":"https:\/\/www.entroncamentoonline.pt\/portal\/wp-json\/wp\/v2\/types\/post"}],"author":[{"embeddable":true,"href":"https:\/\/www.entroncamentoonline.pt\/portal\/wp-json\/wp\/v2\/users\/1"}],"replies":[{"embeddable":true,"href":"https:\/\/www.entroncamentoonline.pt\/portal\/wp-json\/wp\/v2\/comments?post=20236"}],"version-history":[{"count":0,"href":"https:\/\/www.entroncamentoonline.pt\/portal\/wp-json\/wp\/v2\/posts\/20236\/revisions"}],"wp:featuredmedia":[{"embeddable":true,"href":"https:\/\/www.entroncamentoonline.pt\/portal\/wp-json\/wp\/v2\/media\/18895"}],"wp:attachment":[{"href":"https:\/\/www.entroncamentoonline.pt\/portal\/wp-json\/wp\/v2\/media?parent=20236"}],"wp:term":[{"taxonomy":"category","embeddable":true,"href":"https:\/\/www.entroncamentoonline.pt\/portal\/wp-json\/wp\/v2\/categories?post=20236"},{"taxonomy":"post_tag","embeddable":true,"href":"https:\/\/www.entroncamentoonline.pt\/portal\/wp-json\/wp\/v2\/tags?post=20236"}],"curies":[{"name":"wp","href":"https:\/\/api.w.org\/{rel}","templated":true}]}}