{"id":20222,"date":"2020-06-07T13:08:24","date_gmt":"2020-06-07T12:08:24","guid":{"rendered":"https:\/\/www.entroncamentoonline.pt\/portal\/?p=20222"},"modified":"2020-06-08T13:09:55","modified_gmt":"2020-06-08T12:09:55","slug":"entroncamento-situacao-sem-alteracao-mantem-se-os-12-casos-ativos-com-o-covid-19-num-total-de-20-e-11-em-vigilancia-ativa","status":"publish","type":"post","link":"https:\/\/www.entroncamentoonline.pt\/portal\/entroncamento-situacao-sem-alteracao-mantem-se-os-12-casos-ativos-com-o-covid-19-num-total-de-20-e-11-em-vigilancia-ativa\/","title":{"rendered":"Entroncamento | Situa\u00e7\u00e3o sem altera\u00e7\u00e3o | Mant\u00e9m-se os 12 casos ativos com o Covid-19 num total de 20 e 11 em vigil\u00e2ncia ativa"},"content":{"rendered":"<p>O ponto de situa\u00e7\u00e3o no Entroncamento divulgado este domingo, dia 7 de junho, \u00e9 de 12 casos ativos, num total de 20, sendo 8 os casos recuperados e 11 os casos em vigil\u00e2ncia ativa.<\/p>\n<p><img loading=\"lazy\" decoding=\"async\" class=\"size-full wp-image-20203 aligncenter\" src=\"https:\/\/www.entroncamentoonline.pt\/portal\/wp-content\/uploads\/2020\/06\/SitConEntroncamento-5.jpg\" alt=\"\" width=\"420\" height=\"322\" \/><\/p>\n<p>A situa\u00e7\u00e3o no ACES do MT pelas 13h00, deste domingo, dia 7 de junho, era a seguinte:<\/p>\n<p><img loading=\"lazy\" decoding=\"async\" class=\"size-full wp-image-20231 aligncenter\" src=\"https:\/\/www.entroncamentoonline.pt\/portal\/wp-content\/uploads\/2020\/06\/ACESMT-7.jpg\" alt=\"\" width=\"393\" height=\"367\" \/><\/p>\n<p>A diverg\u00eancia entre o n\u00famero total de infetados no concelho do Entroncamento, 21 para a ACES MT e 20 para o SMPC, um prende-se com o facto de ap\u00f3s o \u00f3bito de um doente dado como infetado se ter verificado que n\u00e3o estava. O Servi\u00e7o Municipal de Prote\u00e7\u00e3o Civil do Entroncamento optou por o retirar do n\u00famero de infetados e o ACES M\u00e9dio Tejo continuou a consider\u00e1-lo. Quanto aos casos em vigil\u00e2ncia ativa n\u00e3o conseguimos obter justifica\u00e7\u00e3o.<\/p>\n<p>A n\u00edvel nacional neste domingo regista-se um n\u00famero de mortos de 1479, mais 5\u00a0do que ontem (anteriormente mais 9), os infetados s\u00e3o agora 34693, mais 342\u00a0do que ontem (anteriormente mais 382) e os casos recuperados 20995, mais 188\u00a0do que ontem (anteriormente mais 281).<\/p>\n<p><img loading=\"lazy\" decoding=\"async\" class=\"size-full wp-image-20228 aligncenter\" src=\"https:\/\/www.entroncamentoonline.pt\/portal\/wp-content\/uploads\/2020\/06\/Relat\u00f3rioDGS-7.jpg\" alt=\"\" width=\"571\" height=\"625\" \/><\/p>\n<div class=\"fb-background-color\">\n\t\t\t  <div \n\t\t\t  \tclass = \"fb-comments\" \n\t\t\t  \tdata-href = \"https:\/\/www.entroncamentoonline.pt\/portal\/entroncamento-situacao-sem-alteracao-mantem-se-os-12-casos-ativos-com-o-covid-19-num-total-de-20-e-11-em-vigilancia-ativa\/\"\n\t\t\t  \tdata-numposts = \"10\"\n\t\t\t  \tdata-lazy = \"true\"\n\t\t\t\tdata-colorscheme = \"light\"\n\t\t\t\tdata-order-by = \"social\"\n\t\t\t\tdata-mobile=true>\n\t\t\t  <\/div><\/div>\n\t\t  <style>\n\t\t    .fb-background-color {\n\t\t\t\tbackground:  !important;\n\t\t\t}\n\t\t\t.fb_iframe_widget_fluid_desktop iframe {\n\t\t\t    width: 100% !important;\n\t\t\t}\n\t\t  <\/style>\n\t\t  ","protected":false},"excerpt":{"rendered":"<p>O ponto de situa\u00e7\u00e3o no Entroncamento divulgado este domingo, dia 7 de junho, \u00e9 de 12 casos ativos, num total de 20, sendo 8 os casos recuperados e 11 os casos em vigil\u00e2ncia ativa. A situa\u00e7\u00e3o no ACES do MT pelas 13h00, deste domingo, dia 7 de junho, era a seguinte: A diverg\u00eancia entre o [&hellip;]<\/p>\n","protected":false},"author":1,"featured_media":20224,"comment_status":"open","ping_status":"closed","sticky":false,"template":"","format":"standard","meta":{"_acf_changed":false,"footnotes":""},"categories":[1],"tags":[],"class_list":{"0":"post-20222","1":"post","2":"type-post","3":"status-publish","4":"format-standard","5":"has-post-thumbnail","7":"category-sem-categoria"},"acf":[],"_links":{"self":[{"href":"https:\/\/www.entroncamentoonline.pt\/portal\/wp-json\/wp\/v2\/posts\/20222","targetHints":{"allow":["GET"]}}],"collection":[{"href":"https:\/\/www.entroncamentoonline.pt\/portal\/wp-json\/wp\/v2\/posts"}],"about":[{"href":"https:\/\/www.entroncamentoonline.pt\/portal\/wp-json\/wp\/v2\/types\/post"}],"author":[{"embeddable":true,"href":"https:\/\/www.entroncamentoonline.pt\/portal\/wp-json\/wp\/v2\/users\/1"}],"replies":[{"embeddable":true,"href":"https:\/\/www.entroncamentoonline.pt\/portal\/wp-json\/wp\/v2\/comments?post=20222"}],"version-history":[{"count":0,"href":"https:\/\/www.entroncamentoonline.pt\/portal\/wp-json\/wp\/v2\/posts\/20222\/revisions"}],"wp:featuredmedia":[{"embeddable":true,"href":"https:\/\/www.entroncamentoonline.pt\/portal\/wp-json\/wp\/v2\/media\/20224"}],"wp:attachment":[{"href":"https:\/\/www.entroncamentoonline.pt\/portal\/wp-json\/wp\/v2\/media?parent=20222"}],"wp:term":[{"taxonomy":"category","embeddable":true,"href":"https:\/\/www.entroncamentoonline.pt\/portal\/wp-json\/wp\/v2\/categories?post=20222"},{"taxonomy":"post_tag","embeddable":true,"href":"https:\/\/www.entroncamentoonline.pt\/portal\/wp-json\/wp\/v2\/tags?post=20222"}],"curies":[{"name":"wp","href":"https:\/\/api.w.org\/{rel}","templated":true}]}}