{"id":20064,"date":"2020-06-02T13:20:32","date_gmt":"2020-06-02T12:20:32","guid":{"rendered":"https:\/\/www.entroncamentoonline.pt\/portal\/?p=20064"},"modified":"2020-06-03T13:14:13","modified_gmt":"2020-06-03T12:14:13","slug":"entroncamento-mantem-se-os-11-casos-ativos-com-covid-19-e-sao-agora-12-os-casos-em-vigilancia-ativa","status":"publish","type":"post","link":"https:\/\/www.entroncamentoonline.pt\/portal\/entroncamento-mantem-se-os-11-casos-ativos-com-covid-19-e-sao-agora-12-os-casos-em-vigilancia-ativa\/","title":{"rendered":"Entroncamento | Mant\u00e9m-se os 11 casos ativos com Covid 19 e s\u00e3o agora 12 os casos em vigil\u00e2ncia ativa"},"content":{"rendered":"<p>O ponto de situa\u00e7\u00e3o no Entroncamento realizado, desta ter\u00e7a-feira, dia 2 de junho, \u00e9 de 11 casos ativos, num total de 19, sendo 8 os casos recuperados e 12 os casos em vigil\u00e2ncia ativa.<\/p>\n<p>O aumento dos casos em vigil\u00e2ncia ativa prende-se com o novo caso de infe\u00e7\u00e3o de ontem e com os participantes numa festa no fim de semana.<\/p>\n<p>A C\u00e2mara Municipal do Entroncamento e o Servi\u00e7o Municipal de Prote\u00e7\u00e3o Civil fazem diariamente o ponto de situa\u00e7\u00e3o em rela\u00e7\u00e3o \u00e0 pandemia do Covid-19, no concelho do Entroncamento.<\/p>\n<p><img loading=\"lazy\" decoding=\"async\" class=\"size-full wp-image-20067 aligncenter\" src=\"https:\/\/www.entroncamentoonline.pt\/portal\/wp-content\/uploads\/2020\/06\/SitConEntroncamento-1.jpg\" alt=\"\" width=\"420\" height=\"322\" \/><\/p>\n<p>A situa\u00e7\u00e3o no ACES do MT pelas 15h30, desta ter\u00e7a-feira, dia 2 de junho, era a seguinte:<\/p>\n<p><img loading=\"lazy\" decoding=\"async\" class=\"size-full wp-image-20088 aligncenter\" src=\"https:\/\/www.entroncamentoonline.pt\/portal\/wp-content\/uploads\/2020\/06\/ACESMT-1.jpg\" alt=\"\" width=\"393\" height=\"367\" \/><\/p>\n<p>A diverg\u00eancia entre o n\u00famero total de infetados no concelho do Entroncamento, 20 para a ACES MT e 19 para o SMPC, prende-se com o facto de ap\u00f3s o \u00f3bito de um doente dado como infetado se ter verificado que n\u00e3o estava. O Servi\u00e7o Municipal de Prote\u00e7\u00e3o Civil do Entroncamento optou por o retirar do n\u00famero de infetados e o ACES M\u00e9dio Tejo continuou a consider\u00e1-lo.<\/p>\n<p>A n\u00edvel nacional nesta ter\u00e7a-feira, regista um n\u00famero de mortos de 1436, mais 12 do que ontem (anteriormente mais 14), os infetados s\u00e3o agora 32895, mais 195 do que ontem (anteriormente mais 200) e os casos recuperados 19869, mais 317 do que ontem (anteriormente mais 113).<\/p>\n<p><img loading=\"lazy\" decoding=\"async\" class=\"size-full wp-image-20074 aligncenter\" src=\"https:\/\/www.entroncamentoonline.pt\/portal\/wp-content\/uploads\/2020\/06\/Relat\u00f3rioDGS-3.jpg\" alt=\"\" width=\"601\" height=\"659\" \/><\/p>\n<div class=\"fb-background-color\">\n\t\t\t  <div \n\t\t\t  \tclass = \"fb-comments\" \n\t\t\t  \tdata-href = \"https:\/\/www.entroncamentoonline.pt\/portal\/entroncamento-mantem-se-os-11-casos-ativos-com-covid-19-e-sao-agora-12-os-casos-em-vigilancia-ativa\/\"\n\t\t\t  \tdata-numposts = \"10\"\n\t\t\t  \tdata-lazy = \"true\"\n\t\t\t\tdata-colorscheme = \"light\"\n\t\t\t\tdata-order-by = \"social\"\n\t\t\t\tdata-mobile=true>\n\t\t\t  <\/div><\/div>\n\t\t  <style>\n\t\t    .fb-background-color {\n\t\t\t\tbackground:  !important;\n\t\t\t}\n\t\t\t.fb_iframe_widget_fluid_desktop iframe {\n\t\t\t    width: 100% !important;\n\t\t\t}\n\t\t  <\/style>\n\t\t  ","protected":false},"excerpt":{"rendered":"<p>O ponto de situa\u00e7\u00e3o no Entroncamento realizado, desta ter\u00e7a-feira, dia 2 de junho, \u00e9 de 11 casos ativos, num total de 19, sendo 8 os casos recuperados e 12 os casos em vigil\u00e2ncia ativa. O aumento dos casos em vigil\u00e2ncia ativa prende-se com o novo caso de infe\u00e7\u00e3o de ontem e com os participantes numa [&hellip;]<\/p>\n","protected":false},"author":1,"featured_media":20066,"comment_status":"open","ping_status":"closed","sticky":false,"template":"","format":"standard","meta":{"_acf_changed":false,"footnotes":""},"categories":[1],"tags":[],"class_list":{"0":"post-20064","1":"post","2":"type-post","3":"status-publish","4":"format-standard","5":"has-post-thumbnail","7":"category-sem-categoria"},"acf":[],"_links":{"self":[{"href":"https:\/\/www.entroncamentoonline.pt\/portal\/wp-json\/wp\/v2\/posts\/20064","targetHints":{"allow":["GET"]}}],"collection":[{"href":"https:\/\/www.entroncamentoonline.pt\/portal\/wp-json\/wp\/v2\/posts"}],"about":[{"href":"https:\/\/www.entroncamentoonline.pt\/portal\/wp-json\/wp\/v2\/types\/post"}],"author":[{"embeddable":true,"href":"https:\/\/www.entroncamentoonline.pt\/portal\/wp-json\/wp\/v2\/users\/1"}],"replies":[{"embeddable":true,"href":"https:\/\/www.entroncamentoonline.pt\/portal\/wp-json\/wp\/v2\/comments?post=20064"}],"version-history":[{"count":0,"href":"https:\/\/www.entroncamentoonline.pt\/portal\/wp-json\/wp\/v2\/posts\/20064\/revisions"}],"wp:featuredmedia":[{"embeddable":true,"href":"https:\/\/www.entroncamentoonline.pt\/portal\/wp-json\/wp\/v2\/media\/20066"}],"wp:attachment":[{"href":"https:\/\/www.entroncamentoonline.pt\/portal\/wp-json\/wp\/v2\/media?parent=20064"}],"wp:term":[{"taxonomy":"category","embeddable":true,"href":"https:\/\/www.entroncamentoonline.pt\/portal\/wp-json\/wp\/v2\/categories?post=20064"},{"taxonomy":"post_tag","embeddable":true,"href":"https:\/\/www.entroncamentoonline.pt\/portal\/wp-json\/wp\/v2\/tags?post=20064"}],"curies":[{"name":"wp","href":"https:\/\/api.w.org\/{rel}","templated":true}]}}