{"id":19962,"date":"2020-05-30T13:30:13","date_gmt":"2020-05-30T12:30:13","guid":{"rendered":"https:\/\/www.entroncamentoonline.pt\/portal\/?p=19962"},"modified":"2020-05-31T13:28:46","modified_gmt":"2020-05-31T12:28:46","slug":"entroncamento-mais-um-caso-confirmado-sendo-agora-8-os-casos-ativos-8-recuperados-e-5-em-vigilancia-ativa","status":"publish","type":"post","link":"https:\/\/www.entroncamentoonline.pt\/portal\/entroncamento-mais-um-caso-confirmado-sendo-agora-8-os-casos-ativos-8-recuperados-e-5-em-vigilancia-ativa\/","title":{"rendered":"Entroncamento | Mais um caso confirmado, sendo agora 8 os casos ativos, 8 recuperados e 5 em vigil\u00e2ncia ativa"},"content":{"rendered":"<p>O ponto de situa\u00e7\u00e3o no Entroncamento realizado, \u00e0s 13h00, deste s\u00e1bado, dia 30 de maio, \u00e9 de 8 casos ativos, num total de 16, sendo 8 os casos recuperados e mais 3 casos em vigil\u00e2ncia ativa passando a ser 5.<\/p>\n<p>O novo infetado com Covid-19 trata-se de um trabalhador do sector das carnes na \u00c1rea Metropolitana de Lisboa e reside no Entroncamento.<\/p>\n<p>A C\u00e2mara Municipal do Entroncamento e o Servi\u00e7o Municipal de Prote\u00e7\u00e3o Civil fazem diariamente o ponto de situa\u00e7\u00e3o em rela\u00e7\u00e3o \u00e0 pandemia do Covid-19, no concelho do Entroncamento.<\/p>\n<p><img loading=\"lazy\" decoding=\"async\" class=\"size-full wp-image-19967 aligncenter\" src=\"https:\/\/www.entroncamentoonline.pt\/portal\/wp-content\/uploads\/2020\/05\/SitConEntroncamento-18.jpg\" alt=\"\" width=\"420\" height=\"322\" \/><\/p>\n<p>A situa\u00e7\u00e3o no ACES do MT pelas 16h30, de ontem s\u00e1bado, dia 30 de maio, era a seguinte:<\/p>\n<p><img loading=\"lazy\" decoding=\"async\" class=\"size-full wp-image-19978 aligncenter\" src=\"https:\/\/www.entroncamentoonline.pt\/portal\/wp-content\/uploads\/2020\/05\/ACESMT-30.jpg\" alt=\"\" width=\"393\" height=\"367\" \/><\/p>\n<p>Em rela\u00e7\u00e3o aos n\u00fameros divulgados ontem pelo Servi\u00e7o Municipal de Prote\u00e7\u00e3o Civil do Entroncamento, existe uma diferen\u00e7a no n\u00famero total de infetados e nos casos em vigil\u00e2ncia ativa, que provavelmente ser\u00e3o reajustados hoje. No entanto existe uma diferen\u00e7a (um caso) em rela\u00e7\u00e3o ao n\u00famero total de infetados, que se prende com o facto de ap\u00f3s o \u00f3bito de um doente dado como infetado se ter verificado que n\u00e3o estava. O Servi\u00e7o Municipal de Prote\u00e7\u00e3o Civil do Entroncamento optou por o retirar do n\u00famero de infetados e o ACES M\u00e9dio Tejo continuou a consider\u00e1-lo.<\/p>\n<p>A n\u00edvel nacional a situa\u00e7\u00e3o hoje, regista um n\u00famero de mortos de 1396, mais 13 do que ontem (anteriormente mais 14), os infetados s\u00e3o agora 32203, mais 257 do que ontem (anteriormente mais 350) e os casos recuperados 19186, mais 275 do que ontem (anteriormente mais 274).<\/p>\n<p><img loading=\"lazy\" decoding=\"async\" class=\"size-full wp-image-19970 aligncenter\" src=\"https:\/\/www.entroncamentoonline.pt\/portal\/wp-content\/uploads\/2020\/05\/Relat\u00f3rioDGS-7.jpg\" alt=\"\" width=\"621\" height=\"659\" \/><\/p>\n<div class=\"fb-background-color\">\n\t\t\t  <div \n\t\t\t  \tclass = \"fb-comments\" \n\t\t\t  \tdata-href = \"https:\/\/www.entroncamentoonline.pt\/portal\/entroncamento-mais-um-caso-confirmado-sendo-agora-8-os-casos-ativos-8-recuperados-e-5-em-vigilancia-ativa\/\"\n\t\t\t  \tdata-numposts = \"10\"\n\t\t\t  \tdata-lazy = \"true\"\n\t\t\t\tdata-colorscheme = \"light\"\n\t\t\t\tdata-order-by = \"social\"\n\t\t\t\tdata-mobile=true>\n\t\t\t  <\/div><\/div>\n\t\t  <style>\n\t\t    .fb-background-color {\n\t\t\t\tbackground:  !important;\n\t\t\t}\n\t\t\t.fb_iframe_widget_fluid_desktop iframe {\n\t\t\t    width: 100% !important;\n\t\t\t}\n\t\t  <\/style>\n\t\t  ","protected":false},"excerpt":{"rendered":"<p>O ponto de situa\u00e7\u00e3o no Entroncamento realizado, \u00e0s 13h00, deste s\u00e1bado, dia 30 de maio, \u00e9 de 8 casos ativos, num total de 16, sendo 8 os casos recuperados e mais 3 casos em vigil\u00e2ncia ativa passando a ser 5. O novo infetado com Covid-19 trata-se de um trabalhador do sector das carnes na \u00c1rea [&hellip;]<\/p>\n","protected":false},"author":1,"featured_media":19964,"comment_status":"open","ping_status":"closed","sticky":false,"template":"","format":"standard","meta":{"_acf_changed":false,"footnotes":""},"categories":[1],"tags":[],"class_list":{"0":"post-19962","1":"post","2":"type-post","3":"status-publish","4":"format-standard","5":"has-post-thumbnail","7":"category-sem-categoria"},"acf":[],"_links":{"self":[{"href":"https:\/\/www.entroncamentoonline.pt\/portal\/wp-json\/wp\/v2\/posts\/19962","targetHints":{"allow":["GET"]}}],"collection":[{"href":"https:\/\/www.entroncamentoonline.pt\/portal\/wp-json\/wp\/v2\/posts"}],"about":[{"href":"https:\/\/www.entroncamentoonline.pt\/portal\/wp-json\/wp\/v2\/types\/post"}],"author":[{"embeddable":true,"href":"https:\/\/www.entroncamentoonline.pt\/portal\/wp-json\/wp\/v2\/users\/1"}],"replies":[{"embeddable":true,"href":"https:\/\/www.entroncamentoonline.pt\/portal\/wp-json\/wp\/v2\/comments?post=19962"}],"version-history":[{"count":0,"href":"https:\/\/www.entroncamentoonline.pt\/portal\/wp-json\/wp\/v2\/posts\/19962\/revisions"}],"wp:featuredmedia":[{"embeddable":true,"href":"https:\/\/www.entroncamentoonline.pt\/portal\/wp-json\/wp\/v2\/media\/19964"}],"wp:attachment":[{"href":"https:\/\/www.entroncamentoonline.pt\/portal\/wp-json\/wp\/v2\/media?parent=19962"}],"wp:term":[{"taxonomy":"category","embeddable":true,"href":"https:\/\/www.entroncamentoonline.pt\/portal\/wp-json\/wp\/v2\/categories?post=19962"},{"taxonomy":"post_tag","embeddable":true,"href":"https:\/\/www.entroncamentoonline.pt\/portal\/wp-json\/wp\/v2\/tags?post=19962"}],"curies":[{"name":"wp","href":"https:\/\/api.w.org\/{rel}","templated":true}]}}