{"id":19782,"date":"2020-05-25T19:27:47","date_gmt":"2020-05-25T18:27:47","guid":{"rendered":"https:\/\/www.entroncamentoonline.pt\/portal\/?p=19782"},"modified":"2020-06-02T22:09:41","modified_gmt":"2020-06-02T21:09:41","slug":"a-conversa-com-ricardo-rio-terca-feira-26-05-2020-21h","status":"publish","type":"post","link":"https:\/\/www.entroncamentoonline.pt\/portal\/a-conversa-com-ricardo-rio-terca-feira-26-05-2020-21h\/","title":{"rendered":"\u00c0 conversa com&#8230; Ricardo Rio | Ter\u00e7a-feira 26\/05\/2020 | 21h"},"content":{"rendered":"<p>Ter\u00e7a feira dia 26 de maio, \u00e0s 21h, o PSD Entroncamento realiza um encontro digital, pr\u00f3prio da nova era que estamos a viver!<\/p>\n<p>Com transmiss\u00e3o em direto no <a href=\"https:\/\/www.facebook.com\/PSDentroncamento\/live_videos\/\">facebook<\/a> do PSD Entroncamento, o Presidente do PSD Entroncamento, Jos\u00e9 Baptista, estar\u00e1 \u00e0 conversa com Ricardo Rio, Presidente da C\u00e2mara Municipal de Braga. O tema da conversa vai centra-se no papel dos Munic\u00edpios na linha da frente na resposta \u00e0 pandemia e contar\u00e1 com quest\u00f5es dos cidad\u00e3os, em direto.<\/p>\n<p>&nbsp;<\/p>\n<div class=\"fb-background-color\">\n\t\t\t  <div \n\t\t\t  \tclass = \"fb-comments\" \n\t\t\t  \tdata-href = \"https:\/\/www.entroncamentoonline.pt\/portal\/a-conversa-com-ricardo-rio-terca-feira-26-05-2020-21h\/\"\n\t\t\t  \tdata-numposts = \"10\"\n\t\t\t  \tdata-lazy = \"true\"\n\t\t\t\tdata-colorscheme = \"light\"\n\t\t\t\tdata-order-by = \"social\"\n\t\t\t\tdata-mobile=true>\n\t\t\t  <\/div><\/div>\n\t\t  <style>\n\t\t    .fb-background-color {\n\t\t\t\tbackground:  !important;\n\t\t\t}\n\t\t\t.fb_iframe_widget_fluid_desktop iframe {\n\t\t\t    width: 100% !important;\n\t\t\t}\n\t\t  <\/style>\n\t\t  ","protected":false},"excerpt":{"rendered":"<p>Ter\u00e7a feira dia 26 de maio, \u00e0s 21h, o PSD Entroncamento realiza um encontro digital, pr\u00f3prio da nova era que estamos a viver! Com transmiss\u00e3o em direto no facebook do PSD Entroncamento, o Presidente do PSD Entroncamento, Jos\u00e9 Baptista, estar\u00e1 \u00e0 conversa com Ricardo Rio, Presidente da C\u00e2mara Municipal de Braga. O tema da conversa [&hellip;]<\/p>\n","protected":false},"author":1,"featured_media":19783,"comment_status":"open","ping_status":"closed","sticky":false,"template":"","format":"standard","meta":{"_acf_changed":false,"footnotes":""},"categories":[1],"tags":[],"class_list":{"0":"post-19782","1":"post","2":"type-post","3":"status-publish","4":"format-standard","5":"has-post-thumbnail","7":"category-sem-categoria"},"acf":[],"_links":{"self":[{"href":"https:\/\/www.entroncamentoonline.pt\/portal\/wp-json\/wp\/v2\/posts\/19782","targetHints":{"allow":["GET"]}}],"collection":[{"href":"https:\/\/www.entroncamentoonline.pt\/portal\/wp-json\/wp\/v2\/posts"}],"about":[{"href":"https:\/\/www.entroncamentoonline.pt\/portal\/wp-json\/wp\/v2\/types\/post"}],"author":[{"embeddable":true,"href":"https:\/\/www.entroncamentoonline.pt\/portal\/wp-json\/wp\/v2\/users\/1"}],"replies":[{"embeddable":true,"href":"https:\/\/www.entroncamentoonline.pt\/portal\/wp-json\/wp\/v2\/comments?post=19782"}],"version-history":[{"count":0,"href":"https:\/\/www.entroncamentoonline.pt\/portal\/wp-json\/wp\/v2\/posts\/19782\/revisions"}],"wp:featuredmedia":[{"embeddable":true,"href":"https:\/\/www.entroncamentoonline.pt\/portal\/wp-json\/wp\/v2\/media\/19783"}],"wp:attachment":[{"href":"https:\/\/www.entroncamentoonline.pt\/portal\/wp-json\/wp\/v2\/media?parent=19782"}],"wp:term":[{"taxonomy":"category","embeddable":true,"href":"https:\/\/www.entroncamentoonline.pt\/portal\/wp-json\/wp\/v2\/categories?post=19782"},{"taxonomy":"post_tag","embeddable":true,"href":"https:\/\/www.entroncamentoonline.pt\/portal\/wp-json\/wp\/v2\/tags?post=19782"}],"curies":[{"name":"wp","href":"https:\/\/api.w.org\/{rel}","templated":true}]}}