{"id":19663,"date":"2020-05-21T14:00:52","date_gmt":"2020-05-21T13:00:52","guid":{"rendered":"https:\/\/www.entroncamentoonline.pt\/portal\/?p=19663"},"modified":"2020-05-23T15:49:06","modified_gmt":"2020-05-23T14:49:06","slug":"dia-21-maio-quinta-feira-adoracao-ao-santissimo-sacramento-e-missa-com-vesperas","status":"publish","type":"post","link":"https:\/\/www.entroncamentoonline.pt\/portal\/dia-21-maio-quinta-feira-adoracao-ao-santissimo-sacramento-e-missa-com-vesperas\/","title":{"rendered":"dia 21 maio | Quinta-feira | Adora\u00e7\u00e3o ao Sant\u00edssimo Sacramento e Missa com V\u00e9speras"},"content":{"rendered":"<div id=\"js_avk\" class=\"_5pbx userContent _3576\" data-testid=\"post_message\" data-ft=\"{&quot;tn&quot;:&quot;K&quot;}\">\n<p>Acompanhe as celebra\u00e7\u00f5es em directo da Igreja da Sagrada Fam\u00edlia do Entroncamento, atrav\u00e9s do Facebook, do EOL &#8211; Entroncamento Online ou da R\u00e1dio Voz Entroncamento (105.7 FM).<\/p>\n<p>17H30 | Adora\u00e7\u00e3o ao Sant\u00edssimo Sacramento<br \/>\n18H00 | MISSA com V\u00e9speras, na QUINTA-FEIRA da semana VI<\/p>\n<div id=\"fb-root\"><\/div>\n<p><script async=\"1\" defer=\"1\" crossorigin=\"anonymous\" src=\"https:\/\/connect.facebook.net\/pt_PT\/sdk.js#xfbml=1&amp;version=v7.0\"><\/script><\/p>\n<div class=\"fb-video\" data-href=\"https:\/\/www.facebook.com\/sagradafamilia.entroncamento\/videos\/546081256107587\/\" data-width=\"696\">\n<blockquote cite=\"https:\/\/www.facebook.com\/sagradafamilia.entroncamento\/videos\/546081256107587\/\" class=\"fb-xfbml-parse-ignore\"><p><a href=\"https:\/\/www.facebook.com\/sagradafamilia.entroncamento\/videos\/546081256107587\/\">Adora\u00e7\u00e3o ao Sant\u00edssimo Sacramento | Missa com V\u00e9speras | 21 MAIO 2020<\/a><\/p>\n<p>Acompanhe as celebra\u00e7\u00f5es em directo da Igreja da Sagrada Fam\u00edlia do Entroncamento, atrav\u00e9s do Facebook, do EOL &#8211; Entroncamento Online ou da R\u00e1dio Voz Entroncamento (105.7 FM).17H30 | Adora\u00e7\u00e3o ao Sant\u00edssimo Sacramento18H00 | MISSA com V\u00e9speras, na QUINTA-FEIRA da semana VI<\/p>\n<p>Publicado por <a href=\"https:\/\/www.facebook.com\/sagradafamilia.entroncamento\/\">Par\u00f3quia da Sagrada Fam\u00edlia &#8211; Entroncamento<\/a> em Quinta-feira, 21 de maio de 2020<\/p><\/blockquote>\n<\/div>\n<p>&nbsp;<\/p>\n<\/div>\n<div class=\"_3x-2\" data-ft=\"{&quot;tn&quot;:&quot;H&quot;}\">\n<div data-ft=\"{&quot;tn&quot;:&quot;H&quot;}\">\n<div class=\"mtm\">\n<div>\n<div class=\"_6cgn _3eqw\">\n<div><\/div>\n<\/div>\n<\/div>\n<\/div>\n<\/div>\n<\/div>\n<div class=\"fb-background-color\">\n\t\t\t  <div \n\t\t\t  \tclass = \"fb-comments\" \n\t\t\t  \tdata-href = \"https:\/\/www.entroncamentoonline.pt\/portal\/dia-21-maio-quinta-feira-adoracao-ao-santissimo-sacramento-e-missa-com-vesperas\/\"\n\t\t\t  \tdata-numposts = \"10\"\n\t\t\t  \tdata-lazy = \"true\"\n\t\t\t\tdata-colorscheme = \"light\"\n\t\t\t\tdata-order-by = \"social\"\n\t\t\t\tdata-mobile=true>\n\t\t\t  <\/div><\/div>\n\t\t  <style>\n\t\t    .fb-background-color {\n\t\t\t\tbackground:  !important;\n\t\t\t}\n\t\t\t.fb_iframe_widget_fluid_desktop iframe {\n\t\t\t    width: 100% !important;\n\t\t\t}\n\t\t  <\/style>\n\t\t  ","protected":false},"excerpt":{"rendered":"<p>Acompanhe as celebra\u00e7\u00f5es em directo da Igreja da Sagrada Fam\u00edlia do Entroncamento, atrav\u00e9s do Facebook, do EOL &#8211; Entroncamento Online ou da R\u00e1dio Voz Entroncamento (105.7 FM). 17H30 | Adora\u00e7\u00e3o ao Sant\u00edssimo Sacramento 18H00 | MISSA com V\u00e9speras, na QUINTA-FEIRA da semana VI &nbsp;<\/p>\n","protected":false},"author":1,"featured_media":19228,"comment_status":"open","ping_status":"closed","sticky":false,"template":"","format":"video","meta":{"_acf_changed":false,"footnotes":""},"categories":[1],"tags":[],"class_list":{"0":"post-19663","1":"post","2":"type-post","3":"status-publish","4":"format-video","5":"has-post-thumbnail","7":"category-sem-categoria","8":"post_format-post-format-video"},"acf":[],"_links":{"self":[{"href":"https:\/\/www.entroncamentoonline.pt\/portal\/wp-json\/wp\/v2\/posts\/19663","targetHints":{"allow":["GET"]}}],"collection":[{"href":"https:\/\/www.entroncamentoonline.pt\/portal\/wp-json\/wp\/v2\/posts"}],"about":[{"href":"https:\/\/www.entroncamentoonline.pt\/portal\/wp-json\/wp\/v2\/types\/post"}],"author":[{"embeddable":true,"href":"https:\/\/www.entroncamentoonline.pt\/portal\/wp-json\/wp\/v2\/users\/1"}],"replies":[{"embeddable":true,"href":"https:\/\/www.entroncamentoonline.pt\/portal\/wp-json\/wp\/v2\/comments?post=19663"}],"version-history":[{"count":0,"href":"https:\/\/www.entroncamentoonline.pt\/portal\/wp-json\/wp\/v2\/posts\/19663\/revisions"}],"wp:featuredmedia":[{"embeddable":true,"href":"https:\/\/www.entroncamentoonline.pt\/portal\/wp-json\/wp\/v2\/media\/19228"}],"wp:attachment":[{"href":"https:\/\/www.entroncamentoonline.pt\/portal\/wp-json\/wp\/v2\/media?parent=19663"}],"wp:term":[{"taxonomy":"category","embeddable":true,"href":"https:\/\/www.entroncamentoonline.pt\/portal\/wp-json\/wp\/v2\/categories?post=19663"},{"taxonomy":"post_tag","embeddable":true,"href":"https:\/\/www.entroncamentoonline.pt\/portal\/wp-json\/wp\/v2\/tags?post=19663"}],"curies":[{"name":"wp","href":"https:\/\/api.w.org\/{rel}","templated":true}]}}