{"id":19478,"date":"2020-05-16T13:15:22","date_gmt":"2020-05-16T12:15:22","guid":{"rendered":"https:\/\/www.entroncamentoonline.pt\/portal\/?p=19478"},"modified":"2020-05-17T12:48:29","modified_gmt":"2020-05-17T11:48:29","slug":"entroncamento-sem-novos-casos-de-infecao-e-menos-um-caso-em-vigilancia-ativa-1","status":"publish","type":"post","link":"https:\/\/www.entroncamentoonline.pt\/portal\/entroncamento-sem-novos-casos-de-infecao-e-menos-um-caso-em-vigilancia-ativa-1\/","title":{"rendered":"Entroncamento | H\u00e1 mais um caso confirmado com Covid-19 e menos um caso em vigil\u00e2ncia ativa"},"content":{"rendered":"<p>O Entroncamento regista mais um caso de infe\u00e7\u00e3o com o Covid-19, sendo agora 14 os casos confirmados com o COVID-19, 8 os casos recuperados e menos um caso em vigil\u00e2ncia ativa, sendo agora 5.<\/p>\n<p>A C\u00e2mara Municipal do Entroncamento e o Servi\u00e7o Municipal de Prote\u00e7\u00e3o Civil fazem diariamente o ponto de situa\u00e7\u00e3o em rela\u00e7\u00e3o \u00e0 pandemia do Covid-19, no concelho do Entroncamento.<\/p>\n<p>Na segunda-feira, dia 18 ser\u00e3o os funcion\u00e1rios do CERE a serem submetidos aos testes, depois dos 101 funcion\u00e1rios dos Lares Fernando Eir\u00f3 e da Santa Casa da Miseric\u00f3rdia terem testado negativo.<\/p>\n<p><img loading=\"lazy\" decoding=\"async\" class=\"size-full wp-image-19485 aligncenter\" src=\"https:\/\/www.entroncamentoonline.pt\/portal\/wp-content\/uploads\/2020\/05\/SitConEntroncamento-11.jpg\" alt=\"\" width=\"420\" height=\"322\" \/><\/p>\n<p>A situa\u00e7\u00e3o no ACES do MT pelas 12h30, deste s\u00e1bado, dia 16 de maio, era a seguinte:<\/p>\n<p><img loading=\"lazy\" decoding=\"async\" class=\"size-full wp-image-19489 aligncenter\" src=\"https:\/\/www.entroncamentoonline.pt\/portal\/wp-content\/uploads\/2020\/05\/ACESMT-16.jpg\" alt=\"\" width=\"393\" height=\"367\" \/><\/p>\n<p>A diverg\u00eancia entre o n\u00famero total de infetados no concelho do Entroncamento, 15 para a ACES MT e 14 para o SMPC, prende-se com o facto de ap\u00f3s o \u00f3bito de um doente dado como infetado se ter verificado que n\u00e3o estava. O Servi\u00e7o Municipal de Prote\u00e7\u00e3o Civil do Entroncamento optou por o retirar do n\u00famero de infetados e o ACES M\u00e9dio Tejo continuou a consider\u00e1-lo.<\/p>\n<p>A n\u00edvel nacional o n\u00famero de mortos subiu para 1203, mais 13 do que ontem (anteriormente mais 6), os infetados s\u00e3o agora 28810, mais 227 do que ontem (anteriormente mais 264) e os casos recuperados 3822, mais 494 do que ontem (anteriormente mais 130).<\/p>\n<p><img loading=\"lazy\" decoding=\"async\" class=\"size-full wp-image-19492 aligncenter\" src=\"https:\/\/www.entroncamentoonline.pt\/portal\/wp-content\/uploads\/2020\/05\/COVID-19-13.jpg\" alt=\"\" width=\"666\" height=\"375\" \/><\/p>\n<div class=\"fb-background-color\">\n\t\t\t  <div \n\t\t\t  \tclass = \"fb-comments\" \n\t\t\t  \tdata-href = \"https:\/\/www.entroncamentoonline.pt\/portal\/entroncamento-sem-novos-casos-de-infecao-e-menos-um-caso-em-vigilancia-ativa-1\/\"\n\t\t\t  \tdata-numposts = \"10\"\n\t\t\t  \tdata-lazy = \"true\"\n\t\t\t\tdata-colorscheme = \"light\"\n\t\t\t\tdata-order-by = \"social\"\n\t\t\t\tdata-mobile=true>\n\t\t\t  <\/div><\/div>\n\t\t  <style>\n\t\t    .fb-background-color {\n\t\t\t\tbackground:  !important;\n\t\t\t}\n\t\t\t.fb_iframe_widget_fluid_desktop iframe {\n\t\t\t    width: 100% !important;\n\t\t\t}\n\t\t  <\/style>\n\t\t  ","protected":false},"excerpt":{"rendered":"<p>O Entroncamento regista mais um caso de infe\u00e7\u00e3o com o Covid-19, sendo agora 14 os casos confirmados com o COVID-19, 8 os casos recuperados e menos um caso em vigil\u00e2ncia ativa, sendo agora 5. A C\u00e2mara Municipal do Entroncamento e o Servi\u00e7o Municipal de Prote\u00e7\u00e3o Civil fazem diariamente o ponto de situa\u00e7\u00e3o em rela\u00e7\u00e3o \u00e0 [&hellip;]<\/p>\n","protected":false},"author":1,"featured_media":19479,"comment_status":"open","ping_status":"closed","sticky":false,"template":"","format":"standard","meta":{"_acf_changed":false,"footnotes":""},"categories":[1],"tags":[],"class_list":{"0":"post-19478","1":"post","2":"type-post","3":"status-publish","4":"format-standard","5":"has-post-thumbnail","7":"category-sem-categoria"},"acf":[],"_links":{"self":[{"href":"https:\/\/www.entroncamentoonline.pt\/portal\/wp-json\/wp\/v2\/posts\/19478","targetHints":{"allow":["GET"]}}],"collection":[{"href":"https:\/\/www.entroncamentoonline.pt\/portal\/wp-json\/wp\/v2\/posts"}],"about":[{"href":"https:\/\/www.entroncamentoonline.pt\/portal\/wp-json\/wp\/v2\/types\/post"}],"author":[{"embeddable":true,"href":"https:\/\/www.entroncamentoonline.pt\/portal\/wp-json\/wp\/v2\/users\/1"}],"replies":[{"embeddable":true,"href":"https:\/\/www.entroncamentoonline.pt\/portal\/wp-json\/wp\/v2\/comments?post=19478"}],"version-history":[{"count":0,"href":"https:\/\/www.entroncamentoonline.pt\/portal\/wp-json\/wp\/v2\/posts\/19478\/revisions"}],"wp:featuredmedia":[{"embeddable":true,"href":"https:\/\/www.entroncamentoonline.pt\/portal\/wp-json\/wp\/v2\/media\/19479"}],"wp:attachment":[{"href":"https:\/\/www.entroncamentoonline.pt\/portal\/wp-json\/wp\/v2\/media?parent=19478"}],"wp:term":[{"taxonomy":"category","embeddable":true,"href":"https:\/\/www.entroncamentoonline.pt\/portal\/wp-json\/wp\/v2\/categories?post=19478"},{"taxonomy":"post_tag","embeddable":true,"href":"https:\/\/www.entroncamentoonline.pt\/portal\/wp-json\/wp\/v2\/tags?post=19478"}],"curies":[{"name":"wp","href":"https:\/\/api.w.org\/{rel}","templated":true}]}}