{"id":18913,"date":"2020-04-28T13:20:33","date_gmt":"2020-04-28T12:20:33","guid":{"rendered":"https:\/\/www.entroncamentoonline.pt\/portal\/?p=18913"},"modified":"2020-04-29T13:14:40","modified_gmt":"2020-04-29T12:14:40","slug":"entroncamento-situacao-sem-alteracoes-mantendo-se-os-10-casos-confirmados-com-covid-19-7-em-vigilancia-ativa-e-3-recuperados","status":"publish","type":"post","link":"https:\/\/www.entroncamentoonline.pt\/portal\/entroncamento-situacao-sem-alteracoes-mantendo-se-os-10-casos-confirmados-com-covid-19-7-em-vigilancia-ativa-e-3-recuperados\/","title":{"rendered":"Entroncamento | Situa\u00e7\u00e3o sem altera\u00e7\u00e3o | Mant\u00e9m-se os 10 casos confirmados com COVID-19, 7 em vigil\u00e2ncia ativa e 3 recuperados"},"content":{"rendered":"<p>O ponto de situa\u00e7\u00e3o no Entroncamento realizado, \u00e0s 13h00, desta ter\u00e7a-feira, dia 28 de abril, mant\u00e9m os 10 casos confirmados com o COVID-19, 7 casos em vigil\u00e2ncia ativa e 3 casos recuperados.<\/p>\n<p>A C\u00e2mara Municipal do Entroncamento e o Servi\u00e7o Municipal de Prote\u00e7\u00e3o Civil fazem diariamente o ponto de situa\u00e7\u00e3o em rela\u00e7\u00e3o \u00e0 pandemia do Covid-19, no concelho do Entroncamento.<\/p>\n<p><img loading=\"lazy\" decoding=\"async\" class=\"size-full wp-image-18876 aligncenter\" src=\"https:\/\/www.entroncamentoonline.pt\/portal\/wp-content\/uploads\/2020\/04\/SitConcEntroncamento-19.jpg\" alt=\"\" width=\"420\" height=\"322\" \/><\/p>\n<p>A situa\u00e7\u00e3o no ACES do MT pelas 15h40, desta ter\u00e7a-feira, dia 28 de abril, mant\u00e9m-se sem altera\u00e7\u00f5es.<\/p>\n<p><img loading=\"lazy\" decoding=\"async\" class=\"size-full wp-image-18848 aligncenter\" src=\"https:\/\/www.entroncamentoonline.pt\/portal\/wp-content\/uploads\/2020\/04\/ACESMT-8.jpg\" alt=\"\" width=\"393\" height=\"348\" \/><\/p>\n<p>A n\u00edvel nacional o n\u00famero de mortos subiu para 948, mais 20 do que ontem (anteriormente mais 25, os infetados s\u00e3o agora 24322, mais 295 que ontem (anteriormente mais 163) e os casos recuperados s\u00e3o agora 1389, mais 32.<\/p>\n<p><img loading=\"lazy\" decoding=\"async\" class=\"size-full wp-image-18928 aligncenter\" src=\"https:\/\/www.entroncamentoonline.pt\/portal\/wp-content\/uploads\/2020\/04\/COVID-19-11.jpg\" alt=\"\" width=\"666\" height=\"375\" \/><\/p>\n<div class=\"fb-background-color\">\n\t\t\t  <div \n\t\t\t  \tclass = \"fb-comments\" \n\t\t\t  \tdata-href = \"https:\/\/www.entroncamentoonline.pt\/portal\/entroncamento-situacao-sem-alteracoes-mantendo-se-os-10-casos-confirmados-com-covid-19-7-em-vigilancia-ativa-e-3-recuperados\/\"\n\t\t\t  \tdata-numposts = \"10\"\n\t\t\t  \tdata-lazy = \"true\"\n\t\t\t\tdata-colorscheme = \"light\"\n\t\t\t\tdata-order-by = \"social\"\n\t\t\t\tdata-mobile=true>\n\t\t\t  <\/div><\/div>\n\t\t  <style>\n\t\t    .fb-background-color {\n\t\t\t\tbackground:  !important;\n\t\t\t}\n\t\t\t.fb_iframe_widget_fluid_desktop iframe {\n\t\t\t    width: 100% !important;\n\t\t\t}\n\t\t  <\/style>\n\t\t  ","protected":false},"excerpt":{"rendered":"<p>O ponto de situa\u00e7\u00e3o no Entroncamento realizado, \u00e0s 13h00, desta ter\u00e7a-feira, dia 28 de abril, mant\u00e9m os 10 casos confirmados com o COVID-19, 7 casos em vigil\u00e2ncia ativa e 3 casos recuperados. A C\u00e2mara Municipal do Entroncamento e o Servi\u00e7o Municipal de Prote\u00e7\u00e3o Civil fazem diariamente o ponto de situa\u00e7\u00e3o em rela\u00e7\u00e3o \u00e0 pandemia do [&hellip;]<\/p>\n","protected":false},"author":1,"featured_media":18024,"comment_status":"open","ping_status":"closed","sticky":false,"template":"","format":"standard","meta":{"_acf_changed":false,"footnotes":""},"categories":[1],"tags":[],"class_list":{"0":"post-18913","1":"post","2":"type-post","3":"status-publish","4":"format-standard","5":"has-post-thumbnail","7":"category-sem-categoria"},"acf":[],"_links":{"self":[{"href":"https:\/\/www.entroncamentoonline.pt\/portal\/wp-json\/wp\/v2\/posts\/18913","targetHints":{"allow":["GET"]}}],"collection":[{"href":"https:\/\/www.entroncamentoonline.pt\/portal\/wp-json\/wp\/v2\/posts"}],"about":[{"href":"https:\/\/www.entroncamentoonline.pt\/portal\/wp-json\/wp\/v2\/types\/post"}],"author":[{"embeddable":true,"href":"https:\/\/www.entroncamentoonline.pt\/portal\/wp-json\/wp\/v2\/users\/1"}],"replies":[{"embeddable":true,"href":"https:\/\/www.entroncamentoonline.pt\/portal\/wp-json\/wp\/v2\/comments?post=18913"}],"version-history":[{"count":0,"href":"https:\/\/www.entroncamentoonline.pt\/portal\/wp-json\/wp\/v2\/posts\/18913\/revisions"}],"wp:featuredmedia":[{"embeddable":true,"href":"https:\/\/www.entroncamentoonline.pt\/portal\/wp-json\/wp\/v2\/media\/18024"}],"wp:attachment":[{"href":"https:\/\/www.entroncamentoonline.pt\/portal\/wp-json\/wp\/v2\/media?parent=18913"}],"wp:term":[{"taxonomy":"category","embeddable":true,"href":"https:\/\/www.entroncamentoonline.pt\/portal\/wp-json\/wp\/v2\/categories?post=18913"},{"taxonomy":"post_tag","embeddable":true,"href":"https:\/\/www.entroncamentoonline.pt\/portal\/wp-json\/wp\/v2\/tags?post=18913"}],"curies":[{"name":"wp","href":"https:\/\/api.w.org\/{rel}","templated":true}]}}