{"id":18818,"date":"2020-04-24T19:03:35","date_gmt":"2020-04-24T18:03:35","guid":{"rendered":"https:\/\/www.entroncamentoonline.pt\/portal\/?p=18818"},"modified":"2020-04-29T22:03:54","modified_gmt":"2020-04-29T21:03:54","slug":"a-partir-de-segunda-feira-rede-gratuita-de-servicos-minimos-de-transporte-para-os-cidadaos-do-medio-tejo","status":"publish","type":"post","link":"https:\/\/www.entroncamentoonline.pt\/portal\/a-partir-de-segunda-feira-rede-gratuita-de-servicos-minimos-de-transporte-para-os-cidadaos-do-medio-tejo\/","title":{"rendered":"A partir desta segunda-feira rede gratuita de servi\u00e7os m\u00ednimos de transporte para os cidad\u00e3os do M\u00e9dio Tejo"},"content":{"rendered":"<p>Nesta segunda-feira, dia 27 de abril, entra em vigor uma rede gratuita de servi\u00e7os m\u00ednimos de transporte para os cidad\u00e3os do M\u00e9dio Tejo, que necessitem de utilizar o transporte p\u00fablico.<\/p>\n<p>Esta rede de servi\u00e7os m\u00ednimos, que garante acesso \u00e0s principais liga\u00e7\u00f5es no M\u00e9dio Tejo, ficar\u00e1 vigente at\u00e9 ao dia 30 de junho e resulta de um acordo entre a Comunidade Intermunicipal do M\u00e9dio Tejo e os seus munic\u00edpios associados com os operadores de transporte.<\/p>\n<p>Esta medida surge para dar resposta \u00e0s popula\u00e7\u00f5es que ficaram desprotegidas ao n\u00edvel de servi\u00e7os de transporte desde que a pandemia \u2013 COVID-19 come\u00e7ou a assolar o pa\u00eds.<\/p>\n<p>Para utilizar este servi\u00e7o, e de modo a evitar os n\u00edveis de cont\u00e1gio, os cidad\u00e3os n\u00e3o ter\u00e3o de adquirir bilhetes a bordo, proceder ao carregamento de passes ou validar os seus t\u00edtulos anteriormente adquiridos, sendo determinada a gratuitidade dos servi\u00e7os neste per\u00edodo de exce\u00e7\u00e3o.<\/p>\n<p>Ter\u00e3o apenas de se dirigirem \u00e0s paragens indicadas, tendo em conta os hor\u00e1rios dispon\u00edveis em mediotejo.pt.<\/p>\n<p>O objetivo dos Munic\u00edpios do M\u00e9dio Tejo \u00e9 continuar a garantir o acesso ao transporte p\u00fablico de passageiros, com as devidas condi\u00e7\u00f5es de seguran\u00e7a.<\/p>\n<p>Para o efeito, dever\u00e1 manter-se o cumprimento das orienta\u00e7\u00f5es de sa\u00fade p\u00fablica, nomeadamente, a entrada e sa\u00edda dos passageiros pelas portas traseiras dos autocarros. \u00c9 ainda recomendada a utiliza\u00e7\u00e3o de m\u00e1scaras durante a viagem de modo a minimizar os riscos de transmiss\u00e3o do v\u00edrus.<\/p>\n<p>A disponibiliza\u00e7\u00e3o da rede de servi\u00e7os essenciais de transporte p\u00fablico surge na sequ\u00eancia da publica\u00e7\u00e3o do Despacho n.\u00ba 3547-A\/2020 de 22\/03\/2020 que regulamenta a declara\u00e7\u00e3o do estado de emerg\u00eancia, assegurando o funcionamento das cadeias de abastecimento de bens e dos servi\u00e7os p\u00fablicos essenciais, bem como as condi\u00e7\u00f5es de funcionamento em que estes devem operar.<\/p>\n<p>Para mais informa\u00e7\u00f5es, consulte a Comunidade Intermunicipal do M\u00e9dio Tejo atrav\u00e9s do email autoridade.transportes@cimt.pt ou a Linha de Apoio ao Cliente da Rodovi\u00e1ria do Tejo (tlf: 249 78 78 78) ou Rodovi\u00e1ria da Beira Interior (tlf: 225 100 100).<\/p>\n<p><a href=\"https:\/\/mediotejo.pt\/index.php\/entrada\/83-pt\/comunicacao\/noticias\/1432-servicos-de-transporte-publicos-no-medio-tejo\">Consulte aqui a informa\u00e7\u00e3o<\/a>.<\/p>\n<p>&nbsp;<\/p>\n<div class=\"fb-background-color\">\n\t\t\t  <div \n\t\t\t  \tclass = \"fb-comments\" \n\t\t\t  \tdata-href = \"https:\/\/www.entroncamentoonline.pt\/portal\/a-partir-de-segunda-feira-rede-gratuita-de-servicos-minimos-de-transporte-para-os-cidadaos-do-medio-tejo\/\"\n\t\t\t  \tdata-numposts = \"10\"\n\t\t\t  \tdata-lazy = \"true\"\n\t\t\t\tdata-colorscheme = \"light\"\n\t\t\t\tdata-order-by = \"social\"\n\t\t\t\tdata-mobile=true>\n\t\t\t  <\/div><\/div>\n\t\t  <style>\n\t\t    .fb-background-color {\n\t\t\t\tbackground:  !important;\n\t\t\t}\n\t\t\t.fb_iframe_widget_fluid_desktop iframe {\n\t\t\t    width: 100% !important;\n\t\t\t}\n\t\t  <\/style>\n\t\t  ","protected":false},"excerpt":{"rendered":"<p>Nesta segunda-feira, dia 27 de abril, entra em vigor uma rede gratuita de servi\u00e7os m\u00ednimos de transporte para os cidad\u00e3os do M\u00e9dio Tejo, que necessitem de utilizar o transporte p\u00fablico. Esta rede de servi\u00e7os m\u00ednimos, que garante acesso \u00e0s principais liga\u00e7\u00f5es no M\u00e9dio Tejo, ficar\u00e1 vigente at\u00e9 ao dia 30 de junho e resulta de [&hellip;]<\/p>\n","protected":false},"author":1,"featured_media":18819,"comment_status":"open","ping_status":"closed","sticky":false,"template":"","format":"standard","meta":{"_acf_changed":false,"footnotes":""},"categories":[1],"tags":[],"class_list":{"0":"post-18818","1":"post","2":"type-post","3":"status-publish","4":"format-standard","5":"has-post-thumbnail","7":"category-sem-categoria"},"acf":[],"_links":{"self":[{"href":"https:\/\/www.entroncamentoonline.pt\/portal\/wp-json\/wp\/v2\/posts\/18818","targetHints":{"allow":["GET"]}}],"collection":[{"href":"https:\/\/www.entroncamentoonline.pt\/portal\/wp-json\/wp\/v2\/posts"}],"about":[{"href":"https:\/\/www.entroncamentoonline.pt\/portal\/wp-json\/wp\/v2\/types\/post"}],"author":[{"embeddable":true,"href":"https:\/\/www.entroncamentoonline.pt\/portal\/wp-json\/wp\/v2\/users\/1"}],"replies":[{"embeddable":true,"href":"https:\/\/www.entroncamentoonline.pt\/portal\/wp-json\/wp\/v2\/comments?post=18818"}],"version-history":[{"count":0,"href":"https:\/\/www.entroncamentoonline.pt\/portal\/wp-json\/wp\/v2\/posts\/18818\/revisions"}],"wp:featuredmedia":[{"embeddable":true,"href":"https:\/\/www.entroncamentoonline.pt\/portal\/wp-json\/wp\/v2\/media\/18819"}],"wp:attachment":[{"href":"https:\/\/www.entroncamentoonline.pt\/portal\/wp-json\/wp\/v2\/media?parent=18818"}],"wp:term":[{"taxonomy":"category","embeddable":true,"href":"https:\/\/www.entroncamentoonline.pt\/portal\/wp-json\/wp\/v2\/categories?post=18818"},{"taxonomy":"post_tag","embeddable":true,"href":"https:\/\/www.entroncamentoonline.pt\/portal\/wp-json\/wp\/v2\/tags?post=18818"}],"curies":[{"name":"wp","href":"https:\/\/api.w.org\/{rel}","templated":true}]}}