{"id":18740,"date":"2020-04-22T20:07:15","date_gmt":"2020-04-22T19:07:15","guid":{"rendered":"https:\/\/www.entroncamentoonline.pt\/portal\/?p=18740"},"modified":"2020-04-22T20:07:15","modified_gmt":"2020-04-22T19:07:15","slug":"manuela-poitout-um-parto-a-bordo-em-1828-na-travessia-fluvial-de-lisboa-para-a-barquinha","status":"publish","type":"post","link":"https:\/\/www.entroncamentoonline.pt\/portal\/manuela-poitout-um-parto-a-bordo-em-1828-na-travessia-fluvial-de-lisboa-para-a-barquinha\/","title":{"rendered":"MANUELA POITOUT | Um parto a bordo, em 1828, na travessia fluvial de Lisboa para a Barquinha"},"content":{"rendered":"<figure id=\"attachment_1174\" aria-describedby=\"caption-attachment-1174\" style=\"width: 271px\" class=\"wp-caption alignnone\"><img loading=\"lazy\" decoding=\"async\" class=\"size-full wp-image-1174\" src=\"https:\/\/www.entroncamentoonline.pt\/portal\/wp-content\/uploads\/2018\/12\/ManuelaPoitout.jpg\" alt=\"\" width=\"271\" height=\"292\" \/><figcaption id=\"caption-attachment-1174\" class=\"wp-caption-text\">Manuela Poitout manuelapoitout@entroncamentoonline.pt<\/figcaption><\/figure>\n<p>N\u00e3o tem esta hist\u00f3ria, que \u00e9 verdadeira, retirada de um registo paroquial da data indicada no t\u00edtulo, uma rela\u00e7\u00e3o direta com o Entroncamento, que nem existia nessa \u00e9poca, mas \u00e9 elucidativa quanto ao transporte utilizado por quem viesse de Lisboa para a nossa regi\u00e3o, nas d\u00e9cadas de oitocentos anteriores \u00e0 chegada do comboio.<\/p>\n<p>Este registo, de que falo, pertence \u00e0 freguesia de Sei\u00e7a, atual concelho de Vila Nova de Our\u00e9m. Nele diz o p\u00e1roco que em 13 de janeiro de 1828 batizou solenemente Jos\u00e9, nascido a 31 do \u201cm\u00eas pr\u00f3ximo passado\u201d, filho de Domingos Jos\u00e9 da Cunha e de Elena Rosa residentes em Lisboa, \u201ce porque vindos de jornada para estes s\u00edtios aconteceu nascer no barco vindo para a Barquinha\u201d, e depois lhe foram pedir que batizasse o filho, pedido necess\u00e1rio porque n\u00e3o eram moradores na freguesia de Sei\u00e7a.<\/p>\n<p>N\u00e3o era esta, certamente, uma jornada de passeio ou de neg\u00f3cios, dado o estado da futura m\u00e3e, mas tem uma explica\u00e7\u00e3o l\u00f3gica, porque Elena Rosa era natural de Monchite, lugar pr\u00f3ximo de Tomar, onde viviam os seus pais, e h\u00e1-de ter querido ter o filho junto dos progenitores.<\/p>\n<p>S\u00f3 que a natureza ou as agruras da viagem determinaram o nascimento mais cedo, e a\u00ed temos n\u00f3s, para os barqueiros e viajantes da ocasi\u00e3o, um acontecimento fora da rotina habitual.<\/p>\n<p>Ainda hoje s\u00e3o not\u00edcia os beb\u00e9s nascidos em ambul\u00e2ncias, comboios e avi\u00f5es, onde o conforto \u00e9 sempre muito maior do que num barco do in\u00edcio de oitocentos, e ainda com a agravante de se estar em dezembro.<\/p>\n<p>E porqu\u00ea a Barquinha, se iam para Monchite?<\/p>\n<p>A Barquinha era um porto fluvial importante e junto dela passava a estrada real que ia da Goleg\u00e3 para Tomar, e de Tomar partia outra estrada, que ia por Vale dos Ovos e Ch\u00e3o de Ma\u00e7\u00e3s para Anci\u00e3o e Coimbra, dando acesso a Monchite.<\/p>\n<p>Este era o trajeto mais acess\u00edvel de que dispunham, e provavelmente o mais r\u00e1pido.<\/p>\n<p>Diga-se que, apesar do qualificativo real, esta estrada por onde viajaram estaria em muito mau estado, como as restantes estradas do pa\u00eds, at\u00e9 porque as invas\u00f5es francesas, ainda relativamente recentes, tinham deixado o territ\u00f3rio completamente devastado.<\/p>\n<p>Imagine-se, pois, o que aquela pobre m\u00e3e ter\u00e1 passado, nesta segunda parte da viagem, aos trancos e solavancos, com um menino ao colo, a cavalo ou de carro\u00e7a, que o registo n\u00e3o diz, nem seria suposto dizer.<\/p>\n<p>Pormenor interessante nesta hist\u00f3ria, \u00e9 que o pai do menino era da regi\u00e3o de Braga, do lugar de Eir\u00f3s.<\/p>\n<p>E com um simples registo ficou tra\u00e7ado um come\u00e7o de uma vida e as suas circunst\u00e2ncias, com a particularidade de haver algu\u00e9m que tenha como lugar de nascimento \u201co barco vindo para a Barquinha\u201d.<\/p>\n<p>Manuela Poitout<\/p>\n<div class=\"fb-background-color\">\n\t\t\t  <div \n\t\t\t  \tclass = \"fb-comments\" \n\t\t\t  \tdata-href = \"https:\/\/www.entroncamentoonline.pt\/portal\/manuela-poitout-um-parto-a-bordo-em-1828-na-travessia-fluvial-de-lisboa-para-a-barquinha\/\"\n\t\t\t  \tdata-numposts = \"10\"\n\t\t\t  \tdata-lazy = \"true\"\n\t\t\t\tdata-colorscheme = \"light\"\n\t\t\t\tdata-order-by = \"social\"\n\t\t\t\tdata-mobile=true>\n\t\t\t  <\/div><\/div>\n\t\t  <style>\n\t\t    .fb-background-color {\n\t\t\t\tbackground:  !important;\n\t\t\t}\n\t\t\t.fb_iframe_widget_fluid_desktop iframe {\n\t\t\t    width: 100% !important;\n\t\t\t}\n\t\t  <\/style>\n\t\t  ","protected":false},"excerpt":{"rendered":"<p>N\u00e3o tem esta hist\u00f3ria, que \u00e9 verdadeira, retirada de um registo paroquial da data indicada no t\u00edtulo, uma rela\u00e7\u00e3o direta com o Entroncamento, que nem existia nessa \u00e9poca, mas \u00e9 elucidativa quanto ao transporte utilizado por quem viesse de Lisboa para a nossa regi\u00e3o, nas d\u00e9cadas de oitocentos anteriores \u00e0 chegada do comboio. Este registo, [&hellip;]<\/p>\n","protected":false},"author":19,"featured_media":0,"comment_status":"open","ping_status":"closed","sticky":false,"template":"","format":"standard","meta":{"_acf_changed":false,"footnotes":""},"categories":[55,65],"tags":[],"class_list":{"0":"post-18740","1":"post","2":"type-post","3":"status-publish","4":"format-standard","6":"category-cronica","7":"category-manuela-poitout"},"acf":[],"_links":{"self":[{"href":"https:\/\/www.entroncamentoonline.pt\/portal\/wp-json\/wp\/v2\/posts\/18740","targetHints":{"allow":["GET"]}}],"collection":[{"href":"https:\/\/www.entroncamentoonline.pt\/portal\/wp-json\/wp\/v2\/posts"}],"about":[{"href":"https:\/\/www.entroncamentoonline.pt\/portal\/wp-json\/wp\/v2\/types\/post"}],"author":[{"embeddable":true,"href":"https:\/\/www.entroncamentoonline.pt\/portal\/wp-json\/wp\/v2\/users\/19"}],"replies":[{"embeddable":true,"href":"https:\/\/www.entroncamentoonline.pt\/portal\/wp-json\/wp\/v2\/comments?post=18740"}],"version-history":[{"count":0,"href":"https:\/\/www.entroncamentoonline.pt\/portal\/wp-json\/wp\/v2\/posts\/18740\/revisions"}],"wp:attachment":[{"href":"https:\/\/www.entroncamentoonline.pt\/portal\/wp-json\/wp\/v2\/media?parent=18740"}],"wp:term":[{"taxonomy":"category","embeddable":true,"href":"https:\/\/www.entroncamentoonline.pt\/portal\/wp-json\/wp\/v2\/categories?post=18740"},{"taxonomy":"post_tag","embeddable":true,"href":"https:\/\/www.entroncamentoonline.pt\/portal\/wp-json\/wp\/v2\/tags?post=18740"}],"curies":[{"name":"wp","href":"https:\/\/api.w.org\/{rel}","templated":true}]}}