{"id":18665,"date":"2020-04-20T22:56:41","date_gmt":"2020-04-20T21:56:41","guid":{"rendered":"https:\/\/www.entroncamentoonline.pt\/portal\/?p=18665"},"modified":"2020-04-29T22:15:09","modified_gmt":"2020-04-29T21:15:09","slug":"recolha-de-memorias-sobre-o-25-de-abril-no-museu-dos-rios-e-das-artes-maritimas-em-constancia","status":"publish","type":"post","link":"https:\/\/www.entroncamentoonline.pt\/portal\/recolha-de-memorias-sobre-o-25-de-abril-no-museu-dos-rios-e-das-artes-maritimas-em-constancia\/","title":{"rendered":"Recolha de Mem\u00f3rias sobre o 25 de Abril no Museu dos Rios e das Artes Mar\u00edtimas, em Const\u00e2ncia"},"content":{"rendered":"<p>O Museu dos Rios e das Artes Mar\u00edtimas, em Const\u00e2ncia, est\u00e1 a desenvolver um projeto de recolha de mem\u00f3rias sobre o 25 de Abril de 1974.<\/p>\n<p>Conforme se l\u00ea na p\u00e1gina de Facebook do Museu \u00ab\u2026confinados \u00e0s nossas casas devido ao coronav\u00edrus, abrimos as portas do Museu dos Rios e das Artes Mar\u00edtimas, atrav\u00e9s do Facebook, para a recolha e divulga\u00e7\u00e3o de Mem\u00f3rias do 25 de Abril. Queremos que se juntem a n\u00f3s nesta iniciativa, recolhendo e enviando fotos, mem\u00f3rias ou hist\u00f3rias que queiram partilhar acerca deste dia\u00bb.<\/p>\n<p>Para participar nesta recolha de mem\u00f3rias, basta pegar no telem\u00f3vel e fotografar imagens\/documentos ou registar em \u00e1udio\/v\u00eddeo testemunhos e mem\u00f3rias do 25 de Abril. Quem preferir a escrita, pode efetuar a sua participa\u00e7\u00e3o atrav\u00e9s de texto. Todos os trabalhos dever\u00e3o ser enviados, at\u00e9 24 de abril, para o endere\u00e7o de correio eletr\u00f3nico: museu.rios@cm-constancia.pt.<\/p>\n<p>O Museu dos Rios e das Artes Mar\u00edtimas deixa assim o desafio, para que lhe fa\u00e7am chegar Mem\u00f3rias do 25 de Abril, as quais depois de analisadas ser\u00e3o partilhadas na p\u00e1gina de Facebook do Museu.<\/p>\n<div class=\"fb-background-color\">\n\t\t\t  <div \n\t\t\t  \tclass = \"fb-comments\" \n\t\t\t  \tdata-href = \"https:\/\/www.entroncamentoonline.pt\/portal\/recolha-de-memorias-sobre-o-25-de-abril-no-museu-dos-rios-e-das-artes-maritimas-em-constancia\/\"\n\t\t\t  \tdata-numposts = \"10\"\n\t\t\t  \tdata-lazy = \"true\"\n\t\t\t\tdata-colorscheme = \"light\"\n\t\t\t\tdata-order-by = \"social\"\n\t\t\t\tdata-mobile=true>\n\t\t\t  <\/div><\/div>\n\t\t  <style>\n\t\t    .fb-background-color {\n\t\t\t\tbackground:  !important;\n\t\t\t}\n\t\t\t.fb_iframe_widget_fluid_desktop iframe {\n\t\t\t    width: 100% !important;\n\t\t\t}\n\t\t  <\/style>\n\t\t  ","protected":false},"excerpt":{"rendered":"<p>O Museu dos Rios e das Artes Mar\u00edtimas, em Const\u00e2ncia, est\u00e1 a desenvolver um projeto de recolha de mem\u00f3rias sobre o 25 de Abril de 1974. Conforme se l\u00ea na p\u00e1gina de Facebook do Museu \u00ab\u2026confinados \u00e0s nossas casas devido ao coronav\u00edrus, abrimos as portas do Museu dos Rios e das Artes Mar\u00edtimas, atrav\u00e9s do [&hellip;]<\/p>\n","protected":false},"author":1,"featured_media":18666,"comment_status":"open","ping_status":"closed","sticky":false,"template":"","format":"standard","meta":{"_acf_changed":false,"footnotes":""},"categories":[1],"tags":[],"class_list":{"0":"post-18665","1":"post","2":"type-post","3":"status-publish","4":"format-standard","5":"has-post-thumbnail","7":"category-sem-categoria"},"acf":[],"_links":{"self":[{"href":"https:\/\/www.entroncamentoonline.pt\/portal\/wp-json\/wp\/v2\/posts\/18665","targetHints":{"allow":["GET"]}}],"collection":[{"href":"https:\/\/www.entroncamentoonline.pt\/portal\/wp-json\/wp\/v2\/posts"}],"about":[{"href":"https:\/\/www.entroncamentoonline.pt\/portal\/wp-json\/wp\/v2\/types\/post"}],"author":[{"embeddable":true,"href":"https:\/\/www.entroncamentoonline.pt\/portal\/wp-json\/wp\/v2\/users\/1"}],"replies":[{"embeddable":true,"href":"https:\/\/www.entroncamentoonline.pt\/portal\/wp-json\/wp\/v2\/comments?post=18665"}],"version-history":[{"count":0,"href":"https:\/\/www.entroncamentoonline.pt\/portal\/wp-json\/wp\/v2\/posts\/18665\/revisions"}],"wp:featuredmedia":[{"embeddable":true,"href":"https:\/\/www.entroncamentoonline.pt\/portal\/wp-json\/wp\/v2\/media\/18666"}],"wp:attachment":[{"href":"https:\/\/www.entroncamentoonline.pt\/portal\/wp-json\/wp\/v2\/media?parent=18665"}],"wp:term":[{"taxonomy":"category","embeddable":true,"href":"https:\/\/www.entroncamentoonline.pt\/portal\/wp-json\/wp\/v2\/categories?post=18665"},{"taxonomy":"post_tag","embeddable":true,"href":"https:\/\/www.entroncamentoonline.pt\/portal\/wp-json\/wp\/v2\/tags?post=18665"}],"curies":[{"name":"wp","href":"https:\/\/api.w.org\/{rel}","templated":true}]}}