{"id":18621,"date":"2020-04-20T13:21:20","date_gmt":"2020-04-20T12:21:20","guid":{"rendered":"https:\/\/www.entroncamentoonline.pt\/portal\/?p=18621"},"modified":"2020-04-21T13:17:57","modified_gmt":"2020-04-21T12:17:57","slug":"entroncamento-regista-novo-caso-de-infecao-sendo-agora-8-os-casos-confirmados-com-covid-19-e-7-casos-em-vigilancia-ativa-1","status":"publish","type":"post","link":"https:\/\/www.entroncamentoonline.pt\/portal\/entroncamento-regista-novo-caso-de-infecao-sendo-agora-8-os-casos-confirmados-com-covid-19-e-7-casos-em-vigilancia-ativa-1\/","title":{"rendered":"Entroncamento mant\u00e9m 7 casos confirmados de infe\u00e7\u00e3o e 8 casos em vigil\u00e2ncia ativa"},"content":{"rendered":"<p>Apesar de inicialmente ter sido anunciado a exist\u00eancia de mais um caso confirmado no Entroncamento, o mesmo n\u00e3o se veio a verificar.<\/p>\n<p>O ponto de situa\u00e7\u00e3o no Entroncamento realizado, \u00e0s 13h00, desta segunda-feira, dia 20 de abril, \u00e9 de 7 casos confirmados com o COVID-19 e 8 casos em vigil\u00e2ncia ativa.<\/p>\n<p>A C\u00e2mara Municipal do Entroncamento e o Servi\u00e7o Municipal de Prote\u00e7\u00e3o Civil fazem diariamente o ponto de situa\u00e7\u00e3o em rela\u00e7\u00e3o \u00e0 pandemia do Covid-19, no concelho do Entroncamento.<\/p>\n<figure id=\"attachment_18605\" aria-describedby=\"caption-attachment-18605\" style=\"width: 420px\" class=\"wp-caption aligncenter\"><img loading=\"lazy\" decoding=\"async\" class=\"wp-image-18605 size-full\" src=\"https:\/\/www.entroncamentoonline.pt\/portal\/wp-content\/uploads\/2020\/04\/SitConcEntroncamento-12.jpg\" alt=\"\" width=\"420\" height=\"102\" \/><figcaption id=\"caption-attachment-18605\" class=\"wp-caption-text\">Legenda: Casos Confirmados \u2013 Caso que tenha sido validado pelo SNS\/DGS e pelo M\u00e9dico da LAM; Casos em Vigil\u00e2ncia Ativa \u2013 Caso em Monitoriza\u00e7\u00e3o Di\u00e1ria pela Autoridade de Sa\u00fade (AS) durante 14 dias (o per\u00edodo m\u00e1ximo de incuba\u00e7\u00e3o da doen\u00e7a desde a data da \u00faltima exposi\u00e7\u00e3o; Casos em Vigil\u00e2ncia Passiva \u2013 Caso que a Monitoriza\u00e7\u00e3o \u00e9 feita pelo Pr\u00f3prio, durante 14 dias desde a \u00faltima exposi\u00e7\u00e3o. *N\u00ba de pessoas atualmente em vigil\u00e2ncia ativa<\/figcaption><\/figure>\n<p>A situa\u00e7\u00e3o no ACES do MT pelas 13h45, desta segunda-feira, dia 20 de abril, era a seguinte:<\/p>\n<p><img loading=\"lazy\" decoding=\"async\" class=\"size-full wp-image-18662 aligncenter\" src=\"https:\/\/www.entroncamentoonline.pt\/portal\/wp-content\/uploads\/2020\/04\/ACESMT-3.jpg\" alt=\"\" width=\"393\" height=\"368\" \/><\/p>\n<p>A n\u00edvel nacional o n\u00famero de mortos subiu para 735, mais 21 do que ontem (anteriormente mais 27), os infetados s\u00e3o agora 20863 mais 657 que ontem (anteriormente mais 521) e os casos recuperados mant\u00e9m-se nos 610.<\/p>\n<p><img loading=\"lazy\" decoding=\"async\" class=\"size-full wp-image-18631 aligncenter\" src=\"https:\/\/www.entroncamentoonline.pt\/portal\/wp-content\/uploads\/2020\/04\/COVID-19-5.jpg\" alt=\"\" width=\"666\" height=\"375\" \/><\/p>\n<div class=\"fb-background-color\">\n\t\t\t  <div \n\t\t\t  \tclass = \"fb-comments\" \n\t\t\t  \tdata-href = \"https:\/\/www.entroncamentoonline.pt\/portal\/entroncamento-regista-novo-caso-de-infecao-sendo-agora-8-os-casos-confirmados-com-covid-19-e-7-casos-em-vigilancia-ativa-1\/\"\n\t\t\t  \tdata-numposts = \"10\"\n\t\t\t  \tdata-lazy = \"true\"\n\t\t\t\tdata-colorscheme = \"light\"\n\t\t\t\tdata-order-by = \"social\"\n\t\t\t\tdata-mobile=true>\n\t\t\t  <\/div><\/div>\n\t\t  <style>\n\t\t    .fb-background-color {\n\t\t\t\tbackground:  !important;\n\t\t\t}\n\t\t\t.fb_iframe_widget_fluid_desktop iframe {\n\t\t\t    width: 100% !important;\n\t\t\t}\n\t\t  <\/style>\n\t\t  ","protected":false},"excerpt":{"rendered":"<p>Apesar de inicialmente ter sido anunciado a exist\u00eancia de mais um caso confirmado no Entroncamento, o mesmo n\u00e3o se veio a verificar. O ponto de situa\u00e7\u00e3o no Entroncamento realizado, \u00e0s 13h00, desta segunda-feira, dia 20 de abril, \u00e9 de 7 casos confirmados com o COVID-19 e 8 casos em vigil\u00e2ncia ativa. A C\u00e2mara Municipal do [&hellip;]<\/p>\n","protected":false},"author":1,"featured_media":18622,"comment_status":"open","ping_status":"closed","sticky":false,"template":"","format":"standard","meta":{"_acf_changed":false,"footnotes":""},"categories":[1],"tags":[],"class_list":{"0":"post-18621","1":"post","2":"type-post","3":"status-publish","4":"format-standard","5":"has-post-thumbnail","7":"category-sem-categoria"},"acf":[],"_links":{"self":[{"href":"https:\/\/www.entroncamentoonline.pt\/portal\/wp-json\/wp\/v2\/posts\/18621","targetHints":{"allow":["GET"]}}],"collection":[{"href":"https:\/\/www.entroncamentoonline.pt\/portal\/wp-json\/wp\/v2\/posts"}],"about":[{"href":"https:\/\/www.entroncamentoonline.pt\/portal\/wp-json\/wp\/v2\/types\/post"}],"author":[{"embeddable":true,"href":"https:\/\/www.entroncamentoonline.pt\/portal\/wp-json\/wp\/v2\/users\/1"}],"replies":[{"embeddable":true,"href":"https:\/\/www.entroncamentoonline.pt\/portal\/wp-json\/wp\/v2\/comments?post=18621"}],"version-history":[{"count":0,"href":"https:\/\/www.entroncamentoonline.pt\/portal\/wp-json\/wp\/v2\/posts\/18621\/revisions"}],"wp:featuredmedia":[{"embeddable":true,"href":"https:\/\/www.entroncamentoonline.pt\/portal\/wp-json\/wp\/v2\/media\/18622"}],"wp:attachment":[{"href":"https:\/\/www.entroncamentoonline.pt\/portal\/wp-json\/wp\/v2\/media?parent=18621"}],"wp:term":[{"taxonomy":"category","embeddable":true,"href":"https:\/\/www.entroncamentoonline.pt\/portal\/wp-json\/wp\/v2\/categories?post=18621"},{"taxonomy":"post_tag","embeddable":true,"href":"https:\/\/www.entroncamentoonline.pt\/portal\/wp-json\/wp\/v2\/tags?post=18621"}],"curies":[{"name":"wp","href":"https:\/\/api.w.org\/{rel}","templated":true}]}}