{"id":18544,"date":"2020-04-17T13:10:55","date_gmt":"2020-04-17T12:10:55","guid":{"rendered":"https:\/\/www.entroncamentoonline.pt\/portal\/?p=18544"},"modified":"2020-04-18T13:08:43","modified_gmt":"2020-04-18T12:08:43","slug":"entroncamento-mantem-os-6-casos-confirmados-com-covid-19-e-os-7-casos-em-vigilancia-ativa-1","status":"publish","type":"post","link":"https:\/\/www.entroncamentoonline.pt\/portal\/entroncamento-mantem-os-6-casos-confirmados-com-covid-19-e-os-7-casos-em-vigilancia-ativa-1\/","title":{"rendered":"Entroncamento mant\u00e9m os 6 casos confirmados com COVID-19 e os casos em vigil\u00e2ncia ativa s\u00e3o agora 8"},"content":{"rendered":"<p>O ponto de situa\u00e7\u00e3o no Entroncamento realizado, \u00e0s 13h00, desta sexta-feira, dia 17 de abril, \u00e9 de 6 casos confirmados com o COVID-19 e 8 casos em vigil\u00e2ncia ativa.<\/p>\n<p>A C\u00e2mara Municipal do Entroncamento e o Servi\u00e7o Municipal de Prote\u00e7\u00e3o Civil fazem diariamente o ponto de situa\u00e7\u00e3o em rela\u00e7\u00e3o \u00e0 pandemia do Covid-19, no concelho do Entroncamento.<\/p>\n<figure id=\"attachment_18550\" aria-describedby=\"caption-attachment-18550\" style=\"width: 420px\" class=\"wp-caption aligncenter\"><img loading=\"lazy\" decoding=\"async\" class=\"size-full wp-image-18550\" src=\"https:\/\/www.entroncamentoonline.pt\/portal\/wp-content\/uploads\/2020\/04\/SitConcEntroncamento-11.jpg\" alt=\"\" width=\"420\" height=\"102\" \/><figcaption id=\"caption-attachment-18550\" class=\"wp-caption-text\">Legenda: Casos Confirmados \u2013 Caso que tenha sido validado pelo SNS\/DGS e pelo M\u00e9dico da LAM; Casos em Vigil\u00e2ncia Ativa \u2013 Caso em Monitoriza\u00e7\u00e3o Di\u00e1ria pela Autoridade de Sa\u00fade (AS) durante 14 dias (o per\u00edodo m\u00e1ximo de incuba\u00e7\u00e3o da doen\u00e7a desde a data da \u00faltima exposi\u00e7\u00e3o; Casos em Vigil\u00e2ncia Passiva \u2013 Caso que a Monitoriza\u00e7\u00e3o \u00e9 feita pelo Pr\u00f3prio, durante 14 dias desde a \u00faltima exposi\u00e7\u00e3o. *N\u00ba de pessoas atualmente em vigil\u00e2ncia ativa<\/figcaption><\/figure>\n<p>A situa\u00e7\u00e3o no ACES do MT pelas 16h20, desta sexta-feira, dia 17 de abril, era a seguinte:<\/p>\n<p><img loading=\"lazy\" decoding=\"async\" class=\"size-full wp-image-18562 aligncenter\" src=\"https:\/\/www.entroncamentoonline.pt\/portal\/wp-content\/uploads\/2020\/04\/ACESMT-1.jpg\" alt=\"\" width=\"393\" height=\"368\" \/><\/p>\n<p>A n\u00edvel nacional o n\u00famero de mortos subiu para 657, mais 28 do que ontem (anteriormente mais 30), os infetados s\u00e3o agora 19022 mais 181 que ontem (anteriormente mais 750) e os casos recuperados s\u00e3o agora 519 mais 26.<\/p>\n<p><img loading=\"lazy\" decoding=\"async\" class=\"size-full wp-image-18545 aligncenter\" src=\"https:\/\/www.entroncamentoonline.pt\/portal\/wp-content\/uploads\/2020\/04\/COVID-19-1.jpg\" alt=\"\" width=\"666\" height=\"375\" \/><\/p>\n<div class=\"fb-background-color\">\n\t\t\t  <div \n\t\t\t  \tclass = \"fb-comments\" \n\t\t\t  \tdata-href = \"https:\/\/www.entroncamentoonline.pt\/portal\/entroncamento-mantem-os-6-casos-confirmados-com-covid-19-e-os-7-casos-em-vigilancia-ativa-1\/\"\n\t\t\t  \tdata-numposts = \"10\"\n\t\t\t  \tdata-lazy = \"true\"\n\t\t\t\tdata-colorscheme = \"light\"\n\t\t\t\tdata-order-by = \"social\"\n\t\t\t\tdata-mobile=true>\n\t\t\t  <\/div><\/div>\n\t\t  <style>\n\t\t    .fb-background-color {\n\t\t\t\tbackground:  !important;\n\t\t\t}\n\t\t\t.fb_iframe_widget_fluid_desktop iframe {\n\t\t\t    width: 100% !important;\n\t\t\t}\n\t\t  <\/style>\n\t\t  ","protected":false},"excerpt":{"rendered":"<p>O ponto de situa\u00e7\u00e3o no Entroncamento realizado, \u00e0s 13h00, desta sexta-feira, dia 17 de abril, \u00e9 de 6 casos confirmados com o COVID-19 e 8 casos em vigil\u00e2ncia ativa. A C\u00e2mara Municipal do Entroncamento e o Servi\u00e7o Municipal de Prote\u00e7\u00e3o Civil fazem diariamente o ponto de situa\u00e7\u00e3o em rela\u00e7\u00e3o \u00e0 pandemia do Covid-19, no concelho [&hellip;]<\/p>\n","protected":false},"author":1,"featured_media":18547,"comment_status":"open","ping_status":"closed","sticky":false,"template":"","format":"standard","meta":{"_acf_changed":false,"footnotes":""},"categories":[1],"tags":[],"class_list":{"0":"post-18544","1":"post","2":"type-post","3":"status-publish","4":"format-standard","5":"has-post-thumbnail","7":"category-sem-categoria"},"acf":[],"_links":{"self":[{"href":"https:\/\/www.entroncamentoonline.pt\/portal\/wp-json\/wp\/v2\/posts\/18544","targetHints":{"allow":["GET"]}}],"collection":[{"href":"https:\/\/www.entroncamentoonline.pt\/portal\/wp-json\/wp\/v2\/posts"}],"about":[{"href":"https:\/\/www.entroncamentoonline.pt\/portal\/wp-json\/wp\/v2\/types\/post"}],"author":[{"embeddable":true,"href":"https:\/\/www.entroncamentoonline.pt\/portal\/wp-json\/wp\/v2\/users\/1"}],"replies":[{"embeddable":true,"href":"https:\/\/www.entroncamentoonline.pt\/portal\/wp-json\/wp\/v2\/comments?post=18544"}],"version-history":[{"count":0,"href":"https:\/\/www.entroncamentoonline.pt\/portal\/wp-json\/wp\/v2\/posts\/18544\/revisions"}],"wp:featuredmedia":[{"embeddable":true,"href":"https:\/\/www.entroncamentoonline.pt\/portal\/wp-json\/wp\/v2\/media\/18547"}],"wp:attachment":[{"href":"https:\/\/www.entroncamentoonline.pt\/portal\/wp-json\/wp\/v2\/media?parent=18544"}],"wp:term":[{"taxonomy":"category","embeddable":true,"href":"https:\/\/www.entroncamentoonline.pt\/portal\/wp-json\/wp\/v2\/categories?post=18544"},{"taxonomy":"post_tag","embeddable":true,"href":"https:\/\/www.entroncamentoonline.pt\/portal\/wp-json\/wp\/v2\/tags?post=18544"}],"curies":[{"name":"wp","href":"https:\/\/api.w.org\/{rel}","templated":true}]}}