{"id":18357,"date":"2020-04-11T12:28:12","date_gmt":"2020-04-11T11:28:12","guid":{"rendered":"https:\/\/www.entroncamentoonline.pt\/portal\/?p=18357"},"modified":"2020-04-12T12:56:08","modified_gmt":"2020-04-12T11:56:08","slug":"entroncamento-continua-com-3-casos-confirmados-e-6-casos-em-vigilancia-ativa","status":"publish","type":"post","link":"https:\/\/www.entroncamentoonline.pt\/portal\/entroncamento-continua-com-3-casos-confirmados-e-6-casos-em-vigilancia-ativa\/","title":{"rendered":"Entroncamento continua com 3 casos confirmados c\/ COVID19 e 6 casos em vigil\u00e2ncia ativa"},"content":{"rendered":"<p>O ponto de situa\u00e7\u00e3o no Entroncamento realizado, \u00e0s 12h20, deste s\u00e1bado, dia 11 de abril, continua a registar 3 casos confirmados com Covid19 e de 6 casos em vigil\u00e2ncia ativa.<\/p>\n<p>Os tr\u00eas casos confirmados de infetados com o COVID-19 dizem respeito a um imigrante que reside sozinho, a uma mulher e a uma crian\u00e7a, estando todos est\u00e1veis e confinados \u00e0 sua resid\u00eancia em isolamento.<\/p>\n<p>A C\u00e2mara Municipal do Entroncamento e o Servi\u00e7o Municipal de Prote\u00e7\u00e3o Civil fazem diariamente o ponto de situa\u00e7\u00e3o em rela\u00e7\u00e3o \u00e0 pandemia do Covid-19, no concelho do Entroncamento.<\/p>\n<figure id=\"attachment_18326\" aria-describedby=\"caption-attachment-18326\" style=\"width: 420px\" class=\"wp-caption aligncenter\"><img loading=\"lazy\" decoding=\"async\" class=\"wp-image-18326 size-full\" src=\"https:\/\/www.entroncamentoonline.pt\/portal\/wp-content\/uploads\/2020\/04\/SitConcEntroncamento-8.jpg\" alt=\"\" width=\"420\" height=\"102\" \/><figcaption id=\"caption-attachment-18326\" class=\"wp-caption-text\">Legenda: Casos Confirmados \u2013 Caso que tenha sido validado pelo SNS\/DGS e pelo M\u00e9dico da LAM; Casos em Vigil\u00e2ncia Ativa \u2013 Caso em Monitoriza\u00e7\u00e3o Di\u00e1ria pela Autoridade de Sa\u00fade (AS) durante 14 dias (o per\u00edodo m\u00e1ximo de incuba\u00e7\u00e3o da doen\u00e7a desde a data da \u00faltima exposi\u00e7\u00e3o; Casos em Vigil\u00e2ncia Passiva \u2013 Caso que a Monitoriza\u00e7\u00e3o \u00e9 feita pelo Pr\u00f3prio, durante 14 dias desde a \u00faltima exposi\u00e7\u00e3o. *N\u00ba de pessoas atualmente em vigil\u00e2ncia ativa<\/figcaption><\/figure>\n<p>A n\u00edvel nacional o n\u00famero de mortos subiu para 470, mais 35 do que ontem (anteriormente mais 26), os infetados s\u00e3o agora 15987 mais 515 que ontem (anteriormente mais 1516 ) e os casos recuperados s\u00e3o agora 266.<\/p>\n<p><img loading=\"lazy\" decoding=\"async\" class=\"size-full wp-image-18365 aligncenter\" src=\"https:\/\/www.entroncamentoonline.pt\/portal\/wp-content\/uploads\/2020\/04\/Covid19.2.jpg\" alt=\"\" width=\"666\" height=\"375\" \/><\/p>\n<div class=\"fb-background-color\">\n\t\t\t  <div \n\t\t\t  \tclass = \"fb-comments\" \n\t\t\t  \tdata-href = \"https:\/\/www.entroncamentoonline.pt\/portal\/entroncamento-continua-com-3-casos-confirmados-e-6-casos-em-vigilancia-ativa\/\"\n\t\t\t  \tdata-numposts = \"10\"\n\t\t\t  \tdata-lazy = \"true\"\n\t\t\t\tdata-colorscheme = \"light\"\n\t\t\t\tdata-order-by = \"social\"\n\t\t\t\tdata-mobile=true>\n\t\t\t  <\/div><\/div>\n\t\t  <style>\n\t\t    .fb-background-color {\n\t\t\t\tbackground:  !important;\n\t\t\t}\n\t\t\t.fb_iframe_widget_fluid_desktop iframe {\n\t\t\t    width: 100% !important;\n\t\t\t}\n\t\t  <\/style>\n\t\t  ","protected":false},"excerpt":{"rendered":"<p>O ponto de situa\u00e7\u00e3o no Entroncamento realizado, \u00e0s 12h20, deste s\u00e1bado, dia 11 de abril, continua a registar 3 casos confirmados com Covid19 e de 6 casos em vigil\u00e2ncia ativa. Os tr\u00eas casos confirmados de infetados com o COVID-19 dizem respeito a um imigrante que reside sozinho, a uma mulher e a uma crian\u00e7a, estando [&hellip;]<\/p>\n","protected":false},"author":1,"featured_media":18358,"comment_status":"open","ping_status":"closed","sticky":false,"template":"","format":"standard","meta":{"_acf_changed":false,"footnotes":""},"categories":[1],"tags":[],"class_list":{"0":"post-18357","1":"post","2":"type-post","3":"status-publish","4":"format-standard","5":"has-post-thumbnail","7":"category-sem-categoria"},"acf":[],"_links":{"self":[{"href":"https:\/\/www.entroncamentoonline.pt\/portal\/wp-json\/wp\/v2\/posts\/18357","targetHints":{"allow":["GET"]}}],"collection":[{"href":"https:\/\/www.entroncamentoonline.pt\/portal\/wp-json\/wp\/v2\/posts"}],"about":[{"href":"https:\/\/www.entroncamentoonline.pt\/portal\/wp-json\/wp\/v2\/types\/post"}],"author":[{"embeddable":true,"href":"https:\/\/www.entroncamentoonline.pt\/portal\/wp-json\/wp\/v2\/users\/1"}],"replies":[{"embeddable":true,"href":"https:\/\/www.entroncamentoonline.pt\/portal\/wp-json\/wp\/v2\/comments?post=18357"}],"version-history":[{"count":0,"href":"https:\/\/www.entroncamentoonline.pt\/portal\/wp-json\/wp\/v2\/posts\/18357\/revisions"}],"wp:featuredmedia":[{"embeddable":true,"href":"https:\/\/www.entroncamentoonline.pt\/portal\/wp-json\/wp\/v2\/media\/18358"}],"wp:attachment":[{"href":"https:\/\/www.entroncamentoonline.pt\/portal\/wp-json\/wp\/v2\/media?parent=18357"}],"wp:term":[{"taxonomy":"category","embeddable":true,"href":"https:\/\/www.entroncamentoonline.pt\/portal\/wp-json\/wp\/v2\/categories?post=18357"},{"taxonomy":"post_tag","embeddable":true,"href":"https:\/\/www.entroncamentoonline.pt\/portal\/wp-json\/wp\/v2\/tags?post=18357"}],"curies":[{"name":"wp","href":"https:\/\/api.w.org\/{rel}","templated":true}]}}