{"id":18192,"date":"2020-04-06T13:41:00","date_gmt":"2020-04-06T12:41:00","guid":{"rendered":"https:\/\/www.entroncamentoonline.pt\/portal\/?p=18192"},"modified":"2020-04-07T13:24:16","modified_gmt":"2020-04-07T12:24:16","slug":"ponto-da-situacao-as-13-horas-de-6-4-entroncamento-regista-2-casos-de-infecao-e-7-casos-em-vigilancia-ativa","status":"publish","type":"post","link":"https:\/\/www.entroncamentoonline.pt\/portal\/ponto-da-situacao-as-13-horas-de-6-4-entroncamento-regista-2-casos-de-infecao-e-7-casos-em-vigilancia-ativa\/","title":{"rendered":"Ponto da situa\u00e7\u00e3o \u00e0s 13 horas de 6\/4 | Entroncamento regista 2 casos de infe\u00e7\u00e3o e 7 casos em vigil\u00e2ncia ativa"},"content":{"rendered":"<p>O ponto de situa\u00e7\u00e3o no Entroncamento realizado, \u00e0s 13h00, desta segunda-feira, dia 6 de abril \u00e9 de 2 casos confirmados com Covid19 e de 7 casos em vigil\u00e2ncia ativa.<\/p>\n<p>O segundo caso de infe\u00e7\u00e3o com o Covid19 est\u00e1 est\u00e1vel e isolado em casa, n\u00e3o estando o resto da fam\u00edlia infetada.<\/p>\n<p>A C\u00e2mara Municipal do Entroncamento e o Servi\u00e7o Municipal de Prote\u00e7\u00e3o Civil fazem diariamente o ponto de situa\u00e7\u00e3o em rela\u00e7\u00e3o \u00e0 pandemia do Covid-19, no concelho do Entroncamento.<\/p>\n<figure id=\"attachment_18193\" aria-describedby=\"caption-attachment-18193\" style=\"width: 362px\" class=\"wp-caption aligncenter\"><img loading=\"lazy\" decoding=\"async\" class=\"wp-image-18193 size-full\" src=\"https:\/\/www.entroncamentoonline.pt\/portal\/wp-content\/uploads\/2020\/04\/SitConcEntroncamento-4.jpg\" alt=\"\" width=\"362\" height=\"102\" \/><figcaption id=\"caption-attachment-18193\" class=\"wp-caption-text\">Legenda: Casos Confirmados \u2013 Caso que tenha sido validado pelo SNS\/DGS e pelo M\u00e9dico da LAM; Casos em Vigil\u00e2ncia Ativa \u2013 Caso em Monitoriza\u00e7\u00e3o Di\u00e1ria pela Autoridade de Sa\u00fade (AS) durante 14 dias (o per\u00edodo m\u00e1ximo de incuba\u00e7\u00e3o da doen\u00e7a desde a data da \u00faltima exposi\u00e7\u00e3o; Casos em Vigil\u00e2ncia Passiva \u2013 Caso que a Monitoriza\u00e7\u00e3o \u00e9 feita pelo Pr\u00f3prio, durante 14 dias desde a \u00faltima exposi\u00e7\u00e3o. *N\u00ba de pessoas atualmente em vigil\u00e2ncia ativa<\/figcaption><\/figure>\n<p>Situa\u00e7\u00e3o no M\u00e9dio Tejo \u00e0s 17h55 desta segunda-feira, dia 6 de abril.<\/p>\n<p><img loading=\"lazy\" decoding=\"async\" class=\"size-full wp-image-18232 aligncenter\" src=\"https:\/\/www.entroncamentoonline.pt\/portal\/wp-content\/uploads\/2020\/04\/ACES-9.jpg\" alt=\"\" width=\"397\" height=\"342\" \/><\/p>\n<p>A n\u00edvel nacional o n\u00famero de mortos subiu para 311, mais 16 do que ontem (anteriormente mais 29), os infetados s\u00e3o agora 11730 mais 452 que ontem (anteriormente mais 754) e os casos recuperados quase que duplicou, sendo agora 140.<\/p>\n<div class=\"fb-background-color\">\n\t\t\t  <div \n\t\t\t  \tclass = \"fb-comments\" \n\t\t\t  \tdata-href = \"https:\/\/www.entroncamentoonline.pt\/portal\/ponto-da-situacao-as-13-horas-de-6-4-entroncamento-regista-2-casos-de-infecao-e-7-casos-em-vigilancia-ativa\/\"\n\t\t\t  \tdata-numposts = \"10\"\n\t\t\t  \tdata-lazy = \"true\"\n\t\t\t\tdata-colorscheme = \"light\"\n\t\t\t\tdata-order-by = \"social\"\n\t\t\t\tdata-mobile=true>\n\t\t\t  <\/div><\/div>\n\t\t  <style>\n\t\t    .fb-background-color {\n\t\t\t\tbackground:  !important;\n\t\t\t}\n\t\t\t.fb_iframe_widget_fluid_desktop iframe {\n\t\t\t    width: 100% !important;\n\t\t\t}\n\t\t  <\/style>\n\t\t  ","protected":false},"excerpt":{"rendered":"<p>O ponto de situa\u00e7\u00e3o no Entroncamento realizado, \u00e0s 13h00, desta segunda-feira, dia 6 de abril \u00e9 de 2 casos confirmados com Covid19 e de 7 casos em vigil\u00e2ncia ativa. O segundo caso de infe\u00e7\u00e3o com o Covid19 est\u00e1 est\u00e1vel e isolado em casa, n\u00e3o estando o resto da fam\u00edlia infetada. A C\u00e2mara Municipal do Entroncamento [&hellip;]<\/p>\n","protected":false},"author":1,"featured_media":18195,"comment_status":"open","ping_status":"closed","sticky":false,"template":"","format":"standard","meta":{"_acf_changed":false,"footnotes":""},"categories":[1],"tags":[],"class_list":{"0":"post-18192","1":"post","2":"type-post","3":"status-publish","4":"format-standard","5":"has-post-thumbnail","7":"category-sem-categoria"},"acf":[],"_links":{"self":[{"href":"https:\/\/www.entroncamentoonline.pt\/portal\/wp-json\/wp\/v2\/posts\/18192","targetHints":{"allow":["GET"]}}],"collection":[{"href":"https:\/\/www.entroncamentoonline.pt\/portal\/wp-json\/wp\/v2\/posts"}],"about":[{"href":"https:\/\/www.entroncamentoonline.pt\/portal\/wp-json\/wp\/v2\/types\/post"}],"author":[{"embeddable":true,"href":"https:\/\/www.entroncamentoonline.pt\/portal\/wp-json\/wp\/v2\/users\/1"}],"replies":[{"embeddable":true,"href":"https:\/\/www.entroncamentoonline.pt\/portal\/wp-json\/wp\/v2\/comments?post=18192"}],"version-history":[{"count":0,"href":"https:\/\/www.entroncamentoonline.pt\/portal\/wp-json\/wp\/v2\/posts\/18192\/revisions"}],"wp:featuredmedia":[{"embeddable":true,"href":"https:\/\/www.entroncamentoonline.pt\/portal\/wp-json\/wp\/v2\/media\/18195"}],"wp:attachment":[{"href":"https:\/\/www.entroncamentoonline.pt\/portal\/wp-json\/wp\/v2\/media?parent=18192"}],"wp:term":[{"taxonomy":"category","embeddable":true,"href":"https:\/\/www.entroncamentoonline.pt\/portal\/wp-json\/wp\/v2\/categories?post=18192"},{"taxonomy":"post_tag","embeddable":true,"href":"https:\/\/www.entroncamentoonline.pt\/portal\/wp-json\/wp\/v2\/tags?post=18192"}],"curies":[{"name":"wp","href":"https:\/\/api.w.org\/{rel}","templated":true}]}}