{"id":18108,"date":"2020-04-04T13:26:14","date_gmt":"2020-04-04T12:26:14","guid":{"rendered":"https:\/\/www.entroncamentoonline.pt\/portal\/?p=18108"},"modified":"2020-04-05T13:54:45","modified_gmt":"2020-04-05T12:54:45","slug":"ponto-da-situacao-as-13-horas-de-4-4-entroncamento-continua-sem-casos-confirmados-e-casos-em-vigilancia-ativa-sao-agora-3","status":"publish","type":"post","link":"https:\/\/www.entroncamentoonline.pt\/portal\/ponto-da-situacao-as-13-horas-de-4-4-entroncamento-continua-sem-casos-confirmados-e-casos-em-vigilancia-ativa-sao-agora-3\/","title":{"rendered":"Ponto da situa\u00e7\u00e3o \u00e0s 13 horas de 4\/4 | Entroncamento continua sem casos confirmados e casos em vigil\u00e2ncia ativa s\u00e3o agora 3"},"content":{"rendered":"<p>O ponto de situa\u00e7\u00e3o no Entroncamento realizado, \u00e0s 13h00, deste s\u00e1bado, dia 4 de abril \u00e9 de zero casos confirmados e 3 casos em vigil\u00e2ncia ativa.<\/p>\n<p>A C\u00e2mara Municipal do Entroncamento e o Servi\u00e7o Municipal de Prote\u00e7\u00e3o Civil fazem diariamente o ponto de situa\u00e7\u00e3o em rela\u00e7\u00e3o \u00e0 pandemia do Covid-19, no concelho do Entroncamento.<\/p>\n<figure id=\"attachment_18109\" aria-describedby=\"caption-attachment-18109\" style=\"width: 362px\" class=\"wp-caption aligncenter\"><img loading=\"lazy\" decoding=\"async\" class=\"wp-image-18109 size-full\" src=\"https:\/\/www.entroncamentoonline.pt\/portal\/wp-content\/uploads\/2020\/04\/SitConcEntroncamento-2.jpg\" alt=\"\" width=\"362\" height=\"102\" \/><figcaption id=\"caption-attachment-18109\" class=\"wp-caption-text\">Legenda: Casos Confirmados \u2013 Caso que tenha sido validado pelo SNS\/DGS e pelo M\u00e9dico da LAM; Casos em Vigil\u00e2ncia Ativa \u2013 Caso em Monitoriza\u00e7\u00e3o Di\u00e1ria pela Autoridade de Sa\u00fade (AS) durante 14 dias (o per\u00edodo m\u00e1ximo de incuba\u00e7\u00e3o da doen\u00e7a desde a data da \u00faltima exposi\u00e7\u00e3o; Casos em Vigil\u00e2ncia Passiva \u2013 Caso que a Monitoriza\u00e7\u00e3o \u00e9 feita pelo Pr\u00f3prio, durante 14 dias desde a \u00faltima exposi\u00e7\u00e3o.<\/figcaption><\/figure>\n<p>N\u00fameros no M\u00e9dio Tejo \u00e0s 17h deste s\u00e1bado, dia 4 de abril.<\/p>\n<p><img loading=\"lazy\" decoding=\"async\" class=\"size-full wp-image-18137 aligncenter\" src=\"https:\/\/www.entroncamentoonline.pt\/portal\/wp-content\/uploads\/2020\/04\/ACES-4.jpg\" alt=\"\" width=\"324\" height=\"322\" \/><\/p>\n<p>Continua a diverg\u00eancia entre os n\u00fameros divulgados pela C\u00e2mara Municipal do Entroncamento, para os casos em vigil\u00e2ncia ativa e os divulgados pela ACES M\u00e9dio Tejo.<\/p>\n<p>Jorge Faria, Presidente da C\u00e2mara Municipal do Entroncamento apresentou a justifica\u00e7\u00e3o que lhe deram e que teria a ver com o facto da ACES do M\u00e9dio Tejo apresentar o total de suspeitos que estiveram em vigil\u00e2ncia ativa e a CME\/SMPC, contabilizarem os suspeitos atualmente em vigil\u00e2ncia e n\u00e3o os que j\u00e1 estiveram.<\/p>\n<p>O EOL contactou a ACES M\u00e9dio Tejo, mas at\u00e9 ao momento n\u00e3o obteve qualquer resposta.<\/p>\n<p>A n\u00edvel nacional o n\u00famero de mortos subiu para 266, mais 20 do que ontem (anteriormente mais 37), os infetados s\u00e3o agora 10524 mais 628 que ontem (anteriormente mais 862) e os casos recuperados s\u00e3o agora 75.<\/p>\n<div class=\"fb-background-color\">\n\t\t\t  <div \n\t\t\t  \tclass = \"fb-comments\" \n\t\t\t  \tdata-href = \"https:\/\/www.entroncamentoonline.pt\/portal\/ponto-da-situacao-as-13-horas-de-4-4-entroncamento-continua-sem-casos-confirmados-e-casos-em-vigilancia-ativa-sao-agora-3\/\"\n\t\t\t  \tdata-numposts = \"10\"\n\t\t\t  \tdata-lazy = \"true\"\n\t\t\t\tdata-colorscheme = \"light\"\n\t\t\t\tdata-order-by = \"social\"\n\t\t\t\tdata-mobile=true>\n\t\t\t  <\/div><\/div>\n\t\t  <style>\n\t\t    .fb-background-color {\n\t\t\t\tbackground:  !important;\n\t\t\t}\n\t\t\t.fb_iframe_widget_fluid_desktop iframe {\n\t\t\t    width: 100% !important;\n\t\t\t}\n\t\t  <\/style>\n\t\t  ","protected":false},"excerpt":{"rendered":"<p>O ponto de situa\u00e7\u00e3o no Entroncamento realizado, \u00e0s 13h00, deste s\u00e1bado, dia 4 de abril \u00e9 de zero casos confirmados e 3 casos em vigil\u00e2ncia ativa. A C\u00e2mara Municipal do Entroncamento e o Servi\u00e7o Municipal de Prote\u00e7\u00e3o Civil fazem diariamente o ponto de situa\u00e7\u00e3o em rela\u00e7\u00e3o \u00e0 pandemia do Covid-19, no concelho do Entroncamento. N\u00fameros [&hellip;]<\/p>\n","protected":false},"author":1,"featured_media":18110,"comment_status":"open","ping_status":"closed","sticky":false,"template":"","format":"standard","meta":{"_acf_changed":false,"footnotes":""},"categories":[1],"tags":[],"class_list":{"0":"post-18108","1":"post","2":"type-post","3":"status-publish","4":"format-standard","5":"has-post-thumbnail","7":"category-sem-categoria"},"acf":[],"_links":{"self":[{"href":"https:\/\/www.entroncamentoonline.pt\/portal\/wp-json\/wp\/v2\/posts\/18108","targetHints":{"allow":["GET"]}}],"collection":[{"href":"https:\/\/www.entroncamentoonline.pt\/portal\/wp-json\/wp\/v2\/posts"}],"about":[{"href":"https:\/\/www.entroncamentoonline.pt\/portal\/wp-json\/wp\/v2\/types\/post"}],"author":[{"embeddable":true,"href":"https:\/\/www.entroncamentoonline.pt\/portal\/wp-json\/wp\/v2\/users\/1"}],"replies":[{"embeddable":true,"href":"https:\/\/www.entroncamentoonline.pt\/portal\/wp-json\/wp\/v2\/comments?post=18108"}],"version-history":[{"count":0,"href":"https:\/\/www.entroncamentoonline.pt\/portal\/wp-json\/wp\/v2\/posts\/18108\/revisions"}],"wp:featuredmedia":[{"embeddable":true,"href":"https:\/\/www.entroncamentoonline.pt\/portal\/wp-json\/wp\/v2\/media\/18110"}],"wp:attachment":[{"href":"https:\/\/www.entroncamentoonline.pt\/portal\/wp-json\/wp\/v2\/media?parent=18108"}],"wp:term":[{"taxonomy":"category","embeddable":true,"href":"https:\/\/www.entroncamentoonline.pt\/portal\/wp-json\/wp\/v2\/categories?post=18108"},{"taxonomy":"post_tag","embeddable":true,"href":"https:\/\/www.entroncamentoonline.pt\/portal\/wp-json\/wp\/v2\/tags?post=18108"}],"curies":[{"name":"wp","href":"https:\/\/api.w.org\/{rel}","templated":true}]}}