{"id":18019,"date":"2020-04-01T18:51:25","date_gmt":"2020-04-01T17:51:25","guid":{"rendered":"https:\/\/www.entroncamentoonline.pt\/portal\/?p=18019"},"modified":"2020-04-01T18:51:25","modified_gmt":"2020-04-01T17:51:25","slug":"feira-nacional-de-agricultura-feira-do-ribatejo-cancelada","status":"publish","type":"post","link":"https:\/\/www.entroncamentoonline.pt\/portal\/feira-nacional-de-agricultura-feira-do-ribatejo-cancelada\/","title":{"rendered":"Feira Nacional de Agricultura \/ Feira do Ribatejo cancelada"},"content":{"rendered":"<p>Portugal e o mundo inteiro vivem hoje momentos dif\u00edceis e extraordin\u00e1rios devido \u00e0 pandemia Covid 19, uma situa\u00e7\u00e3o \u00e0 qual n\u00e3o \u00e9 alheio o CNEMA \u2013 Centro Nacional de Exposi\u00e7\u00f5es e Mercados Agr\u00edcolas, em Santar\u00e9m.<\/p>\n<p>Atendendo \u00e0s atuais condi\u00e7\u00f5es impostas pelo estado de emerg\u00eancia, devido \u00e0 Pandemia do Covid 19, que imp\u00f5em o cancelamento de atividades que envolvem grupos de pessoas e sendo o CNEMA uma entidade vocacionada para este tipo de iniciativas, o momento exige que se cumpram as medidas inerentes ao estado de emerg\u00eancia.<\/p>\n<p>Avaliando as condi\u00e7\u00f5es excepcionais e a incerteza das pr\u00f3ximas semanas decorrente do momento que vivemos, o Conselho de Administra\u00e7\u00e3o do CNEMA, numa decis\u00e3o dificil e in\u00e9dita, concluiu que n\u00e3o est\u00e3o reunidas as condi\u00e7\u00f5es para a realiza\u00e7\u00e3o da Feira Nacional de Agricultura \/ Feira do Ribatejo no pr\u00f3ximo m\u00eas de junho.<\/p>\n<p>Conscientes do impacto desta decis\u00e3o, em todos aqueles que nos apoiam com a sua presen\u00e7a, n\u00e3o podemos deixar de agradecer a patrocinadores, expositores, parceiros e visitantes pela confian\u00e7a que sempre demonstraram na FNA.<\/p>\n<p>Confiantes que, com a participa\u00e7\u00e3o de todos, seremos capazes de ultrapassar esta contrariedade, que inesperadamente surgiu, anunciamos que de 5 a 13 de junho de 2021 iremos realizar a Feira Nacional de Agricultura \/ Feira do Ribatejo, e que iremos dedicar toda a nossa energia para surpreender todos aqueles que nos visitarem no pr\u00f3ximo ano.<\/p>\n<div class=\"fb-background-color\">\n\t\t\t  <div \n\t\t\t  \tclass = \"fb-comments\" \n\t\t\t  \tdata-href = \"https:\/\/www.entroncamentoonline.pt\/portal\/feira-nacional-de-agricultura-feira-do-ribatejo-cancelada\/\"\n\t\t\t  \tdata-numposts = \"10\"\n\t\t\t  \tdata-lazy = \"true\"\n\t\t\t\tdata-colorscheme = \"light\"\n\t\t\t\tdata-order-by = \"social\"\n\t\t\t\tdata-mobile=true>\n\t\t\t  <\/div><\/div>\n\t\t  <style>\n\t\t    .fb-background-color {\n\t\t\t\tbackground:  !important;\n\t\t\t}\n\t\t\t.fb_iframe_widget_fluid_desktop iframe {\n\t\t\t    width: 100% !important;\n\t\t\t}\n\t\t  <\/style>\n\t\t  ","protected":false},"excerpt":{"rendered":"<p>Portugal e o mundo inteiro vivem hoje momentos dif\u00edceis e extraordin\u00e1rios devido \u00e0 pandemia Covid 19, uma situa\u00e7\u00e3o \u00e0 qual n\u00e3o \u00e9 alheio o CNEMA \u2013 Centro Nacional de Exposi\u00e7\u00f5es e Mercados Agr\u00edcolas, em Santar\u00e9m. Atendendo \u00e0s atuais condi\u00e7\u00f5es impostas pelo estado de emerg\u00eancia, devido \u00e0 Pandemia do Covid 19, que imp\u00f5em o cancelamento de [&hellip;]<\/p>\n","protected":false},"author":1,"featured_media":15469,"comment_status":"open","ping_status":"closed","sticky":false,"template":"","format":"standard","meta":{"_acf_changed":false,"footnotes":""},"categories":[71],"tags":[],"class_list":{"0":"post-18019","1":"post","2":"type-post","3":"status-publish","4":"format-standard","5":"has-post-thumbnail","7":"category-outras-noticias"},"acf":[],"_links":{"self":[{"href":"https:\/\/www.entroncamentoonline.pt\/portal\/wp-json\/wp\/v2\/posts\/18019","targetHints":{"allow":["GET"]}}],"collection":[{"href":"https:\/\/www.entroncamentoonline.pt\/portal\/wp-json\/wp\/v2\/posts"}],"about":[{"href":"https:\/\/www.entroncamentoonline.pt\/portal\/wp-json\/wp\/v2\/types\/post"}],"author":[{"embeddable":true,"href":"https:\/\/www.entroncamentoonline.pt\/portal\/wp-json\/wp\/v2\/users\/1"}],"replies":[{"embeddable":true,"href":"https:\/\/www.entroncamentoonline.pt\/portal\/wp-json\/wp\/v2\/comments?post=18019"}],"version-history":[{"count":0,"href":"https:\/\/www.entroncamentoonline.pt\/portal\/wp-json\/wp\/v2\/posts\/18019\/revisions"}],"wp:featuredmedia":[{"embeddable":true,"href":"https:\/\/www.entroncamentoonline.pt\/portal\/wp-json\/wp\/v2\/media\/15469"}],"wp:attachment":[{"href":"https:\/\/www.entroncamentoonline.pt\/portal\/wp-json\/wp\/v2\/media?parent=18019"}],"wp:term":[{"taxonomy":"category","embeddable":true,"href":"https:\/\/www.entroncamentoonline.pt\/portal\/wp-json\/wp\/v2\/categories?post=18019"},{"taxonomy":"post_tag","embeddable":true,"href":"https:\/\/www.entroncamentoonline.pt\/portal\/wp-json\/wp\/v2\/tags?post=18019"}],"curies":[{"name":"wp","href":"https:\/\/api.w.org\/{rel}","templated":true}]}}