{"id":17974,"date":"2020-03-31T13:39:59","date_gmt":"2020-03-31T12:39:59","guid":{"rendered":"https:\/\/www.entroncamentoonline.pt\/portal\/?p=17974"},"modified":"2020-03-31T19:54:06","modified_gmt":"2020-03-31T18:54:06","slug":"ponto-da-situacao-as-13-horas-de-31-3-entroncamento-regista-o-1o-caso-de-infecao-e-os-casos-em-vigilancia-ativa-sao-agora-3-1","status":"publish","type":"post","link":"https:\/\/www.entroncamentoonline.pt\/portal\/ponto-da-situacao-as-13-horas-de-31-3-entroncamento-regista-o-1o-caso-de-infecao-e-os-casos-em-vigilancia-ativa-sao-agora-3-1\/","title":{"rendered":"\u00daLTIMA HORA | Jorge Faria anuncia que o Entroncamento cont\u00ednua sem casos confirmados | Comunica\u00e7\u00e3o \u00e0 popula\u00e7\u00e3o dentro de minutos"},"content":{"rendered":"<p>O Presidente da C\u00e2mara Municipal do Entroncamento comunicou ao EOL, que afinal o caso suspeito comunicado \u00e0s 13 horas como 1\u00ba caso infetado, n\u00e3o se confirma e continua como caso em vigil\u00e2ncia ativa, prometendo uma comunica\u00e7\u00e3o em v\u00eddeo, aos mun\u00edcipes ainda durante a tarde, que publicaremos.<\/p>\n<hr \/>\n<p style=\"text-align: center;\"><strong>Ponto da situa\u00e7\u00e3o \u00e0s 13 horas de 31\/3 | Entroncamento regista o 1\u00ba caso de infe\u00e7\u00e3o e os casos em vigil\u00e2ncia ativa s\u00e3o agora 3<\/strong><\/p>\n<p>O ponto de situa\u00e7\u00e3o no Entroncamento realizado, \u00e0s 13h00, desta ter\u00e7a-feira, dia 31 de mar\u00e7o registava o 1\u00ba caso de infe\u00e7\u00e3o confirmado. Trata-se de um habitante do Entroncamento que regressou no dia 20 de mar\u00e7o de comboio e que at\u00e9 agora tem-se mantido isolado, encontrando-se est\u00e1vel. O n\u00famero de casos em vigil\u00e2ncia ativa \u00e9 hoje de 3.<\/p>\n<p>A C\u00e2mara Municipal do Entroncamento e o Servi\u00e7o Municipal de Prote\u00e7\u00e3o Civil fazem diariamente o ponto de situa\u00e7\u00e3o em rela\u00e7\u00e3o \u00e0 pandemia do Covid-19, no concelho do Entroncamento.<\/p>\n<figure id=\"attachment_17981\" aria-describedby=\"caption-attachment-17981\" style=\"width: 362px\" class=\"wp-caption aligncenter\"><img loading=\"lazy\" decoding=\"async\" class=\"size-full wp-image-17981\" src=\"https:\/\/www.entroncamentoonline.pt\/portal\/wp-content\/uploads\/2020\/03\/SitConcEntroncamento-3.jpg\" alt=\"\" width=\"362\" height=\"102\" \/><figcaption id=\"caption-attachment-17981\" class=\"wp-caption-text\">Legenda: Casos Confirmados \u2013 Caso que tenha sido validado pelo SNS\/DGS e pelo M\u00e9dico da LAM; Casos em Vigil\u00e2ncia Ativa \u2013 Caso em Monitoriza\u00e7\u00e3o Di\u00e1ria pela Autoridade de Sa\u00fade (AS) durante 14 dias (o per\u00edodo m\u00e1ximo de incuba\u00e7\u00e3o da doen\u00e7a desde a data da \u00faltima exposi\u00e7\u00e3o; Casos em Vigil\u00e2ncia Passiva \u2013 Caso que a Monitoriza\u00e7\u00e3o \u00e9 feita pelo Pr\u00f3prio, durante 14 dias desde a \u00faltima exposi\u00e7\u00e3o.<\/figcaption><\/figure>\n<p>N\u00fameros no M\u00e9dio Tejo \u00e0s 16h10 de segunda-feira, dia 30 de mar\u00e7o. Continua a diverg\u00eancia entre os n\u00fameros divulgados pela C\u00e2mara Municipal do Entroncamento, para os casos em vigil\u00e2ncia ativa e os divulgados pela ACES M\u00e9dio Tejo.<\/p>\n<p><img loading=\"lazy\" decoding=\"async\" class=\"size-full wp-image-17963 aligncenter\" src=\"https:\/\/www.entroncamentoonline.pt\/portal\/wp-content\/uploads\/2020\/03\/ACES-2.jpg\" alt=\"\" width=\"324\" height=\"322\" \/><\/p>\n<p>Jorge Faria, Presidente da C\u00e2mara Municipal do Entroncamento apresentou a justifica\u00e7\u00e3o que lhe deram e que teia a ver com o facto da ACES do M\u00e9dio Tejo apresentar o total de suspeitos que estiveram em vigil\u00e2ncia ativa e a CME\/SMPC, contabilizam os suspeitos atualmente em vigil\u00e2ncia e n\u00e3o os que j\u00e1 estiveram.<\/p>\n<p>O EOL contactou a ACES M\u00e9dio Tejo solicitando uma justifica\u00e7\u00e3o, mas at\u00e9 ao momento n\u00e3o foi dada.<\/p>\n<p>A n\u00edvel nacional o n\u00famero de mortos subiu para 160, mais 20 do que ontem (anteriormente mais 21), os infetados s\u00e3o agora 7443 mais 1035 que ontem (anteriormente mais 446) e os casos recuperados mant\u00e9m-se nos 43 h\u00e1 quatro dias.<\/p>\n<div class=\"fb-background-color\">\n\t\t\t  <div \n\t\t\t  \tclass = \"fb-comments\" \n\t\t\t  \tdata-href = \"https:\/\/www.entroncamentoonline.pt\/portal\/ponto-da-situacao-as-13-horas-de-31-3-entroncamento-regista-o-1o-caso-de-infecao-e-os-casos-em-vigilancia-ativa-sao-agora-3-1\/\"\n\t\t\t  \tdata-numposts = \"10\"\n\t\t\t  \tdata-lazy = \"true\"\n\t\t\t\tdata-colorscheme = \"light\"\n\t\t\t\tdata-order-by = \"social\"\n\t\t\t\tdata-mobile=true>\n\t\t\t  <\/div><\/div>\n\t\t  <style>\n\t\t    .fb-background-color {\n\t\t\t\tbackground:  !important;\n\t\t\t}\n\t\t\t.fb_iframe_widget_fluid_desktop iframe {\n\t\t\t    width: 100% !important;\n\t\t\t}\n\t\t  <\/style>\n\t\t  ","protected":false},"excerpt":{"rendered":"<p>O Presidente da C\u00e2mara Municipal do Entroncamento comunicou ao EOL, que afinal o caso suspeito comunicado \u00e0s 13 horas como 1\u00ba caso infetado, n\u00e3o se confirma e continua como caso em vigil\u00e2ncia ativa, prometendo uma comunica\u00e7\u00e3o em v\u00eddeo, aos mun\u00edcipes ainda durante a tarde, que publicaremos. Ponto da situa\u00e7\u00e3o \u00e0s 13 horas de 31\/3 | [&hellip;]<\/p>\n","protected":false},"author":1,"featured_media":17984,"comment_status":"open","ping_status":"closed","sticky":false,"template":"","format":"standard","meta":{"_acf_changed":false,"footnotes":""},"categories":[1],"tags":[],"class_list":{"0":"post-17974","1":"post","2":"type-post","3":"status-publish","4":"format-standard","5":"has-post-thumbnail","7":"category-sem-categoria"},"acf":[],"_links":{"self":[{"href":"https:\/\/www.entroncamentoonline.pt\/portal\/wp-json\/wp\/v2\/posts\/17974","targetHints":{"allow":["GET"]}}],"collection":[{"href":"https:\/\/www.entroncamentoonline.pt\/portal\/wp-json\/wp\/v2\/posts"}],"about":[{"href":"https:\/\/www.entroncamentoonline.pt\/portal\/wp-json\/wp\/v2\/types\/post"}],"author":[{"embeddable":true,"href":"https:\/\/www.entroncamentoonline.pt\/portal\/wp-json\/wp\/v2\/users\/1"}],"replies":[{"embeddable":true,"href":"https:\/\/www.entroncamentoonline.pt\/portal\/wp-json\/wp\/v2\/comments?post=17974"}],"version-history":[{"count":0,"href":"https:\/\/www.entroncamentoonline.pt\/portal\/wp-json\/wp\/v2\/posts\/17974\/revisions"}],"wp:featuredmedia":[{"embeddable":true,"href":"https:\/\/www.entroncamentoonline.pt\/portal\/wp-json\/wp\/v2\/media\/17984"}],"wp:attachment":[{"href":"https:\/\/www.entroncamentoonline.pt\/portal\/wp-json\/wp\/v2\/media?parent=17974"}],"wp:term":[{"taxonomy":"category","embeddable":true,"href":"https:\/\/www.entroncamentoonline.pt\/portal\/wp-json\/wp\/v2\/categories?post=17974"},{"taxonomy":"post_tag","embeddable":true,"href":"https:\/\/www.entroncamentoonline.pt\/portal\/wp-json\/wp\/v2\/tags?post=17974"}],"curies":[{"name":"wp","href":"https:\/\/api.w.org\/{rel}","templated":true}]}}